{"id":156718,"date":"2025-06-06T14:36:11","date_gmt":"2025-06-06T14:36:11","guid":{"rendered":"https:\/\/www.europesays.com\/fr\/156718\/"},"modified":"2025-06-06T14:36:11","modified_gmt":"2025-06-06T14:36:11","slug":"la-cmp-sur-la-loi-paris-lyon-marseille-le-17-juin-gerard-larcher-sy-oppose","status":"publish","type":"post","link":"https:\/\/www.europesays.com\/fr\/156718\/","title":{"rendered":"la CMP sur la loi Paris Lyon Marseille le 17 juin, G\u00e9rard Larcher s&rsquo;y oppose"},"content":{"rendered":"<p class=\"encartEssai__text\">Pour lire l&rsquo;int\u00e9gralit\u00e9 de cet article,<\/p>\n<p class=\"encartEssai__title\">abonnez-vous au Courrier des Maires &#8211; \u00e9dition Abonn\u00e9<\/p>\n<p>\n<strong>Le S\u00e9nat avait rejet\u00e9 le texte mardi 3 juin mais le Premier ministre tient \u00e0 ce que la loi r\u00e9formant le mode de scrutin \u00e0 Paris, Lyon et Marseille soit adopt\u00e9 : Fran\u00e7ois Bayrou a convoqu\u00e9 une commission mixte paritaire le 17 juin. De quoi susciter le courroux du pr\u00e9sident du S\u00e9nat, G\u00e9rard Larcher, qui, selon les informations du Parisien, a \u00e9crit au locataire de Matignon pour lui demander de temporiser, a minima&#8230;<\/strong><\/p>\n<p>\nLe <a href=\"https:\/\/www.courrierdesmaires.fr\/article\/municipales-2026-le-senat-rejette-la-reforme-du-mode-de-scrutin-a-paris-lyon-et-marseille.58989\" target=\"_blank\" rel=\"noopener\">rejet massif par les s\u00e9nateurs de la loi r\u00e9formant le scrutin des municipales \u00e0 Paris, Lyon et Marseille mardi 3 juin<\/a> n&rsquo;y a rien fait : le Gouvernement\u00a0 a convoqu\u00e9 une commission mixte paritaire pour le 17 juin afin de mettre d&rsquo;accord s\u00e9nateurs et d<a href=\"https:\/\/www.courrierdesmaires.fr\/article\/municipales-2026-la-reforme-du-scrutin-a-paris-lyon-et-marseille-retoquee-en-commission-au-senat.58928\" target=\"_blank\" rel=\"noopener\">\u00e9put\u00e9s, qui, eux avaient, adopt\u00e9 le texte fin mai<\/a>.\u00a0<\/p>\n<p>\nUne initiative qui n&rsquo;a pas \u00e9t\u00e9 du go\u00fbt du pr\u00e9sident du S\u00e9nat, G\u00e9rard Larcher, \u00e0 en croire l<a href=\"https:\/\/www.leparisien.fr\/politique\/gerard-larcher-affiche-son-desaccord-avec-francois-bayrou-sur-la-loi-plm-06-06-2025-CBVIFMMAPVCARNMEC7THKXQACU.php\" target=\"_blank\" rel=\"noopener\">e courrier adress\u00e9 au Premier ministre et qu&rsquo;a pu consulter Le Parisien<\/a>. \u00ab Les conditions d\u2019un accord ne sont aujourd\u2019hui pas r\u00e9unies et [&#8230;] il serait pr\u00e9f\u00e9rable de prendre le temps de poursuivre le dialogue avec les parlementaires et les \u00e9lus locaux \u00bb, plaide le s\u00e9nateur (LR) des Yvelines, qui se sait appuy\u00e9 dans sa d\u00e9marche par le tout r\u00e9cent nouveau patron des R\u00e9publicains, Bruno Retailleau. Et G\u00e9rard Larcher de demander \u00e0 Fran\u00e7ois Bayrou de reporter la[\u2026]<\/p>\n","protected":false},"excerpt":{"rendered":"Pour lire l&rsquo;int\u00e9gralit\u00e9 de cet article, abonnez-vous au Courrier des Maires &#8211; \u00e9dition Abonn\u00e9 Le S\u00e9nat avait rejet\u00e9&hellip;\n","protected":false},"author":2,"featured_media":156719,"comment_status":"","ping_status":"","sticky":false,"template":"","format":"standard","meta":{"footnotes":""},"categories":[2814],"tags":[1111,11,5949,2761,1777,674,1011,27,884,12,1050,882,25,23788],"class_list":{"0":"post-156718","1":"post","2":"type-post","3":"status-publish","4":"format-standard","5":"has-post-thumbnail","7":"category-marseille","8":"tag-actu","9":"tag-actualites","10":"tag-elections","11":"tag-elections-municipales-2026","12":"tag-eu","13":"tag-europe","14":"tag-fr","15":"tag-france","16":"tag-marseille","17":"tag-news","18":"tag-parlement","19":"tag-provence-alpes-cote-dazur","20":"tag-republique-francaise","21":"tag-toute-l-actu"},"share_on_mastodon":{"url":"https:\/\/pubeurope.com\/@fr\/114636926763449504","error":""},"_links":{"self":[{"href":"https:\/\/www.europesays.com\/fr\/wp-json\/wp\/v2\/posts\/156718","targetHints":{"allow":["GET"]}}],"collection":[{"href":"https:\/\/www.europesays.com\/fr\/wp-json\/wp\/v2\/posts"}],"about":[{"href":"https:\/\/www.europesays.com\/fr\/wp-json\/wp\/v2\/types\/post"}],"author":[{"embeddable":true,"href":"https:\/\/www.europesays.com\/fr\/wp-json\/wp\/v2\/users\/2"}],"replies":[{"embeddable":true,"href":"https:\/\/www.europesays.com\/fr\/wp-json\/wp\/v2\/comments?post=156718"}],"version-history":[{"count":0,"href":"https:\/\/www.europesays.com\/fr\/wp-json\/wp\/v2\/posts\/156718\/revisions"}],"wp:featuredmedia":[{"embeddable":true,"href":"https:\/\/www.europesays.com\/fr\/wp-json\/wp\/v2\/media\/156719"}],"wp:attachment":[{"href":"https:\/\/www.europesays.com\/fr\/wp-json\/wp\/v2\/media?parent=156718"}],"wp:term":[{"taxonomy":"category","embeddable":true,"href":"https:\/\/www.europesays.com\/fr\/wp-json\/wp\/v2\/categories?post=156718"},{"taxonomy":"post_tag","embeddable":true,"href":"https:\/\/www.europesays.com\/fr\/wp-json\/wp\/v2\/tags?post=156718"}],"curies":[{"name":"wp","href":"https:\/\/api.w.org\/{rel}","templated":true}]}}