{"id":156720,"date":"2025-06-06T14:37:19","date_gmt":"2025-06-06T14:37:19","guid":{"rendered":"https:\/\/www.europesays.com\/fr\/156720\/"},"modified":"2025-06-06T14:37:19","modified_gmt":"2025-06-06T14:37:19","slug":"bruno-bernard-repond-aux-critiques-et-fait-des-annonces","status":"publish","type":"post","link":"https:\/\/www.europesays.com\/fr\/156720\/","title":{"rendered":"Bruno Bernard r\u00e9pond aux critiques et fait des annonces"},"content":{"rendered":"<p>            Par<br \/>\n        <strong><br \/>\n            <a href=\"https:\/\/actu.fr\/auteur\/anthony-soudani\" title=\"Consulter tous les articles de Anthony Soudani\" target=\"_blank\" rel=\"noopener\">Anthony Soudani<\/a><br \/>\n        <\/strong><\/p>\n<p>        Publi\u00e9 le<\/p>\n<p>            6 juin 2025 \u00e0 15h39        <\/p>\n<p><strong>EXCLUSIF ACTU LYON.<\/strong> C\u2019est l\u2019un des grands dossiers de la M\u00e9tropole de Lyon. Les transports en commun et notamment leur d\u00e9veloppement vont \u00eatre au centre des \u00e9lections municipales et m\u00e9tropolitaines de 2026 \u00e0 Lyon. Alors que certains opposants \u00e0 <a href=\"https:\/\/actu.fr\/tag\/bruno-bernard\" target=\"_blank\" rel=\"noopener\">Bruno Bernard<\/a>, pr\u00e9sident du Sytral et de la M\u00e9tropole, r\u00e9clament encore et toujours un m\u00e9tro E, ce dernier donne une r\u00e9ponse claire \u00e0 ce sujet. <strong>Futurs tramways<\/strong>, lutte contre la fraude, critiques\u2026 le patron \u00e9cologiste du <a href=\"https:\/\/actu.fr\/tag\/grand-lyon\" target=\"_blank\" rel=\"noopener\">Grand Lyon<\/a> r\u00e9pond aux questions de notre r\u00e9daction dans une interview exclusive ce vendredi 6 juin.<\/p>\n<p>Le doublement des rames du m\u00e9tro B \u00ab\u00a0maintenu\u00a0\u00bb pour fin 2025<\/p>\n<p class=\"ac-article-content__question wall-content\"><strong class=\"color-primary\">Actu : <\/strong>La modernisation des lignes de m\u00e9tro semble accuser du retard, notamment en ce qui concerne le m\u00e9tro B (doublement de la taille des rames attendu en 2025)&#8230; Est-ce que tout sera fini dans les temps ?<\/p>\n<p class=\" wall-content\"><strong class=\"color-primary\">Bruno Bernard : <\/strong>Le projet d&rsquo;automatisation du m\u00e9tro B a pris du retard dans son d\u00e9roulement depuis son lancement. Nous sommes sur le doublement des rames qui a commenc\u00e9. Des rames doubles circulent d\u00e9j\u00e0. On est encore en train de tester le syst\u00e8me de pilotage automatique avec une nouvelle version qui va arriver. Le doublement des rames complet est maintenu pour la fin d&rsquo;ann\u00e9e 2025. <\/p>\n<p class=\"ac-article-content__question wall-content\">O\u00f9 en est-on de l&rsquo;automatisation du m\u00e9tro A et le remplacement du mat\u00e9riel des m\u00e9tros C et D ?<\/p>\n<p class=\" wall-content\"><strong class=\"color-primary\">B.B. : <\/strong>Ce projet de r\u00e9novation des m\u00e9tros A, C et D qu&rsquo;on a pr\u00e9vu va co\u00fbter 1,3 milliard d&rsquo;euros avec des travaux jusqu&rsquo;en 2035. Il y aura un changement complet des mat\u00e9riels et une automatisation des lignes pour am\u00e9liorer tr\u00e8s fortement les fr\u00e9quences et le confort de ces m\u00e9tros. Le premier est le m\u00e9tro D en 2030. Pour le m\u00e9tro C, c&rsquo;est 2033. Le m\u00e9tro A, c&rsquo;est pour 2035. Concernant ce dernier, il y aura des \u00e9volutions avant avec des ajouts de rames. Il devrait il y avoir une 17e et une 18e rame pour am\u00e9liorer la fr\u00e9quence.<\/p>\n<p>    <img   decoding=\"async\" loading=\"lazy\" src=\"https:\/\/www.europesays.com\/fr\/wp-content\/uploads\/2025\/06\/metro-a-lyon-tcl-960x640.jpeg\" alt=\"Les lignes de m\u00e9tro A et et D sont perturb\u00e9es ce mercredi soir \u00e0 cause d'un colis suspect.\" width=\"960\" height=\"640\"\/><br \/>\n    Les rames du m\u00e9tro B vont \u00eatre doubl\u00e9es d\u2019ici la fin d\u2019ann\u00e9e 2025. (\u00a9Nicolas Zaugra\/ actu Lyon)Bruno Bernard fait une annonce : le T6 en route d\u00e8s f\u00e9vrier 2026<\/p>\n<p class=\"ac-article-content__question wall-content\">O\u00f9 en sont les chantiers des tramways T6 Nord, T9 et T10 et du Bus \u00e0 haut niveau de service ? Quelles sont les dates de mise en service \u00e0 jour ?<\/p>\n<p class=\" wall-content\"><strong class=\"color-primary\">B.B. : <\/strong>Les travaux du T6 seront termin\u00e9s en fin d&rsquo;ann\u00e9e. Il ouvrira en d\u00e9but d&rsquo;ann\u00e9e prochaine, mi-f\u00e9vrier 2026. Le BHNS ouvrira en deux phases. Une premi\u00e8re phase Part-Dieu &#8211; Kimmerling pr\u00e9vue d\u00e9but mars 2026, et Kimmerling &#8211; Sept Chemins pour le deuxi\u00e8me semestre 2027. <br \/>Les projets T9 et T10 seront plut\u00f4t termin\u00e9s en deuxi\u00e8me partie de 2026.<\/p>\n<p class=\"ac-article-content__question wall-content\">Selon nos informations, le T9 serait plut\u00f4t livr\u00e9 pour d\u00e9but 2027, voire avril-mai, et non 2026&#8230;<\/p>\n<p class=\" wall-content\"><strong class=\"color-primary\">B.B. : <\/strong>Entre le moment o\u00f9 les travaux sont termin\u00e9s, il y a deux mois de tests et des marches \u00e0 blanc sans le public&#8230; Je n&rsquo;ai pas exactement la date en t\u00eate, mais ce sera plut\u00f4t fin 2026. <\/p>\n<p>\u00ab\u00a0Il n\u2019y aura jamais de m\u00e9tro E\u00a0\u00bb<\/p>\n<p class=\"ac-article-content__question wall-content\">Le Bus \u00e0 haut niveau de service (BHNS) devait \u00eatre livr\u00e9 en une seule phase. Vous avez \u00e9voqu\u00e9 des difficult\u00e9s de discussion avec la Ville de Bron, est-ce que cela s&rsquo;est am\u00e9lior\u00e9 ?<\/p>\n<p class=\" wall-content\"><strong class=\"color-primary\">B.B. : <\/strong>\u00c7a suit son cours. On a des expropriations dans ce dossier qui prennent du temps. On essaie de n\u00e9gocier avec les propri\u00e9taires pour trouver des solutions qui sont moins violentes. Exproprier quelqu&rsquo;un, c&rsquo;est toujours difficile. Dans cette phase de n\u00e9gociation, c&rsquo;est plus facile quand on est aid\u00e9 par la commune concern\u00e9e. Mais ce n&rsquo;est pas uniquement la raison. Je ne dis pas que le retard est d\u00fb au maire de Bron.<\/p>\n<p class=\"ac-article-content__question wall-content\">Concernant le Tram express de l&rsquo;ouest lyonnais (Teol), o\u00f9 en est le projet ? Il y a toujours des inqui\u00e9tudes apr\u00e8s le sondage sur le terrain et avant le d\u00e9but des \u00e9tudes&#8230;<\/p>\n<p class=\" wall-content\"><strong class=\"color-primary\">B.B. : <\/strong>La concertation est en cours. L&rsquo;enqu\u00eate publique est pr\u00e9vue \u00e0 l&rsquo;automne. Nous rencontrons les communes de juin \u00e0 juillet sur des ateliers tr\u00e8s sp\u00e9cifiques d&rsquo;insertion des stations. Ces rencontres sont men\u00e9es par les vice-pr\u00e9sidents B\u00e9atrice Vessiller et Jean-Charles Kohlhass.<\/p>\n<p>    <img   decoding=\"async\" loading=\"lazy\" src=\"https:\/\/www.europesays.com\/fr\/wp-content\/uploads\/2025\/06\/stations-t2-teol-lyon-tassin-tramway-express-ouest-lyonnais-trace-final-960x640.png\" alt=\"Voici le trac\u00e9 final du futur T2 prolong\u00e9 pour rallier l'ouest lyonnais avec une partie souterraine.\" width=\"960\" height=\"640\"\/><br \/>\n    Voici le trac\u00e9 final du futur Teol pour rallier l\u2019ouest lyonnais avec une partie souterraine. (\u00a9Sytral)<\/p>\n<p class=\"ac-article-content__question wall-content\">Certains de vos adversaires promettent toujours le m\u00e9tro E. Vous, vous continuez \u00e0 faire avancer le Teol. Est-ce que d&rsquo;ici aux \u00e9lections, le Teol sera d\u00e9j\u00e0 lanc\u00e9 sans possibilit\u00e9 de revenir en arri\u00e8re ?<\/p>\n<p class=\" wall-content\"><strong class=\"color-primary\">B.B. : <\/strong>Nous pouvons toujours revenir en arri\u00e8re sur des projets. Je pense de toute fa\u00e7on qu&rsquo;il n&rsquo;y aura jamais de m\u00e9tro E. D&rsquo;abord parce qu&rsquo;il n&rsquo;est absolument pas justifi\u00e9 en terme capacitaire et que nous n&rsquo;en avons pas les moyens budg\u00e9taires. Cela n&rsquo;aurait aucun sens. <br \/>Une enqu\u00eate environnementale explicitait d\u00e9j\u00e0 que le Teol serait surdimensionn\u00e9, notamment au niveau de l&rsquo;impact carbone. C&rsquo;est une r\u00e9alit\u00e9 et nous l&rsquo;assumons. Il n&rsquo;y a pas d&rsquo;autres solutions que de passer en souterrain, sous la colline. Les voiries sont trop contraintes pour la voiture. Mais le projet Teol est bien dimensionn\u00e9. Le milliard \u00e9conomis\u00e9 entre ce projet Teol et le m\u00e9tro E Ala\u00ef &#8211; Bellecour repr\u00e9sente notre ligne de rocade est. C&rsquo;est un choix d&rsquo;\u00e9quilibre. <br \/>Que certains fassent des promesses&#8230; on va nous expliquer qu&rsquo;il faut des m\u00e9tros partout, mais ce n&rsquo;est pas la r\u00e9alit\u00e9.<\/p>\n<p>Un tramway vers \u00c9cully ou le plateau nord ? Bruno Bernard r\u00e9pond<\/p>\n<p class=\"ac-article-content__question wall-content\">Est-ce que l&rsquo;ouest n&rsquo;est finalement pas un peu oubli\u00e9 de votre politique alors que vous d\u00e9veloppez \u00e9norm\u00e9ment l&rsquo;est de la m\u00e9tropole de Lyon ?<\/p>\n<p class=\" wall-content\"><strong class=\"color-primary\">B.B. : <\/strong>De fa\u00e7on globale, il n&rsquo;y a pas de d\u00e9veloppement urbain possible \u00e0 l&rsquo;ouest, alors qu&rsquo;\u00e0 l&rsquo;est, nous avons des populations en zone dense qui n&rsquo;\u00e9taient pas desservies, comme Mas du Taureau \u00e0 Vaulx-en-Velin, Carnot-Parmentier \u00e0 Saint-Fons. Nous avons encore une capacit\u00e9 de d\u00e9veloppement urbain d&rsquo;activit\u00e9 \u00e9conomique ou d&rsquo;habitation \u00e0 l&rsquo;est.<\/p>\n<p>    <img   decoding=\"async\" loading=\"lazy\" src=\"https:\/\/www.europesays.com\/fr\/wp-content\/uploads\/2025\/06\/bruno-bernard-960x640.jpg\" alt=\"Bruno Bernard, pr\u00e9sident de la M\u00e9tropole de Lyon et du Sytral.\" width=\"960\" height=\"640\"\/><br \/>\n    Bruno Bernard, pr\u00e9sident du Sytral, \u00e9voque la solution d\u2019un bus \u00e0 haut niveau de service ou un tramway vers le plateau nord de la m\u00e9tropole de Lyon. (\u00a9Anthony Soudani \/ actu Lyon)<\/p>\n<p class=\"ac-article-content__question wall-content\">Le maire d&rsquo;\u00c9cully continue de r\u00e9clamer un tramway Part-Dieu-\u00c9cully&#8230;<\/p>\n<p class=\" wall-content\"><strong class=\"color-primary\">B.B. : <\/strong>Si on regarde la population, \u00c9cully est la ville qui perd le plus d&rsquo;habitants dans le Grand Lyon au dernier recensement. Depuis le d\u00e9part de l&rsquo;EM Lyon, nous avons beaucoup moins de voyageurs sur la ligne C6 centre-ouest vers \u00c9cully (20 000 voyageurs par jour). La discussion qu&rsquo;on a eue avec le maire d&rsquo;\u00c9cully, c&rsquo;est \u00e9lectrifier la ligne pour am\u00e9liorer le bus ou aller jusqu&rsquo;au tramway. Mais le sujet ne se justifie que s&rsquo;il y a une densification. Sur une quinzaine de fonciers qui avaient \u00e9t\u00e9 travaill\u00e9s par nos \u00e9quipes, le maire \u00e9tait en d\u00e9saccord sur quatorze d&rsquo;entre eux. Les conditions n&rsquo;\u00e9taient pas r\u00e9unies.<\/p>\n<p class=\"ac-article-content__question wall-content\">Quelles sont les solutions pour am\u00e9liorer la desserte du plateau nord de la m\u00e9tropole de Lyon ?<\/p>\n<p class=\" wall-content\"><strong class=\"color-primary\">B.B. : <\/strong>C&rsquo;est une liaison tr\u00e8s importante \u00e0 am\u00e9liorer. Pour l&rsquo;instant, il n&rsquo;y a pas de solution sur le plateau nord parce que nous avons des \u00e9lus locaux qui ont des positions totalement irr\u00e9alistes. Ils disent : \u00ab\u00a0On veut un m\u00e9tro, mais on ne nous donne pas de m\u00e9tro, alors, on se fout de nous.\u00a0\u00bb Il n&rsquo;y aura jamais de m\u00e9tro \u00e0 3 ou 4 milliards d&rsquo;euros pour le plateau nord. Mais il faudra trouver une solution pour am\u00e9liorer cette desserte. Cela fait partie des points faibles du r\u00e9seau.<br \/>Cela pourrait passer par un bus \u00e0 haut niveau de service ou un tramway.<\/p>\n<p>\u00ab\u00a0Il faut que le m\u00e9tro fonctionne mieux que \u00e7a\u00a0\u00bb<\/p>\n<p class=\"ac-article-content__question wall-content\">Pour vous, le m\u00e9tro n&rsquo;est donc plus adapt\u00e9 au d\u00e9veloppement urbain de la m\u00e9tropole&#8230;<\/p>\n<p class=\" wall-content\"><strong class=\"color-primary\">B.B. : <\/strong>La derni\u00e8re ligne de m\u00e9tro a \u00e9t\u00e9 lanc\u00e9e dans les ann\u00e9es 1990. Pendant les trois mandats de G\u00e9rard Collomb, il y a eu juste deux stations, puis deux autres qui ont \u00e9t\u00e9 livr\u00e9es sous notre mandature. Le besoin de m\u00e9tro n&rsquo;existe plus. Le co\u00fbt du m\u00e9tro est six fois plus cher que le tramway au kilom\u00e8tre et il ne correspond pas \u00e0 nos besoins. Nous faisons le m\u00eame choix que les \u00e9quipes pr\u00e9c\u00e9dentes.<br \/>Le plus gros besoin, c&rsquo;est le plateau nord avec plut\u00f4t un tramway qu&rsquo;un m\u00e9tro. Il n&rsquo;y aura plus de ligne compl\u00e8te de m\u00e9tro en plus dans la m\u00e9tropole.<\/p>\n<p class=\"ac-article-content__question wall-content\">Il y a eu des am\u00e9liorations notables, mais il demeure encore des pannes, notamment sur le m\u00e9tro B. Avez-vous des explications ? \u00cates-vous satisfait du travail de la RATP depuis leur arriv\u00e9e au 1er janvier 2025 pour la gestion du r\u00e9seau (m\u00e9tros, tramways, Rh\u00f4nexpress et funiculaires) ?<\/p>\n<p class=\" wall-content\"><strong class=\"color-primary\">B.B. : <\/strong>Concernant la RATP, oui, je suis satisfait parce que les usagers n&rsquo;ont pas vu de diff\u00e9rence. Tous ceux qui avaient pr\u00e9dit la catastrophe, se sont tromp\u00e9s. Le m\u00e9tro fonctionne \u00e0 98,5%. L&rsquo;objectif est plut\u00f4t d&rsquo;\u00eatre \u00e0 99%, voire 99,5%. Un tiers des incidents sont li\u00e9s \u00e0 des faits voyageurs (colis abandonn\u00e9s, blocages de portes&#8230;). Deux tiers des incidents sont \u00e0 cause de probl\u00e8mes techniques et de la fa\u00e7on dont a \u00e9t\u00e9 cr\u00e9\u00e9 le r\u00e9seau. On a une \u00e9lectrification du r\u00e9seau avec les lignes A et B d\u00e9pendantes l&rsquo;une de l&rsquo;autre. Il faut qu&rsquo;on r\u00e9interroge les proc\u00e9dures pour que cela impacte moins longtemps.<br \/>Le m\u00e9tro est indispensable au r\u00e9seau et il faut naturellement qu&rsquo;il fonctionne mieux que \u00e7a.<\/p>\n<p>    <img   decoding=\"async\" loading=\"lazy\" src=\"https:\/\/www.europesays.com\/fr\/wp-content\/uploads\/2025\/06\/bruno-bernard-beatrice-vessiller-960x640.jpeg\" alt=\"Bruno Bernard, pr\u00e9sident du Sytral et B\u00e9atrice Vessiller, vice-pr\u00e9sidente \u00e0 l'urbanisme.\" width=\"960\" height=\"640\"\/><br \/>\n    Bruno Bernard, pr\u00e9sident du Sytral, souhaite un meilleur fonctionnement du m\u00e9tro dans la m\u00e9tropole de Lyon. (\u00a9Nicolas Zaugra\/ actu Lyon)La navette fluviale : \u00ab\u00a0Un projet magnifique\u00a0\u00bb<\/p>\n<p class=\"ac-article-content__question wall-content\">Attendez-vous une forte fr\u00e9quentation concernant la navette fluviale lanc\u00e9e le 18 juin \u00e0 Lyon ?<\/p>\n<p class=\" wall-content\"><strong class=\"color-primary\">B.B. : <\/strong>Pour la fr\u00e9quentation, nous verrons en fonction du temps. C&rsquo;est un nouveau mode de mobilit\u00e9 qui n&rsquo;est pas le plus efficace en termes de rapidit\u00e9, mais en termes de plaisir, c&rsquo;est quelque chose d&rsquo;assez exceptionnel. Les deux premiers bateaux \u00e9lectriques arriveront au mois d&rsquo;octobre pour remplacer les thermiques. Deux autres arriveront en mi-2026. <\/p>\n<p>Un nouveau plan de lutte contre la fraude dans les TCL<\/p>\n<p class=\"ac-article-content__question wall-content\">Vous aviez demand\u00e9 une hausse des contr\u00f4les des usagers des TCL pour lutter contre la fraude. A-t-elle eu lieu entre janvier et ce mois de juin ?<\/p>\n<p class=\" wall-content\"><strong class=\"color-primary\">B.B. : <\/strong>Oui, il y a plus de contr\u00f4les sur le r\u00e9seau TCL qu&rsquo;il y a six mois et on va aller plus loin. On va annoncer un plan de lutte contre dans quelques semaines, avant l&rsquo;\u00e9t\u00e9. Il y a d\u00e9j\u00e0 des choses qui ont \u00e9t\u00e9 faites. Il y aura un plan plus complet avec une communication. <br \/>Au-del\u00e0 des nouvelles lignes, nous avons deux points faibles : la lutte contre la fraude et l&rsquo;information voyageur en cas d&rsquo;incident qui ne sont pas satisfaisantes.<br \/>La s\u00e9curit\u00e9 est un point fort du r\u00e9seau, mais nous allons encore plus le s\u00e9curiser. C&rsquo;est une priorit\u00e9 absolue. Tout acte de d\u00e9linquance est de trop. Et nous devons encore renforcer l&rsquo;accessibilit\u00e9 du r\u00e9seau aux personnes en situation de handicap, m\u00eame si nous sommes en avance par rapport \u00e0 d&rsquo;autres territoires. <\/p>\n<p>    <img   decoding=\"async\" loading=\"lazy\" src=\"https:\/\/www.europesays.com\/fr\/wp-content\/uploads\/2025\/06\/controle-tcl-lyon-bus-960x640.jpg\" alt=\"Les contr\u00f4les dans les TCL ont augment\u00e9 depuis le mois de janvier 2025.\" width=\"960\" height=\"640\"\/><br \/>\n    Les contr\u00f4les dans les TCL ont augment\u00e9 depuis le mois de janvier 2025. (\u00a9Anthony Soudani \/ actu Lyon)<\/p>\n<p class=\"ac-article-content__question wall-content\">Teol, T8&#8230; Quels sont les autres projets de transport que vous allez annoncer pour le mandat prochain en cas de candidature \u00e0 votre r\u00e9\u00e9lection ?<\/p>\n<p class=\" wall-content\"><strong class=\"color-primary\">B.B. : <\/strong>Pour l&rsquo;instant, je ne me projette pas dans une campagne \u00e9lectorale. Je ne suis pas candidat \u00e0 ce jour. Je pense au transport public jusqu&rsquo;en 2035 et au-del\u00e0. Vous voudriez que j&rsquo;annonce une ligne forte toutes les semaines ? Il faut continuer \u00e0 am\u00e9liorer le transport.<\/p>\n<p>Le bus C3 devient TB 11 : un nouveau nom pour plus d\u2019efficacit\u00e9 ?<\/p>\n<p class=\"ac-article-content__question wall-content\">Concernant le bus C3, il y a toujours des difficult\u00e9s constat\u00e9es&#8230;<\/p>\n<p class=\" wall-content\"><strong class=\"color-primary\">B.B. : <\/strong>C&rsquo;est ma ligne, je la connais tr\u00e8s bien. Il est essentiel de l&rsquo;am\u00e9liorer et je suis heureux d&rsquo;avoir des annonces \u00e0 faire. La C23 arrive le 21 juin. Ce bus va partir de Flachet puis va doubler le C3 jusqu&rsquo;\u00e0 la Presqu&rsquo;\u00eele avec une fr\u00e9quence \u00e0 dix minutes. Donc le C3 + C23 offrira une fr\u00e9quence de trois minutes. On augmente aussi l&rsquo;amplitude horaire du C3 (futur TB11) qui ira jusqu&rsquo;\u00e0 1h du matin. <br \/>En le passant en TB11 entre Laurent Bonnevay et Saint-Paul, cela va fiabiliser la ligne et \u00e9viter des bus qui se suivent quand c&rsquo;est surcharg\u00e9. C&rsquo;est important parce que la ligne C3, c&rsquo;est 60 000 voyageurs, plus qu&rsquo;un tramway&#8230;<\/p>\n<p class=\"ac-article-content__question wall-content\">Est-ce que vous regrettez finalement qu&rsquo;il n&rsquo;y ait pas un tramway \u00e0 la place du C3, bient\u00f4t renomm\u00e9 TB11 ?<\/p>\n<p class=\" wall-content\"><strong class=\"color-primary\">B.B. : <\/strong>Je le regrette qu&rsquo;on n&rsquo;ait pas fait le tramway. Il y avait une logique de faire un tram il y a dix ans. Je l&rsquo;ai d\u00e9fendu lors de la campagne en 2014. Le maire de Villeurbanne Jean-Paul Bret ne le soutenait pas. Nous ne l&rsquo;avons pas obtenu dans le rapport de force avec G\u00e9rard Collomb \u00e0 l&rsquo;\u00e9poque. J&rsquo;ai refait \u00e9tudier la possibilit\u00e9 de passer cette ligne en tramway, nous \u00e9tions sur des co\u00fbts tr\u00e8s \u00e9lev\u00e9s entre 300 et 400 millions d&rsquo;euros. Quand ils ont refait la ligne C3, ils n&rsquo;ont pas retenu la solution pour faciliter le passage au tramway avec un surco\u00fbt de 10-20 millions d&rsquo;euros. Pour passer au tramway, il faudrait tout recommencer \u00e0 z\u00e9ro.<\/p>\n<p class=\"ac-article-content__question wall-content\">La ligne va s&rsquo;appeler TB11 et cela fait r\u00e9agir. Vous l&rsquo;appelez tram-bus alors qu&rsquo;en r\u00e9alit\u00e9, c&rsquo;est un trolley-bus&#8230; pourquoi cette appellation ?<\/p>\n<p class=\" wall-content\"><strong class=\"color-primary\">B.B. : <\/strong>Un tram-bus, c&rsquo;est un nom qu&rsquo;on invente. Personne ne dit que c&rsquo;est un tramway. En exploitation, la ligne a les m\u00eames qualit\u00e9s qu&rsquo;un tramway en termes de fr\u00e9quence, de vitesse commerciale, de stations. \u00c9videmment que c&rsquo;est un trolleybus \u00e9lectrique relook\u00e9 diff\u00e9remment. C&rsquo;est un entre-deux.<\/p>\n<p>\u00ab\u00a0L\u2019opposition politique a racont\u00e9 n\u2019importe quoi sur la Presqu\u2019\u00eele\u00a0\u00bb<\/p>\n<p class=\"ac-article-content__question wall-content\">La zone \u00e0 trafic limit\u00e9 d\u00e9marre le 21 juin en Presqu&rsquo;\u00eele. Il y a des critiques, vous les entendez. L&rsquo;opposition et des habitants s&rsquo;interrogent sur la desserte du centre-ville. Vos choix sont-ils pertinents ?<\/p>\n<p class=\" wall-content\"><strong class=\"color-primary\">B.B. : <\/strong>La desserte en Presqu&rsquo;\u00eele est exceptionnelle avec 80% d&rsquo;usage du m\u00e9tro. Quand on am\u00e9liore le m\u00e9tro, on am\u00e9liore sa desserte. Les bus ont un r\u00f4le et ils continueront d&rsquo;avoir un r\u00f4le. Certains d\u00e9plorent qu&rsquo;on enl\u00e8ve les bus de la rue de la R\u00e9publique et qu&rsquo;il n&rsquo;y a plus la correspondance de l&rsquo;h\u00f4tel de ville, alors qu&rsquo;on doit marcher juste une ou deux minutes de plus jusqu&rsquo;aux quais ou \u00e0 Cordeliers. C&rsquo;est de cela dont on parle. Je n&rsquo;ai aucun probl\u00e8me \u00e0 dire qu&rsquo;on am\u00e9liore les transports en commun en Presqu&rsquo;\u00eele avec des lignes de bus efficaces qui passeront par la rue Grenette.<\/p>\n<p>    <img   decoding=\"async\" loading=\"lazy\" src=\"https:\/\/www.europesays.com\/fr\/wp-content\/uploads\/2025\/05\/rue-grenette-lyon-bus-960x640.jpg\" alt=\"La rue Grenette, qui traverse la Presqu'\u00eele de Lyon, a \u00e9t\u00e9 transform\u00e9 en couloir bus apr\u00e8s un an de travaux, notamment sur les r\u00e9seaux souterrains.\" width=\"960\" height=\"640\"\/><br \/>\n    La rue Grenette, qui traverse la Presqu\u2019\u00eele de Lyon, a \u00e9t\u00e9 transform\u00e9 en couloir bus apr\u00e8s un an de travaux. (\u00a9Anthony Soudani \/ archives actu Lyon)<\/p>\n<p class=\"ac-article-content__question wall-content\">Expliquez-vous ces critiques par peur du changement ?<\/p>\n<p class=\" wall-content\"><strong class=\"color-primary\">B.B. : <\/strong>Je pense que les critiques viennent d&rsquo;une opposition politique qui a racont\u00e9 n&rsquo;importe quoi sur le dossier de la Presqu&rsquo;\u00eele. Vous verrez d\u00e8s le 21 juin et au fil des mois que ce dossier va \u00eatre soutenu par les Grands Lyonnais. On a une augmentation de 10% de la fr\u00e9quentation du m\u00e9tro en Presqu&rsquo;\u00eele depuis 2019.<\/p>\n<p class=\" wall-content\"><strong>Propos recueillis par Nicolas Zaugra et Anthony Soudani<\/strong><\/p>\n<p class=\" wall-content\">Suivez toute l\u2019actualit\u00e9 de vos villes et m\u00e9dias favoris en vous inscrivant \u00e0 <a href=\"https:\/\/moncompte.actu.fr\" title=\"D\u00e9couvez Mon Actu\" rel=\"nofollow noopener\" data-trk=\"{&quot;cta&quot;:{&quot;action&quot;:&quot;https:\\\/\\\/moncompte.actu.fr&quot;,&quot;category&quot;:&quot;mon compte&quot;,&quot;from&quot;:&quot;article footer&quot;,&quot;name&quot;:&quot;Mon actu&quot;,&quot;type&quot;:&quot;cta&quot;}}\" target=\"_blank\">Mon Actu<\/a>.<\/p>\n","protected":false},"excerpt":{"rendered":"Par Anthony Soudani Publi\u00e9 le 6 juin 2025 \u00e0 15h39 EXCLUSIF ACTU LYON. C\u2019est l\u2019un des grands dossiers&hellip;\n","protected":false},"author":2,"featured_media":156721,"comment_status":"","ping_status":"","sticky":false,"template":"","format":"standard","meta":{"footnotes":""},"categories":[1889],"tags":[1111,11,2430,5921,1777,674,1011,27,2808,2428,12,316,25,5787],"class_list":{"0":"post-156720","1":"post","2":"type-post","3":"status-publish","4":"format-standard","5":"has-post-thumbnail","7":"category-lyon","8":"tag-actu","9":"tag-actualites","10":"tag-auvergne-rhone-alpes","11":"tag-bruno-bernard","12":"tag-eu","13":"tag-europe","14":"tag-fr","15":"tag-france","16":"tag-grand-lyon","17":"tag-lyon","18":"tag-news","19":"tag-politique","20":"tag-republique-francaise","21":"tag-transports-en-commun-lyonnais-tcl"},"share_on_mastodon":{"url":"https:\/\/pubeurope.com\/@fr\/114636930918411556","error":""},"_links":{"self":[{"href":"https:\/\/www.europesays.com\/fr\/wp-json\/wp\/v2\/posts\/156720","targetHints":{"allow":["GET"]}}],"collection":[{"href":"https:\/\/www.europesays.com\/fr\/wp-json\/wp\/v2\/posts"}],"about":[{"href":"https:\/\/www.europesays.com\/fr\/wp-json\/wp\/v2\/types\/post"}],"author":[{"embeddable":true,"href":"https:\/\/www.europesays.com\/fr\/wp-json\/wp\/v2\/users\/2"}],"replies":[{"embeddable":true,"href":"https:\/\/www.europesays.com\/fr\/wp-json\/wp\/v2\/comments?post=156720"}],"version-history":[{"count":0,"href":"https:\/\/www.europesays.com\/fr\/wp-json\/wp\/v2\/posts\/156720\/revisions"}],"wp:featuredmedia":[{"embeddable":true,"href":"https:\/\/www.europesays.com\/fr\/wp-json\/wp\/v2\/media\/156721"}],"wp:attachment":[{"href":"https:\/\/www.europesays.com\/fr\/wp-json\/wp\/v2\/media?parent=156720"}],"wp:term":[{"taxonomy":"category","embeddable":true,"href":"https:\/\/www.europesays.com\/fr\/wp-json\/wp\/v2\/categories?post=156720"},{"taxonomy":"post_tag","embeddable":true,"href":"https:\/\/www.europesays.com\/fr\/wp-json\/wp\/v2\/tags?post=156720"}],"curies":[{"name":"wp","href":"https:\/\/api.w.org\/{rel}","templated":true}]}}