{"id":156722,"date":"2025-06-06T14:38:09","date_gmt":"2025-06-06T14:38:09","guid":{"rendered":"https:\/\/www.europesays.com\/fr\/156722\/"},"modified":"2025-06-06T14:38:09","modified_gmt":"2025-06-06T14:38:09","slug":"jean-michel-aulas-se-prend-les-pieds-dans-le-tapis-et-se-fait-recadrer","status":"publish","type":"post","link":"https:\/\/www.europesays.com\/fr\/156722\/","title":{"rendered":"Jean-Michel Aulas se prend les pieds dans le tapis et se fait recadrer"},"content":{"rendered":"<p>            Par<br \/>\n        <strong><br \/>\n            <a href=\"https:\/\/actu.fr\/auteur\/theo-zuili\" title=\"Consulter tous les articles de Th\u00e9o Zuili\" target=\"_blank\" rel=\"noopener\">Th\u00e9o Zuili<\/a><br \/>\n        <\/strong><\/p>\n<p>        Publi\u00e9 le<\/p>\n<p>            6 juin 2025 \u00e0 16h29        <\/p>\n<p><strong>Les comptes ne sont pas bons<\/strong><strong>.<\/strong> Nombreux sont les internautes, rapidement suivi d\u2019\u00e9lus de tous partis, \u00e0 d\u00e9noncer ce qui ressemble \u00e0 un \u00ab\u00a0pipotage\u00a0\u00bb en r\u00e8gle du (quasi) candidat aux \u00e9lections municipales de Lyon <a href=\"https:\/\/actu.fr\/tag\/jean-michel-aulas\" target=\"_blank\" rel=\"noopener\">Jean-Michel Aulas<\/a>, ex-patron de l\u2019OL.<\/p>\n<p class=\" wall-content\">L\u2019entrepreneur multimillionnaire qui propose parmi ces promesses de campagne <a href=\"https:\/\/actu.fr\/auvergne-rhone-alpes\/lyon_69123\/lyon-municipales-2026-jean-michel-aulas-propose-d-etendre-la-gratuite-des-tcl-aux-lyonnais_62732394.html\" target=\"_blank\" rel=\"noopener\">la gratuit\u00e9 des TCL<\/a> \u00e0 <a href=\"https:\/\/actu.fr\/auvergne-rhone-alpes\/lyon_69123\" target=\"_blank\" rel=\"noopener\">Lyon<\/a> pour les habitants qui touchent moins de 2 500 euros par mois est \u00e9pingl\u00e9 apr\u00e8s une communication virale <strong>qui vire au couac de campagne<\/strong>.<\/p>\n<p>\u00ab\u00a0Un retour au respect\u00a0\u00bb<\/p>\n<p class=\" wall-content\">\u00ab\u00a0J\u2019ai \u00e9chang\u00e9 ce matin avec des retrait\u00e9s lyonnais\u00a0\u00bb, commence Jean-Michel Aulas dans son message publi\u00e9 vendredi 6 juin 2025 \u00e0 midi sur X. Selon ses dires, l\u2019un d\u2019eux lui aurait confi\u00e9 toucher une pension de 1 500\u20ac par mois, payer 750\u20ac de loyer, 250\u20ac de charges, 110\u20ac de mutuelle et 50\u20ac d\u2019assurance responsabilit\u00e9 civile.<\/p>\n<p class=\" wall-content\">\u00ab\u00a0Il reste \u00e0 peine de quoi vivre, et <strong>50 \u20ac de TCL c\u2019est trop<\/strong>.\u00a0\u00bb La phrase visait \u00e0 illustrer le besoin d\u2019un \u00ab\u00a0retour au respect\u00a0\u00bb dans les politiques municipales lyonnaises. Mais le chiffrage est rapidement remis en cause par les utilisateurs eux-m\u00eames. La promesse de \u00ab\u00a0rendre 600 \u20ac par an\u00a0\u00bb au retrait\u00e9 ne tient pas la route.<\/p>\n<p>Vid\u00e9os : en ce moment sur ActuLes chiffres ne collent pas<\/p>\n<p class=\" wall-content\">Les internautes ont \u00e9t\u00e9 rapides pour <strong>crier au bluff<\/strong> dans une note communautaire (texte r\u00e9dig\u00e9 par les utilisateurs et \u00e9pingl\u00e9 en sous-texte) sur le r\u00e9seau social am\u00e9ricain.<\/p>\n<p class=\" wall-content\">\u00ab\u00a0L\u2019abonnement retrait\u00e9 TCL est \u00e0 37\u20ac. Il n\u2019existe pas d\u2019abonnement TCL \u00e0 50\u20ac. Un retrait\u00e9 gagnant 1 500\u20ac n\u2019est pas imposable,<strong> il paye donc un abonnement TCL de 10,5\u20ac<\/strong>, soit 80% moins cher que ce que dit Jean-Michel Aulas.\u00a0\u00bb<\/p>\n<p class=\" wall-content\">\n<p class=\" wall-content\">Le prix r\u00e9el d\u2019un abonnement <a href=\"https:\/\/actu.fr\/tag\/transports-en-commun-lyonnais-tcl\" target=\"_blank\" rel=\"noopener\">TCL<\/a> pour un retrait\u00e9 non imposable (ce qui est le cas pour une pension \u00e0 1 500 \u20ac par mois) est bien de 10,50 \u20ac par mois, confirme <a href=\"https:\/\/actu.fr\/tag\/bruno-bernard\" target=\"_blank\" rel=\"noopener\">Bruno Bernard<\/a>, pr\u00e9sident \u00e9cologiste du Grand Lyon. Soit<strong> cinq fois moins<\/strong> que le montant avanc\u00e9.<\/p>\n<p class=\" wall-content\">L\u2019abonnement classique \u00ab\u00a0senior solidaire\u00a0\u00bb est quant \u00e0 lui fix\u00e9 \u00e0 37 \u20ac pour les retrait\u00e9s imposables, comme on le trouve sur <a href=\"https:\/\/www.tcl.fr\/tickets-abonnements\/titres-et-tarifs\" target=\"_blank\" rel=\"noopener\">la page web d\u00e9di\u00e9e aux tarifs des TCL<\/a>.<\/p>\n<p>Des r\u00e9actions imm\u00e9diates sur les r\u00e9seaux sociaux<\/p>\n<p class=\" wall-content\">Sous le post, vu plus de 67 000 fois en moins de cinq heures, les commentaires se multiplient : \u00ab\u00a0\u00c7a fait 126 \u20ac \u00e0 l\u2019ann\u00e9e, pas 600 \u20ac\u2026\u00a0\u00bb, \u00ab\u00a0mythomane\u00a0\u00bb, \u00ab\u00a0quand vous pipotez, essayez au moins de le faire correctement\u2026\u00a0\u00bb, d\u00e9nonce une majorit\u00e9 d\u2019internautes.<\/p>\n<p class=\" wall-content\">Oubli ou effet de manche ? Le fondateur de la Cegid voulait sans doute frapper un grand coup en la faveur de sa proposition, mais il s\u2019est finalement pris les pieds dans le tapis. Les autres politiques locaux n\u2019ont pas manqu\u00e9 l\u2019occasion pour le tacler.<\/p>\n<p class=\" wall-content\">\u00ab\u00a0Rien ne va donc dans l\u2019exemple choisi\u2026 s\u2019il existe vraiment !\u00a0\u00bb, a d\u00e9nonc\u00e9 Alexandre Humbert Dupalais, ex-candidat ciottiste (LR-RN) aux \u00e9lections l\u00e9gislatives \u00e0 Lyon. \u00ab\u00a0Je voulais faire du FactChecking des sorties de Jean-Michel Aulas, mais \u00e0 un rythme de 4 fake news en quatre jours, c\u2019est chaud\u00a0\u00bb, tacle l\u2019adjoint \u00e9cologiste au maire de Lyon Valentin Lungenstrass.<\/p>\n<p>D\u2019o\u00f9 vient cette r\u00e9duction tarifaire ?<\/p>\n<p class=\" wall-content\">Depuis 2021, les TCL proposent une grille tarifaire r\u00e9duite selon les revenus, notamment pour les retrait\u00e9s non imposables (10,50 \u20ac par mois), mais aussi pour les b\u00e9n\u00e9ficiaires de minimas sociaux, les demandeurs d\u2019emploi ou les jeunes de moins de 26 ans.<\/p>\n<p class=\" wall-content\">\n<p class=\" wall-content\">Cette politique repr\u00e9sente un co\u00fbt compris \u00ab\u00a0entre 10 et 12 millions d\u2019euros par an\u00a0\u00bb pour la collectivit\u00e9 et b\u00e9n\u00e9ficie \u00e0 plus de 130 000 abonn\u00e9s chaque mois.<\/p>\n<p class=\" wall-content\">Suivez toute l\u2019actualit\u00e9 de vos villes et m\u00e9dias favoris en vous inscrivant \u00e0 <a href=\"https:\/\/moncompte.actu.fr\" title=\"D\u00e9couvez Mon Actu\" rel=\"nofollow noopener\" data-trk=\"{&quot;cta&quot;:{&quot;action&quot;:&quot;https:\\\/\\\/moncompte.actu.fr&quot;,&quot;category&quot;:&quot;mon compte&quot;,&quot;from&quot;:&quot;article footer&quot;,&quot;name&quot;:&quot;Mon actu&quot;,&quot;type&quot;:&quot;cta&quot;}}\" target=\"_blank\">Mon Actu<\/a>.<\/p>\n","protected":false},"excerpt":{"rendered":"Par Th\u00e9o Zuili Publi\u00e9 le 6 juin 2025 \u00e0 16h29 Les comptes ne sont pas bons. Nombreux sont&hellip;\n","protected":false},"author":2,"featured_media":156723,"comment_status":"","ping_status":"","sticky":false,"template":"","format":"standard","meta":{"footnotes":""},"categories":[1889],"tags":[1111,11,2430,5921,4188,1777,674,1011,27,5227,2428,12,316,25,5787],"class_list":{"0":"post-156722","1":"post","2":"type-post","3":"status-publish","4":"format-standard","5":"has-post-thumbnail","7":"category-lyon","8":"tag-actu","9":"tag-actualites","10":"tag-auvergne-rhone-alpes","11":"tag-bruno-bernard","12":"tag-elections-municipales","13":"tag-eu","14":"tag-europe","15":"tag-fr","16":"tag-france","17":"tag-jean-michel-aulas","18":"tag-lyon","19":"tag-news","20":"tag-politique","21":"tag-republique-francaise","22":"tag-transports-en-commun-lyonnais-tcl"},"share_on_mastodon":{"url":"https:\/\/pubeurope.com\/@fr\/114636934546368516","error":""},"_links":{"self":[{"href":"https:\/\/www.europesays.com\/fr\/wp-json\/wp\/v2\/posts\/156722","targetHints":{"allow":["GET"]}}],"collection":[{"href":"https:\/\/www.europesays.com\/fr\/wp-json\/wp\/v2\/posts"}],"about":[{"href":"https:\/\/www.europesays.com\/fr\/wp-json\/wp\/v2\/types\/post"}],"author":[{"embeddable":true,"href":"https:\/\/www.europesays.com\/fr\/wp-json\/wp\/v2\/users\/2"}],"replies":[{"embeddable":true,"href":"https:\/\/www.europesays.com\/fr\/wp-json\/wp\/v2\/comments?post=156722"}],"version-history":[{"count":0,"href":"https:\/\/www.europesays.com\/fr\/wp-json\/wp\/v2\/posts\/156722\/revisions"}],"wp:featuredmedia":[{"embeddable":true,"href":"https:\/\/www.europesays.com\/fr\/wp-json\/wp\/v2\/media\/156723"}],"wp:attachment":[{"href":"https:\/\/www.europesays.com\/fr\/wp-json\/wp\/v2\/media?parent=156722"}],"wp:term":[{"taxonomy":"category","embeddable":true,"href":"https:\/\/www.europesays.com\/fr\/wp-json\/wp\/v2\/categories?post=156722"},{"taxonomy":"post_tag","embeddable":true,"href":"https:\/\/www.europesays.com\/fr\/wp-json\/wp\/v2\/tags?post=156722"}],"curies":[{"name":"wp","href":"https:\/\/api.w.org\/{rel}","templated":true}]}}