{"id":15673,"date":"2025-04-10T19:07:08","date_gmt":"2025-04-10T19:07:08","guid":{"rendered":"https:\/\/www.europesays.com\/fr\/15673\/"},"modified":"2025-04-10T19:07:08","modified_gmt":"2025-04-10T19:07:08","slug":"friedrich-merz-lespoir-de-faire-de-lallemagne-le-moteur-de-laffirmation-europeenne","status":"publish","type":"post","link":"https:\/\/www.europesays.com\/fr\/15673\/","title":{"rendered":"Friedrich Merz, l\u2019espoir de faire de l\u2019Allemagne le moteur de l\u2019affirmation europ\u00e9enne"},"content":{"rendered":"<p>Dans le tourbillon g\u00e9opolitique actuel, l\u2019av\u00e8nement d\u2019un gouvernement de coalition \u00e0 Berlin, apr\u00e8s six semaines de n\u00e9gociation, est une nouvelle positive. Premi\u00e8re \u00e9conomie europ\u00e9enne, l\u2019Allemagne a besoin de deux choses a priori paradoxales: de stabilit\u00e9 et d\u2019\u00e9lan. Si le contrat de coalition doit encore \u00eatre approuv\u00e9 par la CDU\/CSU et les sociaux-d\u00e9mocrates du SPD, la probable \u00e9lection, le 7\u00a0mai, du conservateur Friedrich Merz \u00e0 la Chancellerie constitue une alternance politique dont le pays avait besoin.<\/p>\n<p>Face \u00e0 la mont\u00e9e dangereuse de l\u2019Alternative pour l\u2019Allemagne (AfD), qui est devenue en f\u00e9vrier la deuxi\u00e8me force politique du pays, un chancelier chr\u00e9tien-d\u00e9mocrate est mieux plac\u00e9 pour faire barrage \u00e0 l\u2019extr\u00eame droite. A une condition: qu\u2019il continue de refuser de s\u2019allier avec elle.<\/p>\n<p>            Lire aussi: <a href=\"https:\/\/www.letemps.ch\/articles\/pas-de-geant-vers-la-formation-d-un-gouvernement-allemand\" rel=\"nofollow noopener\" target=\"_blank\">Pas de g\u00e9ant vers la formation d\u2019un gouvernement allemand<\/a>  <\/p>\n<p>Longtemps montr\u00e9e en mod\u00e8le de dynamisme \u00e9conomique et de stabilit\u00e9 politique, l\u2019Allemagne a \u00e9t\u00e9 fortement d\u00e9stabilis\u00e9e par la guerre en Ukraine, qui l\u2019a contrainte \u00e0 revoir radicalement sa politique de d\u00e9fense. Elle va investir plus de 100\u00a0milliards d\u2019euros pour renforcer la Bundeswehr. Elle est aussi fortement secou\u00e9e par une administration am\u00e9ricaine qui a fait de Berlin son bouc \u00e9missaire pr\u00e9f\u00e9r\u00e9. Or depuis 1945, les Etats-Unis ont \u00e9t\u00e9 un \u00e9l\u00e9ment structurant majeur du d\u00e9veloppement de l\u2019Allemagne. Si l\u2019on y ajoute un risque de r\u00e9cession pour la troisi\u00e8me ann\u00e9e cons\u00e9cutive et une industrie automobile en plein doute, nos voisins d\u2019outre-Rhin ont de quoi s\u2019interroger sur leur devenir.<\/p>\n<p>Notre commentaire: <a href=\"https:\/\/www.letemps.ch\/articles\/la-nouvelle-revolution-allemande\" rel=\"nofollow noopener\" target=\"_blank\">La nouvelle r\u00e9volution allemande<\/a>  <\/p>\n<p>Friedrich Merz a toutefois donn\u00e9 des signaux encourageants. En r\u00e9ussissant \u00e0 convaincre le SPD et les Verts de la n\u00e9cessit\u00e9 d\u2019assouplir le frein \u00e0 l\u2019endettement, totem de l\u2019aust\u00e9rit\u00e9 allemande qui a longtemps paralys\u00e9 les investissements, il place le pays en condition de se moderniser et de se projeter dans un futur plus prosp\u00e8re. De Gerhard Schr\u00f6der \u00e0 Olaf Scholz en passant par Angela Merkel, les derniers chanceliers ont omis d\u2019investir dans des infrastructures aujourd\u2019hui obsol\u00e8tes et se sont repos\u00e9s sur une rente de situation ax\u00e9e sur les exportations et un gaz russe \u00e0 bon march\u00e9. Le g\u00e9nie industriel allemand piaffe d\u00e9sormais d\u2019impatience pour b\u00e9n\u00e9ficier de conditions-cadres dignes de ce nom.<\/p>\n<p>Notre \u00e9ditorial: <a href=\"https:\/\/www.letemps.ch\/articles\/l-enorme-responsabilite-de-friedrich-merz-vainqueur-des-legislatives-allemandes\" rel=\"nofollow noopener\" target=\"_blank\">L\u2019\u00e9norme responsabilit\u00e9 de Friedrich Merz, vainqueur des l\u00e9gislatives allemandes<\/a>  <\/p>\n<p>Enfin, avec une administration Trump qui fait de la d\u00e9testation de l\u2019Europe sa marque de fabrique, le discours tr\u00e8s pro-europ\u00e9en de Friedrich Merz est rassurant. L\u2019Allemagne doit \u00eatre l\u2019un des moteurs de l\u2019affirmation g\u00e9opolitique du Vieux-Continent, \u00e9cartel\u00e9 entre l\u2019Am\u00e9rique et la Chine.<\/p>\n","protected":false},"excerpt":{"rendered":"Dans le tourbillon g\u00e9opolitique actuel, l\u2019av\u00e8nement d\u2019un gouvernement de coalition \u00e0 Berlin, apr\u00e8s six semaines de n\u00e9gociation, est&hellip;\n","protected":false},"author":2,"featured_media":15674,"comment_status":"","ping_status":"","sticky":false,"template":"","format":"standard","meta":{"footnotes":""},"categories":[1587],"tags":[11,672,1804,1805,1803,73,1777,674,4438,1801,12,1802,132,220],"class_list":{"0":"post-15673","1":"post","2":"type-post","3":"status-publish","4":"format-standard","5":"has-post-thumbnail","7":"category-allemagne","8":"tag-actualites","9":"tag-allemagne","10":"tag-bundesrepublik-deutschland","11":"tag-de","12":"tag-deutschland","13":"tag-etats-unis","14":"tag-eu","15":"tag-europe","16":"tag-free","17":"tag-germany","18":"tag-news","19":"tag-republique-federale-dallemagne","20":"tag-russie","21":"tag-ukraine"},"share_on_mastodon":{"url":"https:\/\/pubeurope.com\/@fr\/114315240628789887","error":""},"_links":{"self":[{"href":"https:\/\/www.europesays.com\/fr\/wp-json\/wp\/v2\/posts\/15673","targetHints":{"allow":["GET"]}}],"collection":[{"href":"https:\/\/www.europesays.com\/fr\/wp-json\/wp\/v2\/posts"}],"about":[{"href":"https:\/\/www.europesays.com\/fr\/wp-json\/wp\/v2\/types\/post"}],"author":[{"embeddable":true,"href":"https:\/\/www.europesays.com\/fr\/wp-json\/wp\/v2\/users\/2"}],"replies":[{"embeddable":true,"href":"https:\/\/www.europesays.com\/fr\/wp-json\/wp\/v2\/comments?post=15673"}],"version-history":[{"count":0,"href":"https:\/\/www.europesays.com\/fr\/wp-json\/wp\/v2\/posts\/15673\/revisions"}],"wp:featuredmedia":[{"embeddable":true,"href":"https:\/\/www.europesays.com\/fr\/wp-json\/wp\/v2\/media\/15674"}],"wp:attachment":[{"href":"https:\/\/www.europesays.com\/fr\/wp-json\/wp\/v2\/media?parent=15673"}],"wp:term":[{"taxonomy":"category","embeddable":true,"href":"https:\/\/www.europesays.com\/fr\/wp-json\/wp\/v2\/categories?post=15673"},{"taxonomy":"post_tag","embeddable":true,"href":"https:\/\/www.europesays.com\/fr\/wp-json\/wp\/v2\/tags?post=15673"}],"curies":[{"name":"wp","href":"https:\/\/api.w.org\/{rel}","templated":true}]}}