{"id":156742,"date":"2025-06-06T14:52:09","date_gmt":"2025-06-06T14:52:09","guid":{"rendered":"https:\/\/www.europesays.com\/fr\/156742\/"},"modified":"2025-06-06T14:52:09","modified_gmt":"2025-06-06T14:52:09","slug":"trois-hommes-seront-juges-en-avril-2026-pour-des-incendies-visant-des-proprietes-liees-a-starmer","status":"publish","type":"post","link":"https:\/\/www.europesays.com\/fr\/156742\/","title":{"rendered":"trois hommes seront jug\u00e9s en avril 2026 pour des incendies visant des propri\u00e9t\u00e9s li\u00e9es \u00e0 Starmer"},"content":{"rendered":"<p class=\"fig-paragraph\">Trois hommes, dont deux Ukrainiens, inculp\u00e9s dans l&rsquo;enqu\u00eate sur des incendies contre des propri\u00e9t\u00e9s li\u00e9es au Premier ministre britannique\u00a0<a href=\"http:\/\/www.lefigaro.fr\/flash-actu\/royaume-uni-la-police-enquete-sur-un-depart-de-feu-dans-la-maison-du-premier-ministre-keir-starmer-20250512\" target=\"_blank\" data-fig-type=\"NewsFlash\" rel=\"noopener\" data-gtm-custom-categorie=\"navigation\" data-gtm-custom-action=\"crossclick\" data-gtm-custom-label=\"Contextuel\" data-gtm-event=\"customEventSPE\" data-fig-domain=\"LEFIGARO\">Keir Starmer<\/a>\u00a0seront jug\u00e9s en avril 2026. Une date fix\u00e9e lors d&rsquo;une audience ce vendredi 6 juin devant la Cour criminelle de\u00a0<a href=\"http:\/\/www.lefigaro.fr\/flash-actu\/six-hommes-accuses-d-avoir-organise-un-incendie-au-profit-du-groupe-wagner-juges-a-londres-20250604\" target=\"_blank\" data-fig-type=\"NewsFlash\" rel=\"noopener\" data-gtm-custom-categorie=\"navigation\" data-gtm-custom-action=\"crossclick\" data-gtm-custom-label=\"Contextuel\" data-gtm-event=\"customEventSPE\" data-fig-domain=\"LEFIGARO\">Londres<\/a>.<\/p>\n<p class=\"fig-paragraph\">Roman Lavrynovych, 21 ans, et Stanislav Carpiuc, 26 ans, de nationalit\u00e9s roumaines mais n\u00e9s en Ukraine, ont comparu vendredi en visioconf\u00e9rence depuis la prison de haute s\u00e9curit\u00e9 de Belmarsh o\u00f9 ils sont d\u00e9tenus, tandis que Petro Pochynok, 34 ans, a refus\u00e9 de quitter sa cellule pour assister \u00e0 l&rsquo;audience.<\/p>\n<p class=\"fig-paragraph\">Tous trois sont soup\u00e7onn\u00e9s d&rsquo;\u00eatre impliqu\u00e9s dans l&rsquo;incendie qui a vis\u00e9 dans la nuit du 11 au 12 mai dernier l&rsquo;ancienne r\u00e9sidence de Keir Starmer dans le quartier de Kentish Town, dans le nord de Londres. Le sinistre a caus\u00e9 des d\u00e9g\u00e2ts \u00e0 l&rsquo;entr\u00e9e de cette maison, selon la police.<\/p>\n<p>\u00abIncendie criminel avec l\u2019intention de mettre en danger\u00bb<\/p>\n<p class=\"fig-paragraph\">Le dirigeant travailliste n&rsquo;y vit plus depuis son installation au 10, Downing Street, depuis juillet 2024, mais il en est toujours propri\u00e9taire, selon des m\u00e9dias britanniques.<\/p>\n<p class=\"fig-paragraph\">Durant l&rsquo;audience, Lavrynovych, inculp\u00e9 pour \u00abincendie criminel avec l&rsquo;intention de mettre en danger\u00bb la vie d&rsquo;autrui, et Carpiuc, inculp\u00e9 comme Pochynok de \u00abcomplot en vue de commettre un incendie criminel avec l&rsquo;intention de mettre en danger\u00bb la vie d&rsquo;autrui, ont simplement confirm\u00e9 leur identit\u00e9 en ayant recours \u00e0 un interpr\u00e8te. Leur proc\u00e8s a \u00e9t\u00e9 fix\u00e9 au 27 avril 2026. L&rsquo;avocat de Stanislav Carpiuc, Jay Nutkins, a d\u00e9clar\u00e9 que son client \u00abnie avoir particip\u00e9 \u00e0 aucun complot\u00bb, et qu&rsquo;\u00abil n&rsquo;\u00e9tait pas pr\u00e9sent\u00bb sur les lieux des incendies.<\/p>\n<p>Prochaine audience pr\u00e9vue le 17 octobre<\/p>\n<p class=\"fig-paragraph\">Ils sont soup\u00e7onn\u00e9s par ailleurs d&rsquo;avoir particip\u00e9 \u00e0 l&rsquo;incendie d&rsquo;un v\u00e9hicule le 8 mai dernier, dans la rue de l&rsquo;ancien domicile du Premier ministre, et d&rsquo;un autre, le 11 mai, devant l&rsquo;entr\u00e9e d&rsquo;une propri\u00e9t\u00e9 du quartier d&rsquo;Islington, \u00e9galement dans le nord de la capitale ce dimanche dernier.<\/p>\n<p class=\"fig-paragraph\">Une prochaine audience durant laquelle les trois hommes devront dire s\u2019ils plaident coupable ou non est pr\u00e9vue le 17 octobre. D\u2019ici l\u00e0, ils resteront tous trois en d\u00e9tention.<\/p>\n<p class=\"fig-paragraph\">Un quatri\u00e8me homme de 48 ans, dont la nationalit\u00e9 n&rsquo;a pas \u00e9t\u00e9 pr\u00e9cis\u00e9e, a \u00e9t\u00e9 arr\u00eat\u00e9 et plac\u00e9 en garde \u00e0 vue lundi \u00e0 l&rsquo;a\u00e9roport de Stansted, au nord de Londres, dans le cadre de cette enqu\u00eate.<\/p>\n","protected":false},"excerpt":{"rendered":"Trois hommes, dont deux Ukrainiens, inculp\u00e9s dans l&rsquo;enqu\u00eate sur des incendies contre des propri\u00e9t\u00e9s li\u00e9es au Premier ministre&hellip;\n","protected":false},"author":2,"featured_media":156743,"comment_status":"","ping_status":"","sticky":false,"template":"","format":"standard","meta":{"footnotes":""},"categories":[1588],"tags":[1111,47,11,1109,1112,1777,674,118,1108,107,1106,1107,27,5383,1110,1114,14,2581,12,1113,316,473,1853,1851,1850,1852],"class_list":{"0":"post-156742","1":"post","2":"type-post","3":"status-publish","4":"format-standard","5":"has-post-thumbnail","7":"category-royaume-uni","8":"tag-actu","9":"tag-actualite","10":"tag-actualites","11":"tag-breves","12":"tag-depeches","13":"tag-eu","14":"tag-europe","15":"tag-faits-divers","16":"tag-fil","17":"tag-fil-info","18":"tag-flash","19":"tag-flash-actu","20":"tag-france","21":"tag-incendies","22":"tag-informations","23":"tag-infos","24":"tag-international","25":"tag-keir-starmer","26":"tag-news","27":"tag-nouvelles","28":"tag-politique","29":"tag-royaume-uni","30":"tag-royaume-uni-de-grande-bretagne-et-dirlande-du-nord","31":"tag-uk","32":"tag-united-kingdom","33":"tag-united-kingdom-of-great-britain-and-northern-ireland"},"share_on_mastodon":{"url":"https:\/\/pubeurope.com\/@fr\/114636989712226139","error":""},"_links":{"self":[{"href":"https:\/\/www.europesays.com\/fr\/wp-json\/wp\/v2\/posts\/156742","targetHints":{"allow":["GET"]}}],"collection":[{"href":"https:\/\/www.europesays.com\/fr\/wp-json\/wp\/v2\/posts"}],"about":[{"href":"https:\/\/www.europesays.com\/fr\/wp-json\/wp\/v2\/types\/post"}],"author":[{"embeddable":true,"href":"https:\/\/www.europesays.com\/fr\/wp-json\/wp\/v2\/users\/2"}],"replies":[{"embeddable":true,"href":"https:\/\/www.europesays.com\/fr\/wp-json\/wp\/v2\/comments?post=156742"}],"version-history":[{"count":0,"href":"https:\/\/www.europesays.com\/fr\/wp-json\/wp\/v2\/posts\/156742\/revisions"}],"wp:featuredmedia":[{"embeddable":true,"href":"https:\/\/www.europesays.com\/fr\/wp-json\/wp\/v2\/media\/156743"}],"wp:attachment":[{"href":"https:\/\/www.europesays.com\/fr\/wp-json\/wp\/v2\/media?parent=156742"}],"wp:term":[{"taxonomy":"category","embeddable":true,"href":"https:\/\/www.europesays.com\/fr\/wp-json\/wp\/v2\/categories?post=156742"},{"taxonomy":"post_tag","embeddable":true,"href":"https:\/\/www.europesays.com\/fr\/wp-json\/wp\/v2\/tags?post=156742"}],"curies":[{"name":"wp","href":"https:\/\/api.w.org\/{rel}","templated":true}]}}