{"id":156762,"date":"2025-06-06T15:05:13","date_gmt":"2025-06-06T15:05:13","guid":{"rendered":"https:\/\/www.europesays.com\/fr\/156762\/"},"modified":"2025-06-06T15:05:13","modified_gmt":"2025-06-06T15:05:13","slug":"marc-marquez-facile-fabio-quartararo-pas-qualifie-en-q2","status":"publish","type":"post","link":"https:\/\/www.europesays.com\/fr\/156762\/","title":{"rendered":"Marc M\u00e1rquez facile, Fabio Quartararo pas qualifi\u00e9 en Q2"},"content":{"rendered":"<p>Le premier temps fort du Grand Prix\u00a0d&rsquo;Arag\u00f3n, avec la s\u00e9ance d&rsquo;Essais d\u00e9terminante pour attribuer les dix premi\u00e8res places disponibles en Q2, d\u00e9butait de nouveau sous un ciel bleu, avec 31\u00b0C dans l&rsquo;air et 48\u00b0C sur la piste.<\/p>\n<p>Le d\u00e9but de s\u00e9ance a vu des strat\u00e9gies diff\u00e9rentes en mati\u00e8re de pneus utilis\u00e9s. Quelques pilotes utilisaient d&rsquo;entr\u00e9e un pneu tendre \u00e0 l&rsquo;arri\u00e8re, pendant que la majorit\u00e9 du peloton d\u00e9marrait avec une monte plus conservatrice, \u00e0 savoir le medium.\u00a0Marco Bezzecchi (Aprilia), arm\u00e9 d&rsquo;un medium us\u00e9 \u00e0 l&rsquo;arri\u00e8re, a un temps tenu la premi\u00e8re position, avant d&rsquo;\u00eatre d\u00e9tr\u00f4n\u00e9 \u00e0 la fin de ce premier run par Marc M\u00e1rquez\u00a0(Ducati), avec un medium neuf pour sa part et un chrono de 1&rsquo;47&Prime;370, 0&Prime;272 devant l&rsquo;Italien et 0&Prime;358 devant Maverick Vi\u00f1ales\u00a0(KTM Tech3), le mieux plac\u00e9 des pilotes avec un pneu tendre.<\/p>\n<p>Au terme du premier quart d&rsquo;heure de roulage, outre ces trois pilotes, le top 10 \u00e9tait compos\u00e9 d&rsquo;\u00c1lex M\u00e1rquez, Pecco Bagnaia, Pedro Acosta, Jack Miller, Ferm\u00edn Aldeguer, Brad Binder et Fabio di Giannantonio. Les Fran\u00e7ais restaient en retrait, avec Fabio Quartararo \u2013 visiblement agac\u00e9 apr\u00e8s son premier relais \u2013 12e et Johann Zarco 14e.<\/p>\n<p>\u00a0<\/p>\n<p>Dans un c\u0153ur de s\u00e9ance principalement consacr\u00e9 au roulage sur des gommes us\u00e9es pour simuler les relais de course, le top 10 allait \u00e9voluer au gr\u00e9 des quelques am\u00e9liorations. Alors que Quartararo se faisait plusieurs chaleurs \u2013 et ne masquait de nouveau pas son \u00e9nervement en tapant sur le r\u00e9servoir de sa Yamaha \u2013 et qu&rsquo;une des Ducati de Franco Morbidelli d\u00e9gageait un petit panache de fum\u00e9e au niveau de l&rsquo;\u00e9chappement, Marc\u00a0M\u00e1rquez impressionnait encore et toujours \u00e0 mi-s\u00e9ance en am\u00e9liorant la r\u00e9f\u00e9rence avec des pneus mediums comptant une douzaine de tours, signant 1&rsquo;47&Prime;212. Bagnaia, dans les m\u00eames conditions, progressait \u00e9galement mais demeurait \u00e0 une demi-seconde de son \u00e9quipier.<\/p>\n<p>Avant le d\u00e9but des ultimes time attacks, Marc M\u00e1rquez, Acosta, Vi\u00f1ales, Bezzecchi, Bagnaia, Aldeguer, Mir, \u00c1lex M\u00e1rquez, Miller et Morbidelli constituaient un top 10 plus que jamais provisoire.<\/p>\n<p>Quartararo trop loin du compte<br \/>\n   <img decoding=\"async\" draggable=\"false\" src=\"https:\/\/www.europesays.com\/fr\/wp-content\/uploads\/2025\/06\/1749222312_508_fabio-quartararo-yamaha-factor.jpg\" alt=\"Fabio Quartararo, Yamaha Factory Racing\" width=\"1200\" height=\"800\" loading=\"lazy\"\/> <\/p>\n<p class=\"title\">Fabio Quartararo, Yamaha Factory Racing<\/p>\n<p class=\"photographer\">Photo de: Gold and Goose Photography \/ LAT Images \/ via Getty Images<\/p>\n<p>Les pneus tendres neufs \u00e9taient de sortie pour tous les pilotes \u00e0 l&rsquo;entame du dernier quart d&rsquo;heure de roulage, sur une piste plus chaude que jamais, \u00e0 51\u00b0C. Sans grande surprise,\u00a0Marc M\u00e1rquez ne tardait pas \u00e0 fixer un temps canon de 1&rsquo;46&Prime;397 \u2013 qui n&rsquo;allait d&rsquo;ailleurs pas \u00eatre d\u00e9pass\u00e9 \u2013, repoussant\u00a0\u00c1lex \u00e0 une demi-seconde et Acosta \u00e0 sept dixi\u00e8mes. Bagnaia, clairement pas \u00e0 l&rsquo;aise au guidon de la Ducati, \u00e9tait le dernier pilote qualifi\u00e9 directement pour la Q2, juste derri\u00e8re Zarco, \u00e0 huit minutes de la fin.<\/p>\n<p>Dans les tous derniers instants, pendant que Marc M\u00e1rquez se contentait de conserver son pneu tendre us\u00e9, tous les autres se relan\u00e7aient avec un tendre neuf. \u00c0 ce petit jeu, \u00c1lex M\u00e1rquez effectuait un rapproch\u00e9 \u00e0 deux dixi\u00e8mes de son fr\u00e8re pendant que Zarco progressait encore dans la hi\u00e9rarchie pour assurer sa place en Q2. En revanche, du c\u00f4t\u00e9 de Quartararo, la situation allait demeurer trop compliqu\u00e9e pour parvenir \u00e0 terminer dans le top 10, avec une 18e place douloureuse suite \u00e0 une ultime tentative avort\u00e9e.<\/p>\n<p>Aucune Yamaha et aucune Aprilia ne figurait d&rsquo;ailleurs dans les qualifi\u00e9s directs, alors que KTM y pla\u00e7ait trois machines pour la premi\u00e8re fois depuis le GP de Catalogne 2024.<\/p>\n<p>Lire aussi :<\/p>\n<p><img decoding=\"async\" class=\"ms-flag-img ms-flag-img_s2\" title=\"Spain\" src=\"https:\/\/www.europesays.com\/fr\/wp-content\/uploads\/2025\/06\/es-3.svg.svg+xml\" alt=\"Spain\" width=\"32\" loading=\"lazy\"\/>\u00a0GP d&rsquo;Arag\u00f3n MotoGP &#8211; Essais<\/p>\n<\/p>\n<p>Dans cet article<\/p>\n<p>Soyez le premier inform\u00e9 et souscrivez aux alertes mails pour recevoir les infos en temps r\u00e9el<\/p>\n<p>    S&rsquo;abonner aux alertes de news<\/p>\n","protected":false},"excerpt":{"rendered":"Le premier temps fort du Grand Prix\u00a0d&rsquo;Arag\u00f3n, avec la s\u00e9ance d&rsquo;Essais d\u00e9terminante pour attribuer les dix premi\u00e8res places&hellip;\n","protected":false},"author":2,"featured_media":156763,"comment_status":"","ping_status":"","sticky":false,"template":"","format":"standard","meta":{"footnotes":""},"categories":[1412],"tags":[1451,1452,1453,1454,1455,1011,27,26452,1458,26453,60],"class_list":{"0":"post-156762","1":"post","2":"type-post","3":"status-publish","4":"format-standard","5":"has-post-thumbnail","7":"category-f1","8":"tag-f1","9":"tag-formula-1","10":"tag-formula1","11":"tag-formule-1","12":"tag-formule1","13":"tag-fr","14":"tag-france","15":"tag-gp-daragu00f3n","16":"tag-motogp","17":"tag-motorland-aragu00f3n","18":"tag-sports"},"share_on_mastodon":{"url":"https:\/\/pubeurope.com\/@fr\/114637040775916871","error":""},"_links":{"self":[{"href":"https:\/\/www.europesays.com\/fr\/wp-json\/wp\/v2\/posts\/156762","targetHints":{"allow":["GET"]}}],"collection":[{"href":"https:\/\/www.europesays.com\/fr\/wp-json\/wp\/v2\/posts"}],"about":[{"href":"https:\/\/www.europesays.com\/fr\/wp-json\/wp\/v2\/types\/post"}],"author":[{"embeddable":true,"href":"https:\/\/www.europesays.com\/fr\/wp-json\/wp\/v2\/users\/2"}],"replies":[{"embeddable":true,"href":"https:\/\/www.europesays.com\/fr\/wp-json\/wp\/v2\/comments?post=156762"}],"version-history":[{"count":0,"href":"https:\/\/www.europesays.com\/fr\/wp-json\/wp\/v2\/posts\/156762\/revisions"}],"wp:featuredmedia":[{"embeddable":true,"href":"https:\/\/www.europesays.com\/fr\/wp-json\/wp\/v2\/media\/156763"}],"wp:attachment":[{"href":"https:\/\/www.europesays.com\/fr\/wp-json\/wp\/v2\/media?parent=156762"}],"wp:term":[{"taxonomy":"category","embeddable":true,"href":"https:\/\/www.europesays.com\/fr\/wp-json\/wp\/v2\/categories?post=156762"},{"taxonomy":"post_tag","embeddable":true,"href":"https:\/\/www.europesays.com\/fr\/wp-json\/wp\/v2\/tags?post=156762"}],"curies":[{"name":"wp","href":"https:\/\/api.w.org\/{rel}","templated":true}]}}