{"id":156764,"date":"2025-06-06T15:06:08","date_gmt":"2025-06-06T15:06:08","guid":{"rendered":"https:\/\/www.europesays.com\/fr\/156764\/"},"modified":"2025-06-06T15:06:08","modified_gmt":"2025-06-06T15:06:08","slug":"cyclisme-tour-de-slovenie-dylan-groenewegen-bat-molano-et-bauhaus-sur-la-3e-etape","status":"publish","type":"post","link":"https:\/\/www.europesays.com\/fr\/156764\/","title":{"rendered":"Cyclisme. Tour de Slov\u00e9nie &#8211; Dylan Groenewegen bat Molano et Bauhaus sur la 3e \u00e9tape"},"content":{"rendered":"<p>D\u00e9j\u00e0 vainqueur de de l&rsquo;\u00e9tape inaugurale, <strong>Dylan Groenewegen <\/strong>a remport\u00e9 ce vendredi le 2e sprint de ce<strong> <a href=\"https:\/\/www.cyclismactu.net\/..\/news-tour-de-slovenie-route-rui-oliveira-declasse-fabio-christen-vainqueur-de-2e-etape-88221.html\" rel=\"nofollow noopener\" target=\"_blank\">Tour de Slov\u00e9nie<\/a><\/strong>, \u00e0 l&rsquo;occasion de la 3e \u00e9tape entre Majsperk et Ormoz (172 km). Dans un sprint accroch\u00e9, le N\u00e9erlandais de la<strong> Jayco AlUla<\/strong> s&rsquo;est impos\u00e9 devant <strong>Juan Sebastian Molano<\/strong> (UAE Team Emirates XRG) et <strong>Phil Bauhaus<\/strong> (Bahrain Victorious). Pas de changement au classement g\u00e9n\u00e9ral, <strong>Fabio Christen<\/strong> (Q36.5 Pro Cycling) conserve son maillot vert de leader.<\/p>\n<p>Vid\u00e9o &#8211; Revivez le final de cette 3e \u00e9tape et son sprint Lire la suite de l&rsquo;article&#13;<\/p>\n<p>\u00a0<\/p>\n<p>&#13;<br \/>\nLe r\u00e9sum\u00e9&#13;<\/p>\n<p>Une \u00e9chapp\u00e9e de cinq coureurs s\u2019est form\u00e9e, comprenant notamment le Slov\u00e8ne <strong>Nejc Komac<\/strong>\u00a0(Factor Racing). Ce dernier a tent\u00e9 sa chance en solitaire, creusant un \u00e9cart de 54 secondes au sommet de la mont\u00e9e de Jeruzalem, esp\u00e9rant offrir une victoire \u00e0 domicile \u00e0 son \u00e9quipe. Mais le peloton, men\u00e9 par <strong>Jayco AlUla<\/strong> pour son sprinteur <strong>Dylan Groenewegen<\/strong>, a progressivement r\u00e9duit l\u2019\u00e9cart. <strong>Paul Wright<\/strong>, co\u00e9quipier de <strong>Komac<\/strong>, a bri\u00e8vement tent\u00e9 de perturber les plans des \u00e9quipes de sprinteurs, sans succ\u00e8s. <strong>Komac <\/strong>a \u00e9t\u00e9 repris \u00e0 4 km de l\u2019arriv\u00e9e apr\u00e8s un bel effort. <strong>Wright <\/strong>a tent\u00e9 une nouvelle offensive dans le final, mais en vain.<\/p>\n<p>&#13;<\/p>\n<p>Dans le sprint final, deux \u00e9quipes se sont disput\u00e9es le lead, la <strong>Jayco AlUla<\/strong> et la formation <strong>UAE Team Emirates XRG<\/strong> de <strong>Juan Sebastian Molano<\/strong>. Le Colombien a \u00e9t\u00e9 le premier \u00e0 lancer, mais <strong>Groeneegen <\/strong>est rapidement revenu \u00e0 sa hauteur&#8230; avant de la d\u00e9passer dans les derniers m\u00e8tres d&rsquo;un sprint tr\u00e8s accroch\u00e9.<strong> Phil Bauhaus<\/strong> (Bahrain Victorious) a pris la 3e place devant <strong>Tim Torn Teutenberg<\/strong> (Lidl-Trek) et <strong>Manuel Penalver <\/strong>(Team Polti VisitMalta).<\/p>\n<p>Tour de Slovenie &#8211; Classement de la 3\u00e8 \u00e9tape Tour de Slovenie &#8211; Classement g\u00e9n\u00e9ral provisoire apr\u00e8s la 3\u00e8 \u00e9tape<\/p>\n","protected":false},"excerpt":{"rendered":"D\u00e9j\u00e0 vainqueur de de l&rsquo;\u00e9tape inaugurale, Dylan Groenewegen a remport\u00e9 ce vendredi le 2e sprint de ce Tour&hellip;\n","protected":false},"author":2,"featured_media":156765,"comment_status":"","ping_status":"","sticky":false,"template":"","format":"standard","meta":{"footnotes":""},"categories":[1411],"tags":[1154,207,211,1011,27,209,60,210,27587,212,208,213],"class_list":{"0":"post-156764","1":"post","2":"type-post","3":"status-publish","4":"format-standard","5":"has-post-thumbnail","7":"category-cyclisme","8":"tag-cycling","9":"tag-cyclisme","10":"tag-ffc","11":"tag-fr","12":"tag-france","13":"tag-route","14":"tag-sports","15":"tag-tour-de-france","16":"tag-tour-de-slovenie","17":"tag-uci","18":"tag-velo","19":"tag-world-tour"},"share_on_mastodon":{"url":"https:\/\/pubeurope.com\/@fr\/114637044920420045","error":""},"_links":{"self":[{"href":"https:\/\/www.europesays.com\/fr\/wp-json\/wp\/v2\/posts\/156764","targetHints":{"allow":["GET"]}}],"collection":[{"href":"https:\/\/www.europesays.com\/fr\/wp-json\/wp\/v2\/posts"}],"about":[{"href":"https:\/\/www.europesays.com\/fr\/wp-json\/wp\/v2\/types\/post"}],"author":[{"embeddable":true,"href":"https:\/\/www.europesays.com\/fr\/wp-json\/wp\/v2\/users\/2"}],"replies":[{"embeddable":true,"href":"https:\/\/www.europesays.com\/fr\/wp-json\/wp\/v2\/comments?post=156764"}],"version-history":[{"count":0,"href":"https:\/\/www.europesays.com\/fr\/wp-json\/wp\/v2\/posts\/156764\/revisions"}],"wp:featuredmedia":[{"embeddable":true,"href":"https:\/\/www.europesays.com\/fr\/wp-json\/wp\/v2\/media\/156765"}],"wp:attachment":[{"href":"https:\/\/www.europesays.com\/fr\/wp-json\/wp\/v2\/media?parent=156764"}],"wp:term":[{"taxonomy":"category","embeddable":true,"href":"https:\/\/www.europesays.com\/fr\/wp-json\/wp\/v2\/categories?post=156764"},{"taxonomy":"post_tag","embeddable":true,"href":"https:\/\/www.europesays.com\/fr\/wp-json\/wp\/v2\/tags?post=156764"}],"curies":[{"name":"wp","href":"https:\/\/api.w.org\/{rel}","templated":true}]}}