{"id":156768,"date":"2025-06-06T15:08:11","date_gmt":"2025-06-06T15:08:11","guid":{"rendered":"https:\/\/www.europesays.com\/fr\/156768\/"},"modified":"2025-06-06T15:08:11","modified_gmt":"2025-06-06T15:08:11","slug":"le-premier-bain-de-foule-de-la-princesse-ines-a-4-mois-et-en-costume-national-suedois","status":"publish","type":"post","link":"https:\/\/www.europesays.com\/fr\/156768\/","title":{"rendered":"Le premier bain de foule de la princesse Ines \u00e0 4 mois et en costume national su\u00e9dois"},"content":{"rendered":"<p>L\u2019apparition de la princesse Ines de Su\u00e8de dans la cour du palais royal de Stockholm est la surprise de cette journ\u00e9e de f\u00eate nationale. Le prince Carl Philip et la princesse Sofia, charg\u00e9s d\u2019ouvrir les portes du palais \u00e0 la population, ont surpris la foule en apparaissant avec leur fillette de quatre mois dans les bras. La petite Ines portait d\u00e9j\u00e0 son premier costume national jaune et bleu.<\/p>\n<p><strong>Lire aussi : <a href=\"https:\/\/histoiresroyales.fr\/premiere-apparition-publique-princesse-ines-balcon-palais-royal-79-ans-roi-de-suede\/\" target=\"_blank\" rel=\"noopener\">Premi\u00e8re apparition publique de la princesse Ines, au balcon du palais royal pour les 79 ans du roi de Su\u00e8de<\/a><\/strong><\/p>\n<p>La princesse Ines participe \u00e0 sa premi\u00e8re f\u00eate nationale<\/p>\n<p>La petite <a href=\"https:\/\/histoiresroyales.fr\/famille-royale-de-suede\/ines-de-suede\/\" target=\"_blank\" rel=\"noopener\">princesse Ines de Su\u00e8de<\/a> n\u2019a que quatre mois et pourtant, elle en est d\u00e9j\u00e0 \u00e0 sa deuxi\u00e8me apparition publique depuis sa naissance. Le 30 avril, Ines avait \u00e9t\u00e9 pr\u00e9sent\u00e9e pour la premi\u00e8re fois \u00e0 la foule. Ce jour-l\u00e0, ses parents, le prince Carl Philip et la princesse Sofia, l\u2019avaient prise avec eux lors de leur apparition aupr\u00e8s des autres membres de la famille royale au balcon du palais royal de Stockholm, \u00e0 l\u2019occasion du 79e anniversaire du roi Carl XVI Gustaf. <\/p>\n<blockquote class=\"instagram-media\" data-instgrm-permalink=\"https:\/\/www.instagram.com\/p\/DKjZup-Kf3O\/?utm_source=ig_embed&amp;utm_campaign=loading\" data-instgrm-version=\"14\" style=\" background:#FFF; border:0; border-radius:3px; box-shadow:0 0 1px 0 rgba(0,0,0,0.5),0 1px 10px 0 rgba(0,0,0,0.15); margin: 1px; max-width:540px; min-width:326px; padding:0; width:99.375%; width:-webkit-calc(100% - 2px); width:calc(100% - 2px);\"\/>\n<p><strong>Lire aussi : <a href=\"https:\/\/histoiresroyales.fr\/princesse-ines-dorlotee-trois-grands-freres\/\" target=\"_blank\" rel=\"noopener\">La princesse Ines dorlot\u00e9e par ses trois grands fr\u00e8res<\/a><\/strong><\/p>\n<p>Ce 6 juin 2025, tous les membres de la famille royale sont mis \u00e0 contribution \u00e0 l\u2019occasion de la f\u00eate nationale. Le prince Carl Philip, fils du roi Carl XVI Gustaf et de la reine Silvia, \u00e9tait charg\u00e9 avec son \u00e9pouse, la princesse Sofia, d\u2019ouvrir les portes du palais royal \u00e0 la foule. Chaque ann\u00e9e, le palais royal ouvre ses portes aux visiteurs le jour de la f\u00eate nationale et symboliquement, c\u2019est un membre de la famille qui ouvre les portes sud, donnant acc\u00e8s \u00e0 la cour int\u00e9rieure.<\/p>\n<p><img fetchpriority=\"high\" decoding=\"async\" width=\"1300\" height=\"867\" src=\"https:\/\/www.europesays.com\/fr\/wp-content\/uploads\/2025\/06\/princesse-sofia-prince-carl-philip-fete-nationale-suede-4-mois-princesse-ines.jpg\" alt=\"\" class=\"wp-image-207307 lazyload\" data-  \/>La princesse Sofia tient la petite princesse Ines dans ses bras ce 6 juin 2025 (Photo : Henrik Garl\u00f6v\/Kungl. Hovstaterna)<\/p>\n<p><img loading=\"lazy\" decoding=\"async\" width=\"1300\" height=\"867\" src=\"https:\/\/www.europesays.com\/fr\/wp-content\/uploads\/2025\/06\/carl-philip-prononce-discours-fete-nationale-2025.jpg\" alt=\"\" class=\"wp-image-207319 lazyload\" data-  \/>Le prince Carl Philip prononce un discours lors de l\u2019ouverture des portes du palais royal ce 6 juin 2025 (Photo : Dana Press\/Bestimage)<\/p>\n<p><strong>Lire aussi : <a href=\"https:\/\/histoiresroyales.fr\/princesse-estelle-pose-costume-national-prince-oscar-fete-nationale-suede\/\" target=\"_blank\" rel=\"noopener\">La princesse Estelle pose en costume national avec le prince Oscar pour la f\u00eate nationale de Su\u00e8de<\/a><\/strong><\/p>\n<p>\u00c0 quatre mois, Ines de Su\u00e8de porte d\u00e9j\u00e0 une version du costume national<\/p>\n<p>Le prince Carl Philip, fr\u00e8re cadet de la princesse h\u00e9riti\u00e8re Victoria, a prononc\u00e9 un bref discours, tandis que la princesse Sofia se tenait \u00e0 c\u00f4t\u00e9 avec leur derni\u00e8re enfant dans ses bras. La princesse Sofia portait le costume national et m\u00eame la petite Ines portait pour la premi\u00e8re fois un costume bleu et jaune.<\/p>\n<p><img loading=\"lazy\" decoding=\"async\" width=\"1300\" height=\"867\" src=\"https:\/\/www.europesays.com\/fr\/wp-content\/uploads\/2025\/06\/representants-scouts-fete-nationale-suede.jpg\" alt=\"\" class=\"wp-image-207309 lazyload\" data-  \/>La princesse Sofia et le prince Carl Philip \u00e9changent avec des repr\u00e9sentants des scouts qui participent \u00e0 la f\u00eate nationale (Photo : Henrik Garl\u00f6v\/Kungl. Hovstaterna)<\/p>\n<p><strong>Lire aussi : <a href=\"https:\/\/histoiresroyales.fr\/premiere-photo-princesse-ines-de-suede-prise-maman-princesse-sofia\/\" target=\"_blank\" rel=\"noopener\">Premi\u00e8re photo de la princesse Ines de Su\u00e8de prise par sa maman<\/a><\/strong><\/p>\n<p>Le costume national a \u00e9t\u00e9 imagin\u00e9 au d\u00e9but du 20e si\u00e8cle par une association patriotique, en s\u2019inspirant des coupes des tenues paysannes traditionnelles mais en les modernisant par ses couleurs vives rappelant celle du drapeau su\u00e9dois. Le costume national, associ\u00e9 \u00e0 une propagande nationaliste, n\u2019a jamais eu un grand succ\u00e8s, jusqu\u2019\u00e0 ce qu\u2019un mus\u00e9e les expose dans les ann\u00e9es 70. La reine Silvia a eu l\u2019id\u00e9e de le remettre au go\u00fbt du jour et a port\u00e9 ce costume pour la premi\u00e8re fois lors \u00e0 l\u2019occasion de la f\u00eate nationale en 1983. Depuis lors, le costume est port\u00e9 chaque ann\u00e9e par les membres f\u00e9minins de la famille royale.<\/p>\n<p><img loading=\"lazy\" decoding=\"async\" width=\"1300\" height=\"867\" src=\"https:\/\/www.europesays.com\/fr\/wp-content\/uploads\/2025\/06\/princesse-ines-fete-naitonale-2025-bebe.jpg\" alt=\"\" class=\"wp-image-207311 lazyload\" data-  \/>La princesse Sofia, en costume national, va saluer la population avec sa fille Ines dans les bras (Photo : Dana Press\/Bestimage)<\/p>\n<p>La princesse Ines aura exactement quatre mois ce samedi. Vendredi prochain, le 13 juin, jour du 10e anniversaire de mariage de Carl Philip et Sofia, sera c\u00e9l\u00e9br\u00e9 le bapt\u00eame d\u2019Ines, en pr\u00e9sence de toute la famille royale. C\u2019est aussi la premi\u00e8re fois qu\u2019un nouveau-n\u00e9 de la famille royale apparait \u00e0 l\u2019occasion de la f\u00eate nationale. La derni\u00e8re fois date de 2016, lorsque Carl Philip et Sofia \u00e9taient apparus avec leur premier enfant, le prince Alexander. Entretemps le prince Gabriel est n\u00e9 en 2017 et le prince Julian est n\u00e9 en 2021.<\/p>\n<p>\t\t\t\t<img loading=\"lazy\" alt=\"Avatar photo\" src=\"https:\/\/www.europesays.com\/fr\/wp-content\/uploads\/2025\/04\/1516945716303-164x164.jpeg\"  class=\"avatar avatar-164 photo lazyload\" height=\"164\" width=\"164\" decoding=\"async\"\/><br \/>\n\t\t<a href=\"https:\/\/histoiresroyales.fr\/author\/royaliste123\/\" target=\"_blank\" rel=\"noopener\">Nicolas Fontaine<\/a><br \/>\n\t\t\t\t\tR\u00e9dacteur en chef<\/p>\n<p>Nicolas Fontaine a \u00e9t\u00e9 concepteur-r\u00e9dacteur et auteur pour de nombreuses marques et m\u00e9dias belges et fran\u00e7ais. Sp\u00e9cialiste de l&rsquo;actualit\u00e9 des familles royales, Nicolas a fond\u00e9 le site Histoires royales dont il est le r\u00e9dacteur en chef.&#13;<br \/>\n&#13;<br \/>\nnicolas@histoiresroyales.fr<\/p>\n<p>\t\t\t\t\t\t\t<a href=\"https:\/\/twitter.com\/ActusRoyales\" class=\"boxed-icon fill twitter\" target=\"_blank\" rel=\"noopener\"><\/a><br \/>\n\t\t\t\t\t\t\t\t\t<a href=\"https:\/\/www.instagram.com\/histoiresroyales.fr\/\" class=\"boxed-icon fill instagram\" target=\"_blank\" rel=\"noopener\"><\/a><\/p>\n<p>\t\t\t\t\t\t\t\t\t\t\t\t\t<script async src=\"https:\/\/platform.twitter.com\/widgets.js\" charset=\"utf-8\"><\/script><script async src=\"\/\/www.instagram.com\/embed.js\"><\/script><\/p>\n","protected":false},"excerpt":{"rendered":"L\u2019apparition de la princesse Ines de Su\u00e8de dans la cour du palais royal de Stockholm est la surprise&hellip;\n","protected":false},"author":2,"featured_media":156769,"comment_status":"","ping_status":"","sticky":false,"template":"","format":"standard","meta":{"footnotes":""},"categories":[1359],"tags":[10415,14735,28757,58,59,1011,27,28758,28759,973,28760],"class_list":{"0":"post-156768","1":"post","2":"type-post","3":"status-publish","4":"format-standard","5":"has-post-thumbnail","7":"category-people","8":"tag-bain-de-foule","9":"tag-bu00e9bu00e9","10":"tag-carl-philip-de-suu00e8de","11":"tag-divertissement","12":"tag-entertainment","13":"tag-fr","14":"tag-france","15":"tag-fu00eate-nationale","16":"tag-ines-de-suu00e8de","17":"tag-people","18":"tag-sofia-de-suu00e8de"},"share_on_mastodon":{"url":"https:\/\/pubeurope.com\/@fr\/114637052706043776","error":""},"_links":{"self":[{"href":"https:\/\/www.europesays.com\/fr\/wp-json\/wp\/v2\/posts\/156768","targetHints":{"allow":["GET"]}}],"collection":[{"href":"https:\/\/www.europesays.com\/fr\/wp-json\/wp\/v2\/posts"}],"about":[{"href":"https:\/\/www.europesays.com\/fr\/wp-json\/wp\/v2\/types\/post"}],"author":[{"embeddable":true,"href":"https:\/\/www.europesays.com\/fr\/wp-json\/wp\/v2\/users\/2"}],"replies":[{"embeddable":true,"href":"https:\/\/www.europesays.com\/fr\/wp-json\/wp\/v2\/comments?post=156768"}],"version-history":[{"count":0,"href":"https:\/\/www.europesays.com\/fr\/wp-json\/wp\/v2\/posts\/156768\/revisions"}],"wp:featuredmedia":[{"embeddable":true,"href":"https:\/\/www.europesays.com\/fr\/wp-json\/wp\/v2\/media\/156769"}],"wp:attachment":[{"href":"https:\/\/www.europesays.com\/fr\/wp-json\/wp\/v2\/media?parent=156768"}],"wp:term":[{"taxonomy":"category","embeddable":true,"href":"https:\/\/www.europesays.com\/fr\/wp-json\/wp\/v2\/categories?post=156768"},{"taxonomy":"post_tag","embeddable":true,"href":"https:\/\/www.europesays.com\/fr\/wp-json\/wp\/v2\/tags?post=156768"}],"curies":[{"name":"wp","href":"https:\/\/api.w.org\/{rel}","templated":true}]}}