{"id":156770,"date":"2025-06-06T15:09:08","date_gmt":"2025-06-06T15:09:08","guid":{"rendered":"https:\/\/www.europesays.com\/fr\/156770\/"},"modified":"2025-06-06T15:09:08","modified_gmt":"2025-06-06T15:09:08","slug":"acces-des-mineurs-aux-sites-pornographiques-la-loi-est-bien-pensee-mais-pas-ambitieuse-liberation","status":"publish","type":"post","link":"https:\/\/www.europesays.com\/fr\/156770\/","title":{"rendered":"Acc\u00e8s des mineurs aux sites pornographiques : \u00abLa loi est bien pens\u00e9e mais pas ambitieuse &#8211; Lib\u00e9ration"},"content":{"rendered":"<ol>\n<li><a href=\"https:\/\/news.google.com\/rss\/articles\/CBMi7gFBVV95cUxQRjhWUVN6aHVRQWNNbGJnVGNUb1ZqVElfYjJ4M24zUG5zZ0JLSS1SR2doN2FXekswcDBxeVlVS3NOZnRiOFk2WFJJM2RCbUFjTGNjcW9rY01XRGlVRC1MMk1uM3hSU1lUQUVVWnpsREc2VGtRYXVGOEtPVU5ZVFF4X0NvaTdlWVA5OFl5TFo2MzhHcV9leG1GQ1lIR1g4SEMtYzlUZTNVc29xZTA2dEJVV2JjMGVHSnU2OVVjWnBZaVhicmY3azFvaEJURFNISWFuNVQxQlpuZkk2Zkk5RUdvU1VEN2lvck5fOV85Q2NB?oc=5\" target=\"_blank\" rel=\"noopener\">Acc\u00e8s des mineurs aux sites pornographiques : \u00abLa loi est bien pens\u00e9e mais pas ambitieuse<\/a>&nbsp;&nbsp;Lib\u00e9ration<\/li>\n<li><a href=\"https:\/\/news.google.com\/rss\/articles\/CBMi_gFBVV95cUxQelBlZE93LXBkeTJtUWVybnh4dEZjR2NPdFFvSVhEYWFPaHVQRjZ0WTRKc2lfYkxCa1AwRmtsQlVzMnI1VzRteHluSE9Da1V3MEk0YmwwbzZ4Wkk2b0VyZXgwVXZfcjQ4RklJTENONC1MbXNXcDdlNl9iX1pLdlBFb1A5MU1mX1hKcGJ4MEZwdy02d2Z4d2NtYkdpeks5eTVRLVhFWkF5aTM0SnQ3V004R0JZaHVSUTNpc3JNVWQxVHZjMmlsX0V1QzB4VjNiRE5tRGFpY3J2dFM0S2xhQ0MySVBtVzRXWGZPaEFFazg1TWEwS3VjbU9wTWFaU3VxZw?oc=5\" target=\"_blank\" rel=\"noopener\">UE: la France et la Gr\u00e8ce \u00e0 l&rsquo;offensive pour \u00e9loigner les enfants des r\u00e9seaux sociaux<\/a>&nbsp;&nbsp;La R\u00e9publique des Pyr\u00e9n\u00e9es<\/li>\n<li><a href=\"https:\/\/news.google.com\/rss\/articles\/CBMi2gFBVV95cUxQa2VJS2tmLWlaLXFtQnRRVE10NHdQeG5EeXk3ekQ4dVFYMEJja1dlSVVwRXdQSlpkV1JaOE0wNkM5a3VoZ1V6emhBdHVFMGlKZk9nX2YzR3FvZUd2NGlIaDMzbV9JSmJTeWRKXzJCdzFyV1J2ZmN6c1F0bmFleS1kNmRoUE9jVU9scXIxUXM1SU9UZU1fMDhjR1drblFKRGIyV1ltLWFzeFhmN0hKTFhoaWpTcUlKNl9XNTA3Qy1YMklyMzZRWnIzMFd6MzB3djh3QWtzdi0teWJpUQ?oc=5\" target=\"_blank\" rel=\"noopener\">Ce VPN voit ses inscriptions exploser de 1000% juste apr\u00e8s la fermeture de PornHub en France<\/a>&nbsp;&nbsp;Science et vie<\/li>\n<\/ol>\n","protected":false},"excerpt":{"rendered":"Acc\u00e8s des mineurs aux sites pornographiques : \u00abLa loi est bien pens\u00e9e mais pas ambitieuse&nbsp;&nbsp;Lib\u00e9ration UE: la France&hellip;\n","protected":false},"author":2,"featured_media":156771,"comment_status":"","ping_status":"","sticky":false,"template":"","format":"standard","meta":{"footnotes":""},"categories":[1358],"tags":[1348,1384,1385,1386,58,59,1011,27,24874,10228],"class_list":{"0":"post-156770","1":"post","2":"type-post","3":"status-publish","4":"format-standard","5":"has-post-thumbnail","7":"category-arts-et-design","8":"tag-arts","9":"tag-arts-and-design","10":"tag-arts-et-design","11":"tag-design","12":"tag-divertissement","13":"tag-entertainment","14":"tag-fr","15":"tag-france","16":"tag-pornographie","17":"tag-protection-de-l-enfance"},"share_on_mastodon":{"url":"https:\/\/pubeurope.com\/@fr\/114637056478203015","error":""},"_links":{"self":[{"href":"https:\/\/www.europesays.com\/fr\/wp-json\/wp\/v2\/posts\/156770","targetHints":{"allow":["GET"]}}],"collection":[{"href":"https:\/\/www.europesays.com\/fr\/wp-json\/wp\/v2\/posts"}],"about":[{"href":"https:\/\/www.europesays.com\/fr\/wp-json\/wp\/v2\/types\/post"}],"author":[{"embeddable":true,"href":"https:\/\/www.europesays.com\/fr\/wp-json\/wp\/v2\/users\/2"}],"replies":[{"embeddable":true,"href":"https:\/\/www.europesays.com\/fr\/wp-json\/wp\/v2\/comments?post=156770"}],"version-history":[{"count":0,"href":"https:\/\/www.europesays.com\/fr\/wp-json\/wp\/v2\/posts\/156770\/revisions"}],"wp:featuredmedia":[{"embeddable":true,"href":"https:\/\/www.europesays.com\/fr\/wp-json\/wp\/v2\/media\/156771"}],"wp:attachment":[{"href":"https:\/\/www.europesays.com\/fr\/wp-json\/wp\/v2\/media?parent=156770"}],"wp:term":[{"taxonomy":"category","embeddable":true,"href":"https:\/\/www.europesays.com\/fr\/wp-json\/wp\/v2\/categories?post=156770"},{"taxonomy":"post_tag","embeddable":true,"href":"https:\/\/www.europesays.com\/fr\/wp-json\/wp\/v2\/tags?post=156770"}],"curies":[{"name":"wp","href":"https:\/\/api.w.org\/{rel}","templated":true}]}}