{"id":156779,"date":"2025-06-06T15:14:17","date_gmt":"2025-06-06T15:14:17","guid":{"rendered":"https:\/\/www.europesays.com\/fr\/156779\/"},"modified":"2025-06-06T15:14:17","modified_gmt":"2025-06-06T15:14:17","slug":"un-scanner-itinerant-dans-les-deserts-medicaux-ma-sante","status":"publish","type":"post","link":"https:\/\/www.europesays.com\/fr\/156779\/","title":{"rendered":"un scanner itin\u00e9rant dans les d\u00e9serts m\u00e9dicaux- Ma Sant\u00e9"},"content":{"rendered":"<p>             <a href=\"https:\/\/ma-sante.news\/wp-content\/uploads\/2025\/06\/Inauguration-pneumobile-HCL-ministre-sante-Neuder-6-juin-2025-Lyon-Sud-SZKse.jpeg\" data-caption=\"Le ministre de la Sant\u00e9 au milieu de l&#039;\u00e9quipe m\u00e9dicale du Pneumobile et des partenaires du projet. \u00a9 Ma Sant\u00e9\" target=\"_blank\" rel=\"noopener\"><img loading=\"lazy\" decoding=\"async\" width=\"696\" height=\"464\" class=\"entry-thumb td-modal-image\" src=\"data:image\/svg+xml,%3Csvg%20xmlns=\" http:=\"\" data-lazy- data-lazy- alt=\"Inauguration du Pneumobile par Yannick Neuder, le ministre de la sant\u00e9, le 6 juin 2025 \u00e0 l'h\u00f4pital Lyon-Sud.\" title=\"Inauguration pneumobile HCL ministre sante Neuder 6 juin 2025 Lyon Sud SZKse\" data-lazy-src=\"https:\/\/www.europesays.com\/fr\/wp-content\/uploads\/2025\/06\/Inauguration-pneumobile-HCL-ministre-sante-Neuder-6-juin-2025-Lyon-Sud-SZKse-696x464.jpeg\"\/><\/a>Le ministre de la Sant\u00e9 au milieu de l&rsquo;\u00e9quipe m\u00e9dicale du Pneumobile et des partenaires du projet. \u00a9 Ma Sant\u00e9                                    \t\t\t             <a class=\"gofollow\" data-track=\"MjgsMCwxLDYw\" href=\"https:\/\/ma-sante.news\/inscrivez-vous-a-notre-newsletter\/\" target=\"_blank\" rel=\"noopener\"><img loading=\"lazy\" decoding=\"async\" width=\"1068\" height=\"131\" src=\"data:image\/svg+xml,%3Csvg%20xmlns=\" http:=\"\" data-lazy-src=\"https:\/\/www.europesays.com\/fr\/wp-content\/uploads\/2025\/03\/banniere-newsletter.png\"\/><\/a> <\/p>\n<p>Si Yannick Neuder, le ministre de la Sant\u00e9, a personnellement tenu \u00e0 en pr\u00e9sider le lancement, ce n\u2019est certainement pas uniquement parce que le Pneumobile a vu le jour dans sa r\u00e9gion d\u2019origine : Auvergne-Rh\u00f4ne-Alpes. Le repr\u00e9sentant de l\u2019\u00c9tat, par sa pr\u00e9sence, a soulign\u00e9 toute la l\u00e9gitimit\u00e9 d\u2019une initiative que les Hospices Civils de Lyon ont mis plusieurs ann\u00e9es \u00e0 voir \u00e9clore.<\/p>\n<p>    <img fetchpriority=\"high\" decoding=\"async\" width=\"800\" height=\"533\" data-lazy-type=\"image\" src=\"https:\/\/www.europesays.com\/fr\/wp-content\/uploads\/2025\/06\/Inauguration-pneumobile-HCL-ministre-sante-Neuder-6-juin-2025-Lyon-Sud-IMG_0116.jpeg\" alt=\"Inauguration du Pneumobile par Yannick Neuder, le ministre de la sant\u00e9, le 6 juin 2025 \u00e0 l'h\u00f4pital Lyon-Sud.\" class=\"lazy lazy-hidden wp-image-67313\" style=\"width:266px;height:auto\"  \/>Le Pr S\u00e9bastien Couraud pr\u00e9sente le Pneumobile au ministre de la Sant\u00e9. \u00a9 Ma Sant\u00e9   <\/p>\n<p>C\u2019est d\u00e9sormais r\u00e9alit\u00e9 : \u00e0 compter de ce mois de juin, et gr\u00e2ce \u00e0 l\u2019implication financi\u00e8re de nombreux acteurs (R\u00e9gion AuRA, ARS AuRA, Union Europ\u00e9enne, AstraZeneca\u2026), le tout premier cabinet mobile d\u00e9di\u00e9 au d\u00e9pistage des maladies respiratoires va enfin sillonner les routes d\u2019Auvergne-Rh\u00f4ne-Alpes. <\/p>\n<p>Son p\u00e9riple d\u00e9bute le 16 juin par le Puy-de-D\u00f4me. D\u2019ici cet automne, le Pneumobile aura \u00e9galement fait escale au fin fond de l\u2019Ain, de la Dr\u00f4me, de la Haute-Savoie ou encore de la Haute-Loire. \u00c0 chaque fois dans des territoires en proie aux plus fortes in\u00e9galit\u00e9s en mati\u00e8re d\u2019acc\u00e8s aux soins. \u201cNous ne sommes pas uniquement l\u00e0 pour inaugurer un camion\u201d, rappelait ce vendredi 6 juin le directeur g\u00e9n\u00e9ral des HCL, Raymon Le Moign. \u201cCette innovation incarne une politique de sant\u00e9 moderne, qui r\u00e9pond aux attentes des concitoyens et s\u2019adapte aux r\u00e9alit\u00e9s du territoire\u201d. <\/p>\n<p>        Cancer du poumon : \u201cd\u00e9pister la maladie \u00e0 des stades offrant un meilleur pronostic\u201c    <img loading=\"lazy\" decoding=\"async\" width=\"800\" height=\"400\" data-lazy-type=\"image\" src=\"https:\/\/www.europesays.com\/fr\/wp-content\/uploads\/2025\/06\/Inauguration-pneumobile-HCL-ministre-sante-Neuder-6-juin-2025-Lyon-Sud-Pneumobile.jpg\" alt=\"Inauguration du Pneumobile par Yannick Neuder, le ministre de la sant\u00e9, le 6 juin 2025 \u00e0 l'h\u00f4pital Lyon-Sud.\" class=\"lazy lazy-hidden wp-image-67321\" style=\"width:518px;height:auto\"  \/>Le pneumobile. \u00a9 DR   <\/p>\n<p>L\u2019enjeu principal de ce cabinet m\u00e9dical itin\u00e9rant concerne le d\u00e9pistage du cancer du poumon. Sa cible prioritaire ? Tout fumeur ou ex-fumeur de 50 \u00e0 74 ans. \u201cLe tabac est responsable de <a href=\"https:\/\/ma-sante.news\/cancer-du-poumon-quels-sont-les-premiers-symptomes\/\" target=\"_blank\" rel=\"noopener\">8 cancers du poumon sur 10<\/a>\u201c, explique le Pr S\u00e9bastien Couraud, chef du service de pneumologie de l\u2019h\u00f4pital Lyon Sud, d\u2019o\u00f9 a \u00e9t\u00e9 lanc\u00e9 le Pneumobile. \u201cLa quantit\u00e9 de cigarettes annuelle est l\u2019un des plus importants facteurs de risque, mais aussi la dur\u00e9e totale de cette consommation sur une vie. Si les r\u00e9centes \u00e9tudes prouvent que <a href=\"https:\/\/ma-sante.news\/cancer-poumon-generaliser-depistage-france\/\" target=\"_blank\" rel=\"noopener\">le d\u00e9pistage pr\u00e9coce est un levier puissant<\/a>, il doit \u00eatre associ\u00e9 \u00e0 la lutte contre les facteurs de risque, particuli\u00e8rement <a href=\"https:\/\/ma-sante.news\/cancer-du-poumon-les-non-fumeurs-aussi-peuvent-etre-touches\/\" target=\"_blank\" rel=\"noopener\">la pr\u00e9vention de la consommation du tabac<\/a>, pour inverser la tendance et d\u00e9pister la maladie \u00e0 des stades offrant un meilleur pronostic\u201d.<\/p>\n<p>La pr\u00e9vention n\u2019est donc plus le seul voeu pieux d\u2019une poign\u00e9e de visionnaires <a href=\"https:\/\/ma-sante.news\/frederic-bizard-notre-systeme-de-sante-est-en-etat-durgence\/\" target=\"_blank\" rel=\"noopener\">d\u00e9termin\u00e9s \u00e0 r\u00e9volutionner un syst\u00e8me de sant\u00e9 fran\u00e7ais exsangue<\/a>, dont les vertus d\u00e9pass\u00e9es misaient jusqu\u2019il y a peu sur le tout curatif. \u201cNotre m\u00e9decine doit s\u2019orienter vers la pr\u00e9vention et cela se traduira dans la prochaine loi de finances\u201d, promet Yannick Neuder. Car \u201cle meilleur des traitements est bien celui que l\u2019on ne d\u00e9livre pas. <br \/>Le d\u00e9pistage pr\u00e9coce est l\u2019un des leviers les plus puissants pour sauver des vies, \u00e0 condition qu\u2019il soit accessible \u00e0 toutes et tous. Ce camion mobile incarne une m\u00e9decine qui va vers, qui anticipe, et qui agit l\u00e0 o\u00f9 les in\u00e9galit\u00e9s sont les plus criantes\u201c.<\/p>\n<p>        Un scanner embarqu\u00e9, des consultations de tabacologie, des examens de spirom\u00e9trie\u2026    <img loading=\"lazy\" decoding=\"async\" width=\"800\" height=\"533\" data-lazy-type=\"image\" src=\"https:\/\/www.europesays.com\/fr\/wp-content\/uploads\/2025\/06\/Inauguration-pneumobile-HCL-ministre-sante-Neuder-6-juin-2025-Lyon-Sud-IMG_0142.jpeg\" alt=\"Inauguration du Pneumobile par Yannick Neuder, le ministre de la sant\u00e9, le 6 juin 2025 \u00e0 l'h\u00f4pital Lyon-Sud.\" class=\"lazy lazy-hidden wp-image-67316\" style=\"width:344px;height:auto\"  \/>Le scanner du Pneumobile. \u00a9 Ma Sant\u00e9   <\/p>\n<p>Pour concr\u00e9tiser cette strat\u00e9gie, le Pneumobile a \u00e9t\u00e9 \u00e9quip\u00e9 pour proposer un parcours de soins complet, entre consultations de tabacologie et examens (spirom\u00e9trie\u2026). Le camion est notamment dot\u00e9 d\u2019un scanner, dont les r\u00e9sultats pourront \u00eatre interpr\u00e9t\u00e9s \u00e0 distance par des radiologues des Hospices Civils de Lyon. <\/p>\n<p>24 professionnels de sant\u00e9 des HCL ont \u00e9t\u00e9 affect\u00e9s, par rotation, au d\u00e9ploiement du camion, qui en fonction de ses \u00e9tapes pourra aussi b\u00e9n\u00e9ficier de la contribution des m\u00e9decins et autres soignants locaux.<\/p>\n<p>    <img loading=\"lazy\" decoding=\"async\" width=\"800\" height=\"535\" data-lazy-type=\"image\" src=\"https:\/\/www.europesays.com\/fr\/wp-content\/uploads\/2025\/06\/Inauguration-pneumobile-HCL-ministre-sante-Neuder-6-juin-2025-Lyon-Sud-IMG_0150.jpeg\" alt=\"Inauguration du Pneumobile par Yannick Neuder, le ministre de la sant\u00e9, le 6 juin 2025 \u00e0 l'h\u00f4pital Lyon-Sud.\" class=\"lazy lazy-hidden wp-image-67318\" style=\"width:314px;height:auto\"  \/>Au coeur du camion, des espaces confidentiels pour les consultations. \u00a9 Ma Sant\u00e9   <\/p>\n<p>En mati\u00e8re d\u2019acc\u00e8s aux soins, le mal est profond en France, o\u00f9 les d\u00e9serts m\u00e9dicaux s\u2019accentuent \u00e0 mesure que s\u2019accro\u00eet la p\u00e9nurie de soignants. D\u2019o\u00f9 le recours \u00e0 cet \u00e9tonnant rem\u00e8de : le patient ne va plus vers le soin, c\u2019est d\u00e9sormais le soin qui va vers le patient. En Auvergne-Rh\u00f4ne-Alpes, plusieurs initiatives de ce type ont d\u00e9j\u00e0 fait leurs preuves, <a href=\"https:\/\/ma-sante.news\/region-auvergne-rhone-alpes-greencab-le-cabinet-dentaire-mobile-du-futur\/\" target=\"_blank\" rel=\"noopener\">\u00e0 l\u2019image du GreenCab<\/a>, ce cabinet dentaire \u00e9ph\u00e9m\u00e8re qui effectue depuis trois ans des sauts de puce entre les diff\u00e9rentes zones les moins dot\u00e9es.<\/p>\n<p>Le mod\u00e8le du Pneumobile devra donc s\u2019exporter dans d\u2019autres r\u00e9gions. Mais \u00e0 quelle \u00e9ch\u00e9ance ? Alors que chacun, sur le parvis de l\u2019h\u00f4pital Lyon-Sud d\u2019o\u00f9 s\u2019est \u00e9branl\u00e9 le camion, s\u2019extasiait devant la l\u00e9gitimit\u00e9 d\u2019une telle innovation, on peut se poser la question du nombre d\u2019ann\u00e9es qu\u2019il a fallu aux Hospices Civils de Lyon pour transformer le projet en r\u00e9alit\u00e9. <\/p>\n<p>Cheville ouvri\u00e8re du dispositif, le Pr Couraud en avait en effet pr\u00e9sent\u00e9 les premi\u00e8res esquisses \u00e0 un vice-pr\u00e9sident de la R\u00e9gion AuRA charg\u00e9 de la recherche et de l\u2019innovation particuli\u00e8rement enthousiaste : un certain\u2026 Yannick Neuder. C\u2019\u00e9tait en 2017, mais l\u2019enthousiasme et la bonne volont\u00e9 ne suffisent pas toujours \u00e0 acc\u00e9l\u00e9rer le temps.<\/p>\n<blockquote class=\"wp-block-quote is-layout-flow wp-block-quote-is-layout-flow\">\n<p><strong>\u00c0 SAVOIR<\/strong><\/p>\n<p>    <img loading=\"lazy\" decoding=\"async\" width=\"800\" height=\"534\" data-lazy-type=\"image\" src=\"https:\/\/www.europesays.com\/fr\/wp-content\/uploads\/2025\/06\/Inauguration-pneumobile-HCL-ministre-sante-Neuder-6-juin-2025-Lyon-Sud-IMG_0147.jpeg\" alt=\"Inauguration du Pneumobile par Yannick Neuder, le ministre de la sant\u00e9, le 6 juin 2025 \u00e0 l'h\u00f4pital Lyon-Sud.\" class=\"lazy lazy-hidden wp-image-67317\" style=\"width:275px;height:auto\"  \/>   <\/p>\n<p>Vous pouvez consulter le parcours du Pneumobile et d\u00e9couvrir ses villes-\u00e9tapes sur le <a href=\"https:\/\/www.pneumologie-lyonsud.fr\/ilyad\/depistage-mobile\" target=\"_blank\" rel=\"noreferrer noopener\">site web du service de pneumologie de l\u2019h\u00f4pital Lyon-Sud<\/a>. Vous pourrez \u00e9galement r\u00e9pondre \u00e0 un questionnaire d\u2019\u00e9ligibilit\u00e9 et vous inscrire directement en ligne sur les plages de r\u00e9servation.<\/p>\n<\/blockquote>\n<p>  <a class=\"gofollow\" data-track=\"MTIsMCwxLDYw\" href=\"https:\/\/ma-sante.news\/annonceurs\/\" target=\"_blank\" rel=\"noopener\"><img loading=\"lazy\" decoding=\"async\" width=\"2560\" height=\"2133\" src=\"data:image\/svg+xml,%3Csvg%20xmlns=\" http:=\"\" data-lazy-src=\"https:\/\/www.europesays.com\/fr\/wp-content\/uploads\/2025\/03\/pub-annonceurs-4-scaled.jpg\"\/><\/a>    <img loading=\"lazy\" decoding=\"async\" width=\"755\" height=\"495\" src=\"data:image\/svg+xml,%3Csvg%20xmlns=\" http:=\"\" data-lazy-src=\"https:\/\/www.europesays.com\/fr\/wp-content\/uploads\/2025\/03\/Image1.jpg\"\/>Inscrivez-vous \u00e0 notre newsletter <br \/>Ma Sant\u00e9                      <\/p>\n","protected":false},"excerpt":{"rendered":"Le ministre de la Sant\u00e9 au milieu de l&rsquo;\u00e9quipe m\u00e9dicale du Pneumobile et des partenaires du projet. \u00a9&hellip;\n","protected":false},"author":2,"featured_media":156780,"comment_status":"","ping_status":"","sticky":false,"template":"","format":"standard","meta":{"footnotes":""},"categories":[10],"tags":[8203,20249,1011,27,72,28761,28762,71],"class_list":{"0":"post-156779","1":"post","2":"type-post","3":"status-publish","4":"format-standard","5":"has-post-thumbnail","7":"category-sante","8":"tag-cancer-du-poumon","9":"tag-du00e9pistage-cancer","10":"tag-fr","11":"tag-france","12":"tag-health","13":"tag-maladies-respiratoires","14":"tag-ru00e9forme-systu00e8me-santu00e9","15":"tag-sante"},"share_on_mastodon":{"url":"https:\/\/pubeurope.com\/@fr\/114637076342006038","error":""},"_links":{"self":[{"href":"https:\/\/www.europesays.com\/fr\/wp-json\/wp\/v2\/posts\/156779","targetHints":{"allow":["GET"]}}],"collection":[{"href":"https:\/\/www.europesays.com\/fr\/wp-json\/wp\/v2\/posts"}],"about":[{"href":"https:\/\/www.europesays.com\/fr\/wp-json\/wp\/v2\/types\/post"}],"author":[{"embeddable":true,"href":"https:\/\/www.europesays.com\/fr\/wp-json\/wp\/v2\/users\/2"}],"replies":[{"embeddable":true,"href":"https:\/\/www.europesays.com\/fr\/wp-json\/wp\/v2\/comments?post=156779"}],"version-history":[{"count":0,"href":"https:\/\/www.europesays.com\/fr\/wp-json\/wp\/v2\/posts\/156779\/revisions"}],"wp:featuredmedia":[{"embeddable":true,"href":"https:\/\/www.europesays.com\/fr\/wp-json\/wp\/v2\/media\/156780"}],"wp:attachment":[{"href":"https:\/\/www.europesays.com\/fr\/wp-json\/wp\/v2\/media?parent=156779"}],"wp:term":[{"taxonomy":"category","embeddable":true,"href":"https:\/\/www.europesays.com\/fr\/wp-json\/wp\/v2\/categories?post=156779"},{"taxonomy":"post_tag","embeddable":true,"href":"https:\/\/www.europesays.com\/fr\/wp-json\/wp\/v2\/tags?post=156779"}],"curies":[{"name":"wp","href":"https:\/\/api.w.org\/{rel}","templated":true}]}}