{"id":156786,"date":"2025-06-06T15:18:09","date_gmt":"2025-06-06T15:18:09","guid":{"rendered":"https:\/\/www.europesays.com\/fr\/156786\/"},"modified":"2025-06-06T15:18:09","modified_gmt":"2025-06-06T15:18:09","slug":"wall-street-soulagee-par-le-rapport-sur-lemploi-tesla-rebondit-06-06-2025-a-1538","status":"publish","type":"post","link":"https:\/\/www.europesays.com\/fr\/156786\/","title":{"rendered":"Wall Street soulag\u00e9e par le rapport sur l&#8217;emploi, Tesla rebondit &#8211; 06\/06\/2025 \u00e0 15:38"},"content":{"rendered":"<p>\n La Bourse de New York a ouvert en<br \/>\nnette hausse vendredi, le rapport sur l&#8217;emploi am\u00e9ricain plus<br \/>\nsolide que pr\u00e9vu ayant apais\u00e9 les inqui\u00e9tudes quant \u00e0 la sant\u00e9<br \/>\ndu march\u00e9 du travail malgr\u00e9 les craintes persistantes les droits<br \/>\nde douane.\n<\/p>\n<p>\n L&rsquo;action Tesla rebondit par ailleurs au lendemain de la<br \/>\nquerelle publique entre le pr\u00e9sident am\u00e9ricain Donald Trump et<br \/>\nl&rsquo;homme d&rsquo;affaires Elon Musk.\n<\/p>\n<p>\n Dans les premiers \u00e9changes, l&rsquo;indice Dow Jones<br \/>\n <a href=\"https:\/\/www.boursorama.com\/cours\/%24INDU\/\" rel=\"nofollow noopener\" target=\"_blank\"><br \/>\n  .DJI<br \/>\n <\/a><br \/>\n gagne<br \/>\n355,98 points, soit 0,84%, \u00e0 42.675,72 points et le Standard &amp;<br \/>\nPoor&rsquo;s 500<br \/>\n <a href=\"https:\/\/www.boursorama.com\/cours\/%24INX\/\" rel=\"nofollow noopener\" target=\"_blank\"><br \/>\n  .SPX<br \/>\n <\/a><br \/>\n , plus large, progresse de 0,93% \u00e0 5.994,75<br \/>\npoints.\n<\/p>\n<p>\n Le Nasdaq Composite<br \/>\n <a href=\"https:\/\/www.boursorama.com\/cours\/%24COMPX\/\" rel=\"nofollow noopener\" target=\"_blank\"><br \/>\n  .IXIC<br \/>\n <\/a><br \/>\n prend 1,18% soit 226,76 points,<br \/>\n\u00e0 19.525,21 points.\n<\/p>\n<p>\n Le rapport mensuel du d\u00e9partement du Travail a recens\u00e9<br \/>\n139.000 emplois non agricoles cr\u00e9\u00e9s le mois dernier, alors que<br \/>\nles \u00e9conomistes interrog\u00e9s par Reuters pr\u00e9voyaient en moyenne<br \/>\n130.000 cr\u00e9ations nettes apr\u00e8s 147.000 en avril (chiffre r\u00e9vis\u00e9<br \/>\nde 177.000).\n<\/p>\n<p>\n \u00ab\u00a0Les choses ralentissent, mais elles ne s&rsquo;effondrent pas, et<br \/>\nc&rsquo;est la bonne nouvelle. Nous n&rsquo;assistons pas \u00e0 une d\u00e9gradation<br \/>\ns\u00e9rieuse du march\u00e9 de l&#8217;emploi\u00a0\u00bb, note Art Hogan, analyste chez B<br \/>\nRiley Wealth.\n<\/p>\n<p>\n Ces chiffres sont d&rsquo;autant plus appr\u00e9ci\u00e9s qu&rsquo;ils font suite<br \/>\n\u00e0 une s\u00e9rie de donn\u00e9es \u00e9conomiques moins encourageantes cette<br \/>\nsemaine sur l&#8217;emploi dans le secteur priv\u00e9 et les inscriptions<br \/>\nau ch\u00f4mage.\n<\/p>\n<p>\n Les op\u00e9rateurs pr\u00e9voient actuellement deux baisses de taux<br \/>\nde la Fed d&rsquo;ici la fin de l&rsquo;ann\u00e9e, la premi\u00e8re de 25 points de<br \/>\nbase en septembre, selon les donn\u00e9es compil\u00e9es par LSEG.\n<\/p>\n<p>\n Aux valeurs, Tesla prend 4,3% apr\u00e8s avoir recul\u00e9 d&rsquo;environ<br \/>\n15% jeudi en raison de la querelle publique de Donald Trump avec<br \/>\nElon Musk, y compris les menaces d&rsquo;interrompre les contrats<br \/>\ngouvernementaux avec les entreprises du patron du constructeur<br \/>\nautomobile.\n<\/p>\n<p>\n * Pour les valeurs \u00e0 suivre, cliquez sur<br \/>\n <a href=\"https:\/\/www.boursorama.com\/bourse\/actualites\/usa-les-valeurs-a-suivre-a-wall-street-actualise-ca4c1d3411401791828108afdd8aad60\" title=\"USA-Les valeurs \u00e0 suivre \u00e0 Wall Street (actualis\u00e9)\" rel=\"nofollow noopener\" target=\"_blank\"><br \/>\n  nL5N3S90IR<br \/>\n <\/a>\n<\/p>\n<p>\n (R\u00e9dig\u00e9 par Diana Mandi\u00e1, \u00e9dit\u00e9 par Blandine H\u00e9nault)<\/p>\n","protected":false},"excerpt":{"rendered":"La Bourse de New York a ouvert en nette hausse vendredi, le rapport sur l&#8217;emploi am\u00e9ricain plus solide&hellip;\n","protected":false},"author":2,"featured_media":7013,"comment_status":"","ping_status":"","sticky":false,"template":"","format":"standard","meta":{"footnotes":""},"categories":[6],"tags":[400,398,408,35,405,33,34,1011,27,403,402,399,404,401,406,407],"class_list":{"0":"post-156786","1":"post","2":"type-post","3":"status-publish","4":"format-standard","5":"has-post-thumbnail","7":"category-economie","8":"tag-action-cac-40","9":"tag-bourse-de-paris","10":"tag-boursorama","11":"tag-business","12":"tag-cotations","13":"tag-economie","14":"tag-economy","15":"tag-fr","16":"tag-france","17":"tag-indices-devises","18":"tag-investir","19":"tag-investissement","20":"tag-marche-boursier","21":"tag-sicav","22":"tag-trackers","23":"tag-warrants"},"share_on_mastodon":{"url":"https:\/\/pubeurope.com\/@fr\/114637092081007072","error":""},"_links":{"self":[{"href":"https:\/\/www.europesays.com\/fr\/wp-json\/wp\/v2\/posts\/156786","targetHints":{"allow":["GET"]}}],"collection":[{"href":"https:\/\/www.europesays.com\/fr\/wp-json\/wp\/v2\/posts"}],"about":[{"href":"https:\/\/www.europesays.com\/fr\/wp-json\/wp\/v2\/types\/post"}],"author":[{"embeddable":true,"href":"https:\/\/www.europesays.com\/fr\/wp-json\/wp\/v2\/users\/2"}],"replies":[{"embeddable":true,"href":"https:\/\/www.europesays.com\/fr\/wp-json\/wp\/v2\/comments?post=156786"}],"version-history":[{"count":0,"href":"https:\/\/www.europesays.com\/fr\/wp-json\/wp\/v2\/posts\/156786\/revisions"}],"wp:featuredmedia":[{"embeddable":true,"href":"https:\/\/www.europesays.com\/fr\/wp-json\/wp\/v2\/media\/7013"}],"wp:attachment":[{"href":"https:\/\/www.europesays.com\/fr\/wp-json\/wp\/v2\/media?parent=156786"}],"wp:term":[{"taxonomy":"category","embeddable":true,"href":"https:\/\/www.europesays.com\/fr\/wp-json\/wp\/v2\/categories?post=156786"},{"taxonomy":"post_tag","embeddable":true,"href":"https:\/\/www.europesays.com\/fr\/wp-json\/wp\/v2\/tags?post=156786"}],"curies":[{"name":"wp","href":"https:\/\/api.w.org\/{rel}","templated":true}]}}