{"id":156801,"date":"2025-06-06T15:26:10","date_gmt":"2025-06-06T15:26:10","guid":{"rendered":"https:\/\/www.europesays.com\/fr\/156801\/"},"modified":"2025-06-06T15:26:10","modified_gmt":"2025-06-06T15:26:10","slug":"competitions-balades-gratuites-exposition-de-photos-voici-le-programme-de-la-18e-viree-de-saint-nazaire-qui-debute-ce-vendredi-a-sanary","status":"publish","type":"post","link":"https:\/\/www.europesays.com\/fr\/156801\/","title":{"rendered":"Comp\u00e9titions, balades gratuites, exposition de photos&#8230; Voici le programme de la 18e Vir\u00e9e de Saint-Nazaire qui d\u00e9bute ce vendredi \u00e0 Sanary"},"content":{"rendered":"<p><strong>Du 6 au 9 juin, l\u2019Association des pointus de Sanary (APS) et la Ville c\u00e9l\u00e8breront ce patrimoine maritime proven\u00e7al unique \u00e0 travers la 18e \u00e9dition de la Vir\u00e9e.<\/strong> De samedi \u00e0 lundi, trois jours de spectacles, de navigations et d\u2019animations feront revivre sur le port et dans la baie ces anciennes barques de p\u00eacheurs aujourd\u2019hui d\u00e9di\u00e9es \u00e0 la navigation plaisir. Et cette ann\u00e9e, comme l\u2019association pr\u00e9sid\u00e9e par Olivier Magnin f\u00eate ses vingt ans, les surprises ne manqueront pas! Cet anniversaire est d\u00e9j\u00e0 c\u00e9l\u00e9br\u00e9 dans les rues pi\u00e9tonnes avec <strong>l\u2019expo photo \u00ab\u00a0Les pointus et Sanary, 20 ans d\u2019amour et de passion\u00a0\u00bb (jusqu\u2019au 16 juin).<\/strong><\/p>\n<p>Un honneur r\u00e9serv\u00e9 au 100.000e passager&#8230; <\/p>\n<p>Au c\u0153ur de cet \u00e9v\u00e9nement, cr\u00e9\u00e9 au XIXe si\u00e8cle par le marin et ancien maire de Sanary Michel Pacha et remis au go\u00fbt du jour par l\u2019APS en 2007 \u00e0 l\u2019occasion des cent ans de sa disparition, <strong>deux parcours de vire-vire (samedi et dimanche de 10h \u00e0 13h)<\/strong> offriront aux amateurs le magnifique spectacle d\u2019une trentaine de pointus se mesurant dans la baie, toutes voiles dehors.<\/p>\n<p>Mouillant habituellement \u00e0 Sanary ou venus des environs, de Saint-Mandrier \u00e0 Marseille, ils sont gr\u00e9\u00e9s en voile latine traditionnelle, triangulaire le long d\u2019une antenne oblique, ou en mode plus r\u00e9cent le long d\u2019un m\u00e2t vertical. Mais chacun raconte une histoire unique, celle de la passion de leurs propri\u00e9taires successifs, de restaurations minutieuses, voire de sauvetages. <strong>Samedi et dimanche apr\u00e8s-midi, de 14h30 \u00e0 17h, ces propri\u00e9taires inviteront \u00e0 bord les visiteurs<\/strong> <strong>(d\u00e8s 3 ans) pour une balade gratuite<\/strong> d\u2019une quinzaine de minutes dans la baie! Il suffira de se pr\u00e9senter au stand de l\u2019APS. Mais cette fois, ces \u00ab\u00a0Embarquements imm\u00e9diats\u00a0\u00bb embl\u00e9matiques accueilleront leur 100.000e passager&#8230; L\u2019heureux \u00e9lu recevra un prix sp\u00e9cial lors de la remise des troph\u00e9es du vire-vire dimanche soir!<\/p>\n<p>Sus aux pirates! <\/p>\n<p>Parmi ces pointus se glissera un invit\u00e9 de marque&#8230; le superbe Ange gardien, r\u00e9plique d\u2019un rare trois-m\u00e2ts \u00e0 voiles latines du XVIIe si\u00e8cle! On pourra admirer ce fier vaisseau venu d\u2019Agde face \u00e0 la Tour de Sanary.<strong> Lundi \u00e0 10h, son \u00e9quipage participera \u00e0 une attaque de pirates organis\u00e9e avec l\u2019APS<\/strong>&#8230; mais la ville de Sanary sera \u00e2prement d\u00e9fendue par sa tour du XIIIe si\u00e8cle et son canon!<\/p>\n<p>En parall\u00e8le, <strong>des groupes folkloriques animeront en musique ces trois journ\u00e9es<\/strong>, qui accueilleront sur les quais un village des artisans o\u00f9 une quinzaine d\u2019exposants proposeront leurs cr\u00e9ations, d\u2019inspiration marine bien s\u00fbr!<\/p>\n<p><strong>Savoir+<\/strong><br \/>&#13;<br \/>\n18e Vir\u00e9e de Saint-Nazaire, du 6 au 9 juin sur le port et dans la baie de Sanary.<br \/>&#13;<br \/>\nSite web: <a href=\"http:\/\/lespointusdesanary.com\" target=\"_blank\" rel=\"noopener nofollow\">lespointusdesanary.com<\/a><\/p>\n","protected":false},"excerpt":{"rendered":"Du 6 au 9 juin, l\u2019Association des pointus de Sanary (APS) et la Ville c\u00e9l\u00e8breront ce patrimoine maritime&hellip;\n","protected":false},"author":2,"featured_media":156802,"comment_status":"","ping_status":"","sticky":false,"template":"","format":"standard","meta":{"footnotes":""},"categories":[9619],"tags":[1111,11,1777,674,1011,27,12,882,25,2310,3366],"class_list":{"0":"post-156801","1":"post","2":"type-post","3":"status-publish","4":"format-standard","5":"has-post-thumbnail","7":"category-toulon","8":"tag-actu","9":"tag-actualites","10":"tag-eu","11":"tag-europe","12":"tag-fr","13":"tag-france","14":"tag-news","15":"tag-provence-alpes-cote-dazur","16":"tag-republique-francaise","17":"tag-toulon","18":"tag-vie-locale"},"share_on_mastodon":{"url":"https:\/\/pubeurope.com\/@fr\/114637123327597448","error":""},"_links":{"self":[{"href":"https:\/\/www.europesays.com\/fr\/wp-json\/wp\/v2\/posts\/156801","targetHints":{"allow":["GET"]}}],"collection":[{"href":"https:\/\/www.europesays.com\/fr\/wp-json\/wp\/v2\/posts"}],"about":[{"href":"https:\/\/www.europesays.com\/fr\/wp-json\/wp\/v2\/types\/post"}],"author":[{"embeddable":true,"href":"https:\/\/www.europesays.com\/fr\/wp-json\/wp\/v2\/users\/2"}],"replies":[{"embeddable":true,"href":"https:\/\/www.europesays.com\/fr\/wp-json\/wp\/v2\/comments?post=156801"}],"version-history":[{"count":0,"href":"https:\/\/www.europesays.com\/fr\/wp-json\/wp\/v2\/posts\/156801\/revisions"}],"wp:featuredmedia":[{"embeddable":true,"href":"https:\/\/www.europesays.com\/fr\/wp-json\/wp\/v2\/media\/156802"}],"wp:attachment":[{"href":"https:\/\/www.europesays.com\/fr\/wp-json\/wp\/v2\/media?parent=156801"}],"wp:term":[{"taxonomy":"category","embeddable":true,"href":"https:\/\/www.europesays.com\/fr\/wp-json\/wp\/v2\/categories?post=156801"},{"taxonomy":"post_tag","embeddable":true,"href":"https:\/\/www.europesays.com\/fr\/wp-json\/wp\/v2\/tags?post=156801"}],"curies":[{"name":"wp","href":"https:\/\/api.w.org\/{rel}","templated":true}]}}