{"id":156817,"date":"2025-06-06T15:34:28","date_gmt":"2025-06-06T15:34:28","guid":{"rendered":"https:\/\/www.europesays.com\/fr\/156817\/"},"modified":"2025-06-06T15:34:28","modified_gmt":"2025-06-06T15:34:28","slug":"congres-du-ps-en-ille-et-vilaine-olivier-faure-reelu-premier-secretaire-gagne-dune-courte-tete","status":"publish","type":"post","link":"https:\/\/www.europesays.com\/fr\/156817\/","title":{"rendered":"Congr\u00e8s du PS\u00a0: en Ille-et-Vilaine, Olivier Faure, r\u00e9\u00e9lu premier secr\u00e9taire, gagne d\u2019une courte t\u00eate"},"content":{"rendered":"<p>La tendance confirme les r\u00e9sultats du premier tour : comme au niveau national, les militants PS d\u2019Ille-et-Vilaine ont vot\u00e9 en majorit\u00e9 pour le sortant Olivier Faure lors de l\u2019\u00e9lection du premier secr\u00e9taire, ce jeudi 5 juin. Mais de justesse. Les r\u00e9sultats non-d\u00e9finitifs &#8211; il manque encore quelques scrutins \u00e0 compter \u00e0 l\u2019heure o\u00f9 nous \u00e9crivons ces lignes &#8211; lui donnent environ 53 % des voix contre 47 % \u00e0 son concurrent Nicolas Mayer-Rossignol. Un score dans le m\u00eame \u00e9tiage que la semaine pr\u00e9c\u00e9dente.<\/p>\n<p>Ceux qui avaient vot\u00e9 pour Boris Vallaud (8 %) le 28 mai ont donc pr\u00e9f\u00e9r\u00e9 se reporter sur le candidat qui esp\u00e9rait faire tomber la direction sortante du parti, divis\u00e9 sur la question de l\u2019alliance avec LFI \u00e0 l\u2019\u00e9lection pr\u00e9sidentielle. Reste qu\u2019Olivier Faure est en l\u00e9g\u00e8re progression dans le d\u00e9partement par rapport au congr\u00e8s de 2023. \u00c0 l\u2019\u00e9poque, seulement cinq voix d\u2019\u00e9cart (sur 293) le s\u00e9paraient de Mayer-Rossignol.<\/p>\n<p>Comme il y a deux ans, le premier secr\u00e9taire sortant a re\u00e7u le soutien de nombreuses figures locales du PS : Edmond Herv\u00e9, le d\u00e9put\u00e9 Micka\u00ebl Bouloux, la secr\u00e9taire f\u00e9d\u00e9rale Laurence Duffaud. Mais aussi <a href=\"https:\/\/www.letelegramme.fr\/ille-et-vilaine\/rennes-35000\/la-maire-de-rennes-nathalie-appere-se-range-du-cote-dolivier-faure-pour-le-congres-du-ps-6800140.php\" target=\"_blank\" rel=\"noopener\">la maire de Rennes et pr\u00e9sidente de la M\u00e9tropole Nathalie App\u00e9r\u00e9<\/a> qui, comme Olivier Faure, milite pour une union de la gauche \u00ab de Ruffin \u00e0 Glucksmann \u00bb en 2027.<\/p>\n","protected":false},"excerpt":{"rendered":"La tendance confirme les r\u00e9sultats du premier tour : comme au niveau national, les militants PS d\u2019Ille-et-Vilaine ont&hellip;\n","protected":false},"author":2,"featured_media":156818,"comment_status":"","ping_status":"","sticky":false,"template":"","format":"standard","meta":{"footnotes":""},"categories":[2821],"tags":[1111,11,829,765,1777,674,1011,27,848,12,316,3364,584,25],"class_list":{"0":"post-156817","1":"post","2":"type-post","3":"status-publish","4":"format-standard","5":"has-post-thumbnail","7":"category-rennes","8":"tag-actu","9":"tag-actualites","10":"tag-bretagne","11":"tag-en-continu","12":"tag-eu","13":"tag-europe","14":"tag-fr","15":"tag-france","16":"tag-ille-et-vilaine","17":"tag-news","18":"tag-politique","19":"tag-politique-a-rennes","20":"tag-rennes","21":"tag-republique-francaise"},"share_on_mastodon":{"url":"https:\/\/pubeurope.com\/@fr\/114637154747674347","error":""},"_links":{"self":[{"href":"https:\/\/www.europesays.com\/fr\/wp-json\/wp\/v2\/posts\/156817","targetHints":{"allow":["GET"]}}],"collection":[{"href":"https:\/\/www.europesays.com\/fr\/wp-json\/wp\/v2\/posts"}],"about":[{"href":"https:\/\/www.europesays.com\/fr\/wp-json\/wp\/v2\/types\/post"}],"author":[{"embeddable":true,"href":"https:\/\/www.europesays.com\/fr\/wp-json\/wp\/v2\/users\/2"}],"replies":[{"embeddable":true,"href":"https:\/\/www.europesays.com\/fr\/wp-json\/wp\/v2\/comments?post=156817"}],"version-history":[{"count":0,"href":"https:\/\/www.europesays.com\/fr\/wp-json\/wp\/v2\/posts\/156817\/revisions"}],"wp:featuredmedia":[{"embeddable":true,"href":"https:\/\/www.europesays.com\/fr\/wp-json\/wp\/v2\/media\/156818"}],"wp:attachment":[{"href":"https:\/\/www.europesays.com\/fr\/wp-json\/wp\/v2\/media?parent=156817"}],"wp:term":[{"taxonomy":"category","embeddable":true,"href":"https:\/\/www.europesays.com\/fr\/wp-json\/wp\/v2\/categories?post=156817"},{"taxonomy":"post_tag","embeddable":true,"href":"https:\/\/www.europesays.com\/fr\/wp-json\/wp\/v2\/tags?post=156817"}],"curies":[{"name":"wp","href":"https:\/\/api.w.org\/{rel}","templated":true}]}}