{"id":156829,"date":"2025-06-06T15:40:12","date_gmt":"2025-06-06T15:40:12","guid":{"rendered":"https:\/\/www.europesays.com\/fr\/156829\/"},"modified":"2025-06-06T15:40:12","modified_gmt":"2025-06-06T15:40:12","slug":"le-grand-elephant-de-nantes-copie-en-chine","status":"publish","type":"post","link":"https:\/\/www.europesays.com\/fr\/156829\/","title":{"rendered":"le Grand \u00c9l\u00e9phant de Nantes copi\u00e9 en Chine"},"content":{"rendered":"<p>            Par<br \/>\n        <strong><br \/>\n            <a href=\"https:\/\/actu.fr\/auteur\/laure-gentil\" title=\"Consulter tous les articles de Laure Gentil\" rel=\"nofollow noopener\" target=\"_blank\">Laure Gentil<\/a><br \/>\n        <\/strong><\/p>\n<p>        Publi\u00e9 le<\/p>\n<p>            6 juin 2025 \u00e0 17h21        <\/p>\n<p>Le 30\u00a0mai 2025, le journal officiel du Comit\u00e9 central du Parti communiste chinois, <strong>People\u2019s Daily<\/strong> a publi\u00e9 sur ses r\u00e9seaux sociaux, une vid\u00e9o d\u2019un grand \u00e9l\u00e9phant m\u00e9canique pouvant transporter des passagers dans la pr\u00e9fecture autonome dai de Xishuangbanna, dans le sud-ouest de la Chine. Un pachyderme qui ressemble \u00e0 s\u2019y m\u00e9prendre \u00e0 l<strong>\u2019\u00c9l\u00e9phant de Nantes.<\/strong><\/p>\n<p class=\" wall-content\">\n<p>Des \u00ab\u2009interpr\u00e9tations maladroites\u2009\u00bb<\/p>\n<p class=\" wall-content\">Contact\u00e9 par\u00a0<a href=\"https:\/\/actu.fr\/nantes\" rel=\"nofollow noopener\" target=\"_blank\">actu Nantes<\/a>, <strong>Fran\u00e7ois Delarozi\u00e8re<\/strong>, directeur artistique de la compagnie La Machine et cr\u00e9ateur du Grand \u00c9l\u00e9phant se dit \u00ab\u2009amus\u00e9\u2009\u00bb de cette copie chinoise. \u00ab\u2009Il y a en a un peu partout, des objets qui s\u2019inspirent ou imitent de plus ou moins pr\u00e8s les Machines que nous cr\u00e9ons\u2009\u00bb, explique-t-il avec philosophie.<\/p>\n<p class=\" wall-content\">Plusieurs fois des repr\u00e9sentants chinois ont approch\u00e9 la compagnie La Machine, pour \u00ab\u2009cr\u00e9er des \u00e9l\u00e9phants en s\u00e9rie pour leurs parcs d\u2019attractions\u2009\u00bb.<\/p>\n<blockquote class=\"ac-article-quote wall-content\">\n<p>Ils ont parl\u00e9 d&rsquo;une commande de 5 \u00e0 10 \u00e9l\u00e9phants. Mais \u00e7a ne nous int\u00e9resse pas, on fabrique des objets uniques sp\u00e9cialement pour un lieu.<\/p>\n<p>    <strong>Fran\u00e7ois Delarozi\u00e8re<\/strong><br \/>\n        Directeur artistique de la compagnie La Machine    <\/p><\/blockquote>\n<p class=\" wall-content\">Le directeur artistique ne voit pas l\u2019int\u00e9r\u00eat de porter l\u2019affaire devant la justice. Selon lui, ces copies sont \u00ab\u2009des interpr\u00e9tations maladroites\u2009\u00bb. \u00ab\u2009<strong>Ce n\u2019est pas une reproduction identique<\/strong>, assure-t-il.\u2009Je n\u2019ai pas de temps \u00e0 perdre. C\u2019est tr\u00e8s inspir\u00e9 et proche, mais la mati\u00e8re de la peau n\u2019est pas la m\u00eame.\u2009\u00bb<\/p>\n<p class=\" wall-content\">Ce n\u2019est pas la premi\u00e8re fois que des copies des Machines sont faites. Fran\u00e7ois Delarozi\u00e8re se souvient que quelques mois apr\u00e8s son passage en Chine avec le<a href=\"https:\/\/actu.fr\/pays-de-la-loire\/nantes_44109\/en-images-nantes-le-cheval-dragon-long-ma-est-de-retour-dans-la-cite-des-ducs_61335534.html\" rel=\"nofollow noopener\" target=\"_blank\"> cheval-dragon Long-Ma<\/a>, des reproductions similaires ont commenc\u00e9 \u00e0 appara\u00eetre\u2009:<\/p>\n<p>Vid\u00e9os : en ce moment sur Actu<\/p>\n<blockquote class=\"ac-article-quote wall-content\">\n<p>On dit qu&rsquo;en Chine \u00eatre copi\u00e9 c&rsquo;est le summum de la gloire parce qu&rsquo;un de leur grand art c&rsquo;est de reproduire pour vendre. Quelque part, c&rsquo;est plus une fiert\u00e9 que quelque chose qui nous d\u00e9range.<\/p>\n<p>    <strong>Fran\u00e7ois Delarozi\u00e8re<\/strong><br \/>\n        Directeur artistique de la compagnie La Machine,    <\/p><\/blockquote>\n<p>Un \u00c9l\u00e9phant unique<\/p>\n<p class=\" wall-content\">De plus, il insiste, le Grand \u00c9l\u00e9phant ne peut pas vraiment \u00eatre copi\u00e9. \u00ab\u2009Ce qu\u2019on fait n\u2019est pas reproductible\u2009\u00bb, dit-il simplement. Les <a href=\"https:\/\/actu.fr\/pays-de-la-loire\/nantes_44109\/nantes-il-pilote-l-elephant-mon-metier-c-est-de-faire-sourire-les-gens_59944481.html\" rel=\"nofollow noopener\" target=\"_blank\">Machines de Nantes<\/a> sont \u00ab\u2009des \u0153uvres d\u2019art\u2009\u00bb.<\/p>\n<blockquote class=\"ac-article-quote wall-content\">\n<p>Prenez un groupe comme les Beatles. Vous pouvez jouer les m\u00eames notes mais ce ne sera pas la m\u00eame chose.<\/p>\n<p>    <strong>Fran\u00e7ois Delarozi\u00e8re<\/strong><br \/>\n        Directeur artistique de la compagnie La Machine    <\/p><\/blockquote>\n<p class=\" wall-content\">Ce qui est int\u00e9ressant pour lui c\u2019est le processus. \u00ab\u2009Mon travail n\u2019est pas de cr\u00e9er un objet, mais les conditions pour que la construction soit charge d\u2019\u00e9motions, que ce soit une aventure humaine incroyable.\u2009\u00bb Rien ne peut reproduire selon lui ce qui fait la sp\u00e9cialit\u00e9 du Grand \u00c9l\u00e9phant\u2009: la \u00ab\u2009<strong>qualit\u00e9 de son mouvement<\/strong>\u2009\u00bb.<\/p>\n<p class=\" wall-content\">Suivez toute l\u2019actualit\u00e9 de vos villes et m\u00e9dias favoris en vous inscrivant \u00e0 <a href=\"https:\/\/moncompte.actu.fr\" title=\"D\u00e9couvez Mon Actu\" rel=\"nofollow noopener\" data-trk=\"{&quot;cta&quot;:{&quot;action&quot;:&quot;https:\\\/\\\/moncompte.actu.fr&quot;,&quot;category&quot;:&quot;mon compte&quot;,&quot;from&quot;:&quot;article footer&quot;,&quot;name&quot;:&quot;Mon actu&quot;,&quot;type&quot;:&quot;cta&quot;}}\" target=\"_blank\">Mon Actu<\/a>.<\/p>\n<ul class=\"ac-article-tag wall-content\">\n<li><a href=\"https:\/\/actu.fr\/tag\/chine\" data-trk=\"{&quot;cta&quot;:{&quot;action&quot;:&quot;Chine&quot;,&quot;category&quot;:&quot;tag&quot;,&quot;from&quot;:&quot;article footer&quot;,&quot;name&quot;:&quot;Chine&quot;,&quot;type&quot;:&quot;cta&quot;}}\" rel=\"nofollow noopener\" target=\"_blank\">#Chine<\/a><\/li>\n<li><a href=\"https:\/\/actu.fr\/tag\/les-machines-de-lile\" data-trk=\"{&quot;cta&quot;:{&quot;action&quot;:&quot;Les Machines de l&#039;\\u00eele&quot;,&quot;category&quot;:&quot;tag&quot;,&quot;from&quot;:&quot;article footer&quot;,&quot;name&quot;:&quot;Les Machines de l&#039;\\u00eele&quot;,&quot;type&quot;:&quot;cta&quot;}}\" rel=\"nofollow noopener\" target=\"_blank\">#Les Machines de l&rsquo;\u00eele<\/a><\/li>\n<\/ul>\n","protected":false},"excerpt":{"rendered":"Par Laure Gentil Publi\u00e9 le 6 juin 2025 \u00e0 17h21 Le 30\u00a0mai 2025, le journal officiel du Comit\u00e9&hellip;\n","protected":false},"author":2,"featured_media":156830,"comment_status":"","ping_status":"","sticky":false,"template":"","format":"standard","meta":{"footnotes":""},"categories":[2818],"tags":[1111,11,309,1777,674,1011,27,19649,1652,766,12,2636,25],"class_list":{"0":"post-156829","1":"post","2":"type-post","3":"status-publish","4":"format-standard","5":"has-post-thumbnail","7":"category-nantes","8":"tag-actu","9":"tag-actualites","10":"tag-chine","11":"tag-eu","12":"tag-europe","13":"tag-fr","14":"tag-france","15":"tag-les-machines-de-lile","16":"tag-loisirs-culture","17":"tag-nantes","18":"tag-news","19":"tag-pays-de-la-loire","20":"tag-republique-francaise"},"share_on_mastodon":{"url":"https:\/\/pubeurope.com\/@fr\/114637178420960909","error":""},"_links":{"self":[{"href":"https:\/\/www.europesays.com\/fr\/wp-json\/wp\/v2\/posts\/156829","targetHints":{"allow":["GET"]}}],"collection":[{"href":"https:\/\/www.europesays.com\/fr\/wp-json\/wp\/v2\/posts"}],"about":[{"href":"https:\/\/www.europesays.com\/fr\/wp-json\/wp\/v2\/types\/post"}],"author":[{"embeddable":true,"href":"https:\/\/www.europesays.com\/fr\/wp-json\/wp\/v2\/users\/2"}],"replies":[{"embeddable":true,"href":"https:\/\/www.europesays.com\/fr\/wp-json\/wp\/v2\/comments?post=156829"}],"version-history":[{"count":0,"href":"https:\/\/www.europesays.com\/fr\/wp-json\/wp\/v2\/posts\/156829\/revisions"}],"wp:featuredmedia":[{"embeddable":true,"href":"https:\/\/www.europesays.com\/fr\/wp-json\/wp\/v2\/media\/156830"}],"wp:attachment":[{"href":"https:\/\/www.europesays.com\/fr\/wp-json\/wp\/v2\/media?parent=156829"}],"wp:term":[{"taxonomy":"category","embeddable":true,"href":"https:\/\/www.europesays.com\/fr\/wp-json\/wp\/v2\/categories?post=156829"},{"taxonomy":"post_tag","embeddable":true,"href":"https:\/\/www.europesays.com\/fr\/wp-json\/wp\/v2\/tags?post=156829"}],"curies":[{"name":"wp","href":"https:\/\/api.w.org\/{rel}","templated":true}]}}