{"id":15683,"date":"2025-04-10T19:15:15","date_gmt":"2025-04-10T19:15:15","guid":{"rendered":"https:\/\/www.europesays.com\/fr\/15683\/"},"modified":"2025-04-10T19:15:15","modified_gmt":"2025-04-10T19:15:15","slug":"pro-d2-fcg-un-accord-trouve-pour-linternational-portugais-du-stade-francais-raffaele-costa-storti","status":"publish","type":"post","link":"https:\/\/www.europesays.com\/fr\/15683\/","title":{"rendered":"Pro D2. FCG : un accord trouv\u00e9 pour l&rsquo;international portugais du Stade Fran\u00e7ais Raffaele Costa Storti"},"content":{"rendered":"<p>  Costa Storti tout proche du FCG<\/p>\n<p><a href=\"https:\/\/www.ledauphine.com\/sport\/2025\/02\/22\/fcg-wilfried-hulleu-vers-le-racing-92-un-ailier-international-pour-le-remplacer\" target=\"_blank\" rel=\"nofollow noopener\">Pist\u00e9 par le FC Grenoble depuis le mois de f\u00e9vrier<\/a>, afin de pallier le d\u00e9part l\u2019\u00e9t\u00e9 prochain de Wilfried Hulleu (Racing 92), Raffaele Costa Storti (24 ans) se rapproche de l\u2019Is\u00e8re. Selon nos informations, un accord a \u00e9t\u00e9 trouv\u00e9 entre Grenoble et le Stade Fran\u00e7ais, pour la lib\u00e9ration de l\u2019international portugais. Il ne restera plus au Lusitanien qu\u2019\u00e0 satisfaire aux tests m\u00e9dicaux pour valider son engagement avec le FCG.<\/p>\n<p>  Pro D2\u00a0: un guichets ferm\u00e9s \u00e0 Valence<\/p>\n<p>La 26e journ\u00e9e de Pro D2 proposera au FCG un tr\u00e8s court d\u00e9placement, jeudi \u00e0 Valence\/Romans (21h), et ce derby retour du Dauphin\u00e9 suscite un bel engouement puisque, lundi, pr\u00e8s de 7000 personnes avaient trouv\u00e9 preneur. Et mardi, le club dr\u00f4mois a \u00e9coul\u00e9 les derniers billets pour le stade Georges-Pompidou, qui sera comble jeudi soir.<\/p>\n<p>  Avril se terminera au Stade des Alpes<\/p>\n<p>Apr\u00e8s son d\u00e9placement \u00e0 Valence, le FCG terminera son 6e et avant-dernier bloc de championnat au Stade des Alpes. Les r\u00e9ceptions du Stade Ni\u00e7ois (27e journ\u00e9e) et <a href=\"https:\/\/www.ledauphine.com\/sport\/2025\/04\/01\/la-journee-des-fan-days-programmes-pour-le-fcg-et-le-vrdr\" target=\"_blank\" rel=\"nofollow noopener\">d\u2019Oyonnax<\/a> (28e journ\u00e9e) ont \u00e9t\u00e9 laiss\u00e9es au vendredi soir \u00e0 19h30, respectivement les 18 et 25\u00a0avril.<\/p>\n<p>  Le bapt\u00eame de Piscicelli \u00e0 VII<\/p>\n<p><a href=\"https:\/\/www.ledauphine.com\/sport\/2025\/04\/04\/une-nouvelle-dauphinoise-rejoint-les-bleues-du-seven-a-singapour\" target=\"_blank\" rel=\"nofollow noopener\">S\u00e9lectionn\u00e9e pour la premi\u00e8re fois en \u00e9quipe de France \u00e0 VII seniors<\/a>, Faustine Piscicelli a particip\u00e9 le week-end dernier \u00e0 la 6e \u00e9tape des Seven Nations Series, le circuit mondial \u00e0 VII, \u00e0 Singapour. L\u2019Is\u00e9roise form\u00e9e \u00e0 l\u2019US Beaurepaire et joueuse des Amazones du FCG a particip\u00e9 aux victoires de poules face \u00e0 l\u2019Irlande (17-10) et les Fidji (24-19), avant de conna\u00eetre les d\u00e9faites contre la Nouvelle-Z\u00e9lande en demi-finales (14-40) et le Canada lors de la petite finale (5-21). Les Bleues se sont class\u00e9es 4es au final.<\/p>\n<p>  Des Dauphinois aux festivals des Six Nations<\/p>\n<p>Les nations europ\u00e9ennes profitent du mois d\u2019avril pour confronter leurs talents de demain lors du festival U18 des Six Nations. \u00c7a commencera par les filles, du 9 au 20\u00a0avril en Angleterre, avec 28 s\u00e9lectionn\u00e9es dans le groupe France, dont deux Amazones du FCG\u00a0: Lisa Jallifier (3e ligne centre, form\u00e9e \u00e0 Vercors Rugby) et Valentine Rey (arri\u00e8re, venue du RC Le Mole). Leurs adversaires seront le Pays de Galles (vendredi\u00a011), l\u2019Italie (mardi\u00a015) et l\u2019Angleterre (samedi\u00a019).<\/p>\n<p>Pour les gar\u00e7ons, \u00e7a se passera \u00e0 Vichy du 10 au 18\u00a0avril et les s\u00e9lectionneurs ont retenu un groupe de 18 joueurs, dont les joueurs du FCG Nathan Coutin (arri\u00e8re, form\u00e9 \u00e0 Rumilly), Ma\u00ebl Navizet (ouvreur ou centre, form\u00e9 \u00e0 Chartreuse-N\u00e9ron) et Tyreese Robin (centre, form\u00e9 \u00e0 l\u2019US Renage\/Rives). Les Tricolores affronteront l\u2019Espagne (jeudi\u00a010), l\u2019Italie (lundi\u00a014) et l\u2019Angleterre (vendredi\u00a018).<\/p>\n","protected":false},"excerpt":{"rendered":"Costa Storti tout proche du FCG Pist\u00e9 par le FC Grenoble depuis le mois de f\u00e9vrier, afin de&hellip;\n","protected":false},"author":2,"featured_media":15684,"comment_status":"","ping_status":"","sticky":false,"template":"","format":"standard","meta":{"footnotes":""},"categories":[1416],"tags":[112,113,114,2727,1701,1011,27,2731,2732,108,2308,479,1468,517,1947,60],"class_list":{"0":"post-15683","1":"post","2":"type-post","3":"status-publish","4":"format-standard","5":"has-post-thumbnail","7":"category-rugby","8":"tag-edition-grenoble-agglomeration","9":"tag-edition-gresivaudan-oisans","10":"tag-edition-voiron-saint-marcellin","11":"tag-fcg-fc-grenoble-rugby","12":"tag-fil-info-sport","13":"tag-fr","14":"tag-france","15":"tag-grenoble","16":"tag-grenoble-bassin","17":"tag-isere","18":"tag-pro-d2","19":"tag-rugby","20":"tag-rugby-football","21":"tag-sport","22":"tag-sport-national","23":"tag-sports"},"share_on_mastodon":{"url":"https:\/\/pubeurope.com\/@fr\/114315272132636082","error":""},"_links":{"self":[{"href":"https:\/\/www.europesays.com\/fr\/wp-json\/wp\/v2\/posts\/15683","targetHints":{"allow":["GET"]}}],"collection":[{"href":"https:\/\/www.europesays.com\/fr\/wp-json\/wp\/v2\/posts"}],"about":[{"href":"https:\/\/www.europesays.com\/fr\/wp-json\/wp\/v2\/types\/post"}],"author":[{"embeddable":true,"href":"https:\/\/www.europesays.com\/fr\/wp-json\/wp\/v2\/users\/2"}],"replies":[{"embeddable":true,"href":"https:\/\/www.europesays.com\/fr\/wp-json\/wp\/v2\/comments?post=15683"}],"version-history":[{"count":0,"href":"https:\/\/www.europesays.com\/fr\/wp-json\/wp\/v2\/posts\/15683\/revisions"}],"wp:featuredmedia":[{"embeddable":true,"href":"https:\/\/www.europesays.com\/fr\/wp-json\/wp\/v2\/media\/15684"}],"wp:attachment":[{"href":"https:\/\/www.europesays.com\/fr\/wp-json\/wp\/v2\/media?parent=15683"}],"wp:term":[{"taxonomy":"category","embeddable":true,"href":"https:\/\/www.europesays.com\/fr\/wp-json\/wp\/v2\/categories?post=15683"},{"taxonomy":"post_tag","embeddable":true,"href":"https:\/\/www.europesays.com\/fr\/wp-json\/wp\/v2\/tags?post=15683"}],"curies":[{"name":"wp","href":"https:\/\/api.w.org\/{rel}","templated":true}]}}