{"id":156833,"date":"2025-06-06T15:42:09","date_gmt":"2025-06-06T15:42:09","guid":{"rendered":"https:\/\/www.europesays.com\/fr\/156833\/"},"modified":"2025-06-06T15:42:09","modified_gmt":"2025-06-06T15:42:09","slug":"reputee-pour-ses-burgers-five-guys-devoile-la-date-douverture-de-son-premier-restaurant-a-bordeaux","status":"publish","type":"post","link":"https:\/\/www.europesays.com\/fr\/156833\/","title":{"rendered":"R\u00e9put\u00e9e pour ses burgers, Five Guys d\u00e9voile la date d&rsquo;ouverture de son premier restaurant \u00e0 Bordeaux"},"content":{"rendered":"<p>            Par<br \/>\n        <strong><br \/>\n            <a href=\"https:\/\/actu.fr\/auteur\/sports33\" title=\"Consulter tous les articles de Nicolas Gosselin\" rel=\"nofollow noopener\" target=\"_blank\">Nicolas Gosselin<\/a><br \/>\n        <\/strong><\/p>\n<p>        Publi\u00e9 le<\/p>\n<p>            6 juin 2025 \u00e0 16h44        <\/p>\n<p>C\u2019est un secret de Polichinelle, car on l\u2019avait annonc\u00e9 <a href=\"https:\/\/actu.fr\/nouvelle-aquitaine\/bordeaux_33063\/la-celebre-chaine-de-fast-food-five-guys-va-remplacer-ce-restaurant-adore-a-bordeaux_62669281.html\" rel=\"nofollow noopener\" target=\"_blank\">dans un article<\/a> d\u00e8s d\u00e9cembre 2024, mais <strong>Five Guys<\/strong> a pr\u00e9vu d\u2019ouvrir son <a href=\"https:\/\/actu.fr\/nouvelle-aquitaine\/bordeaux_33063\/carte-interactive-50-restaurants-a-tester-a-bordeaux-voici-notre-liste-des-bonnes-adresses_62097155.html\" rel=\"nofollow noopener\" target=\"_blank\">premier restaurant \u00e0 Bordeaux<\/a>\u2026 et on conna\u00eet d\u00e9sormais la <strong>date d\u2019ouverture<\/strong>.<\/p>\n<p class=\" wall-content\">Selon les informations d\u2019<a href=\"https:\/\/actu.fr\/bordeaux\/\" rel=\"nofollow noopener\" target=\"_blank\">actu Bordeaux<\/a>, l\u2019enseigne de fast-food pr\u00e9f\u00e9r\u00e9e de Barack Obama devrait accueillir ses premiers clients en <strong>septembre 2025<\/strong>. Le jour exact sera connu selon l\u2019avanc\u00e9e des travaux, qui ont d\u00e9marr\u00e9 r\u00e9cemment.<\/p>\n<p>Frites coup\u00e9es \u00e0 la main et multitude de burgers<\/p>\n<p class=\" wall-content\">Five Guys emm\u00e9nage <strong>rue Saint-R\u00e9mi<\/strong>, en lieu et place de <a href=\"https:\/\/actu.fr\/nouvelle-aquitaine\/bordeaux_33063\/la-celebre-chaine-de-fast-food-five-guys-va-remplacer-ce-restaurant-adore-a-bordeaux_62669281.html\" rel=\"nofollow noopener\" target=\"_blank\">l\u2019ancien restaurant Ganache<\/a>, qui a ferm\u00e9 d\u00e9finitivement ses portes le 29 mars dernier apr\u00e8s trois ans d\u2019existence.<\/p>\n<p class=\" wall-content\">R\u00e9put\u00e9e pour ses burgers enti\u00e8rement personnalisables, l\u2019enseigne de restauration am\u00e9ricaine promet plus de <strong>250 000 combinaisons de sandwichs possibles<\/strong>. En accompagnement, la franchise propose <strong>des frites coup\u00e9es \u00e0 la main<\/strong>, et un millier de combinaison de milkshakes.<\/p>\n<p>Vid\u00e9os : en ce moment sur Actu<\/p>\n<p class=\" wall-content\">Suivez toute l\u2019actualit\u00e9 de vos villes et m\u00e9dias favoris en vous inscrivant \u00e0 <a href=\"https:\/\/moncompte.actu.fr\" title=\"D\u00e9couvez Mon Actu\" rel=\"nofollow noopener\" data-trk=\"{&quot;cta&quot;:{&quot;action&quot;:&quot;https:\\\/\\\/moncompte.actu.fr&quot;,&quot;category&quot;:&quot;mon compte&quot;,&quot;from&quot;:&quot;article footer&quot;,&quot;name&quot;:&quot;Mon actu&quot;,&quot;type&quot;:&quot;cta&quot;}}\" target=\"_blank\">Mon Actu<\/a>.<\/p>\n","protected":false},"excerpt":{"rendered":"Par Nicolas Gosselin Publi\u00e9 le 6 juin 2025 \u00e0 16h44 C\u2019est un secret de Polichinelle, car on l\u2019avait&hellip;\n","protected":false},"author":2,"featured_media":156834,"comment_status":"","ping_status":"","sticky":false,"template":"","format":"standard","meta":{"footnotes":""},"categories":[2817],"tags":[1111,11,1997,215,1777,674,1011,27,12,2219,25,1340,104],"class_list":{"0":"post-156833","1":"post","2":"type-post","3":"status-publish","4":"format-standard","5":"has-post-thumbnail","7":"category-bordeaux","8":"tag-actu","9":"tag-actualites","10":"tag-bordeaux","11":"tag-commerce","12":"tag-eu","13":"tag-europe","14":"tag-fr","15":"tag-france","16":"tag-news","17":"tag-nouvelle-aquitaine","18":"tag-republique-francaise","19":"tag-restaurant","20":"tag-societe"},"share_on_mastodon":{"url":"https:\/\/pubeurope.com\/@fr\/114637186246647853","error":""},"_links":{"self":[{"href":"https:\/\/www.europesays.com\/fr\/wp-json\/wp\/v2\/posts\/156833","targetHints":{"allow":["GET"]}}],"collection":[{"href":"https:\/\/www.europesays.com\/fr\/wp-json\/wp\/v2\/posts"}],"about":[{"href":"https:\/\/www.europesays.com\/fr\/wp-json\/wp\/v2\/types\/post"}],"author":[{"embeddable":true,"href":"https:\/\/www.europesays.com\/fr\/wp-json\/wp\/v2\/users\/2"}],"replies":[{"embeddable":true,"href":"https:\/\/www.europesays.com\/fr\/wp-json\/wp\/v2\/comments?post=156833"}],"version-history":[{"count":0,"href":"https:\/\/www.europesays.com\/fr\/wp-json\/wp\/v2\/posts\/156833\/revisions"}],"wp:featuredmedia":[{"embeddable":true,"href":"https:\/\/www.europesays.com\/fr\/wp-json\/wp\/v2\/media\/156834"}],"wp:attachment":[{"href":"https:\/\/www.europesays.com\/fr\/wp-json\/wp\/v2\/media?parent=156833"}],"wp:term":[{"taxonomy":"category","embeddable":true,"href":"https:\/\/www.europesays.com\/fr\/wp-json\/wp\/v2\/categories?post=156833"},{"taxonomy":"post_tag","embeddable":true,"href":"https:\/\/www.europesays.com\/fr\/wp-json\/wp\/v2\/tags?post=156833"}],"curies":[{"name":"wp","href":"https:\/\/api.w.org\/{rel}","templated":true}]}}