{"id":156839,"date":"2025-06-06T15:45:13","date_gmt":"2025-06-06T15:45:13","guid":{"rendered":"https:\/\/www.europesays.com\/fr\/156839\/"},"modified":"2025-06-06T15:45:13","modified_gmt":"2025-06-06T15:45:13","slug":"en-images-le-jardin-autour-du-dome-de-la-grave-est-fini-voici-son-nouveau-visage","status":"publish","type":"post","link":"https:\/\/www.europesays.com\/fr\/156839\/","title":{"rendered":"EN IMAGES. Le jardin autour du d\u00f4me de la Grave est fini : voici son nouveau visage"},"content":{"rendered":"<p>            Par<br \/>\n        <strong><br \/>\n            <a href=\"https:\/\/actu.fr\/auteur\/lea-afonso\" title=\"Consulter tous les articles de L\u00e9a Afonso\" rel=\"nofollow noopener\" target=\"_blank\">L\u00e9a Afonso<\/a><br \/>\n        <\/strong><\/p>\n<p>        Publi\u00e9 le<\/p>\n<p>            6 juin 2025 \u00e0 17h23        <\/p>\n<p>Un nouvel <strong>\u00e9crin de verdure.<\/strong>\u00a0Ce vendredi 6\u00a0juin 2025 <a href=\"https:\/\/actu.fr\/toulouse\/\" rel=\"nofollow noopener\" target=\"_blank\">Toulouse<\/a> inaugure son nouveau <strong>jardin<\/strong> am\u00e9nag\u00e9 tout autour du site historique du d\u00f4me de <strong>La Grave<\/strong>, dans le quartier de <strong>Saint-Cyprien<\/strong>. Ce projet ambitieux, lanc\u00e9 par la municipalit\u00e9, vise \u00e0 offrir aux habitants et aux visiteurs un espace de d\u00e9tente en harmonie avec le patrimoine de la Ville rose. Vigne, lavande, espace vert\u2026 D\u00e9couverte en images.<\/p>\n<p>Une entr\u00e9e repens\u00e9e et accueillante<br \/>\n    <img   decoding=\"async\" loading=\"lazy\" src=\"https:\/\/www.europesays.com\/fr\/wp-content\/uploads\/2025\/06\/img-3114-960x640.jpeg\" alt=\"Une toute nouvelle place d\u00e8s l'entr\u00e9e du parc \" width=\"960\" height=\"640\"\/><br \/>\n    Une toute nouvelle place d\u00e8s l\u2019entr\u00e9e du parc (\u00a9L\u00e9a Afonso \/ Actu Toulouse)<\/p>\n<p class=\" wall-content\">Promesse tenue pour la mairie de Toulouse\u2009! D\u00e8s <strong>l\u2019entr\u00e9e<\/strong> du jardin, le changement est saisissant. L\u00e0 o\u00f9 se trouvait un espace quelque peu d\u00e9laiss\u00e9, se dresse d\u00e9sormais une vaste <strong>place conviviale<\/strong>, qui sera bient\u00f4t ombrag\u00e9e par des <strong>magnolias<\/strong>. Situ\u00e9e juste devant<a href=\"https:\/\/actu.fr\/occitanie\/toulouse_31555\/ce-nouveau-coffee-shop-offre-une-vue-exceptionnelle-sur-le-dome-de-la-grave-a-toulouse_62133387.html\" rel=\"nofollow noopener\" target=\"_blank\"> le caf\u00e9 Copola<\/a>, elle offre une <strong>vue unique sur le d\u00f4me de La Grave.<\/strong><\/p>\n<p class=\" wall-content\">Bancs publics, fontaine et mobilier urbain redonnent vie \u00e0 ce lieu devenu propice \u00e0 la fl\u00e2nerie et \u00e0 la contemplation.<\/p>\n<p>Un alignement de verdure<br \/>\n    <img   decoding=\"async\" loading=\"lazy\" src=\"https:\/\/www.europesays.com\/fr\/wp-content\/uploads\/2025\/06\/img-3118-960x640.jpeg\" alt=\"Un alignement de verdure devant le d\u00f4me\" width=\"960\" height=\"640\"\/><br \/>\n    Un alignement de verdure devant le d\u00f4me (\u00a9L\u00e9a Afonso \/ Actu Toulouse)<\/p>\n<p class=\" wall-content\">Face au si connu d\u00f4me bleu reposant sur un socle de brique rouge, un alignement d\u2019arbustes vient dor\u00e9navant souligner l\u2019architecture du site historique. M\u00eame sous un ciel mena\u00e7ant, le contraste des couleurs \u2014 rouge des briques, vert des plantations, bleu gris du d\u00f4me \u2014 cr\u00e9e un tableau saisissant. Cette transformation a, rappelons-le, n\u00e9cessit\u00e9 un investissement de <strong>cinq millions d\u2019euros<\/strong>, comme <a href=\"https:\/\/actu.fr\/occitanie\/toulouse_31555\/images-a-quoi-va-ressembler-le-nouvel-espace-vert-au-pied-du-dome-de-la-grave-a-toulouse_62202554.html\" rel=\"nofollow noopener\" target=\"_blank\">Actu Toulouse pr\u00e9cisait\u00a0dans un pr\u00e9c\u00e9dent article.<\/a><\/p>\n<p>    <img   decoding=\"async\" loading=\"lazy\" src=\"https:\/\/www.europesays.com\/fr\/wp-content\/uploads\/2025\/06\/img-3115-960x640.jpeg\" alt=\"Un parcours tout autour de la verdure \" width=\"960\" height=\"640\"\/><br \/>\n    Un parcours tout autour de la verdure (\u00a9L\u00e9a Afonso \/ Actu Toulouse)<\/p>\n<p class=\" wall-content\">Un <strong>cheminement<\/strong> a quant \u00e0 lui \u00e9t\u00e9 trac\u00e9, <strong>autour<\/strong> des diff\u00e9rents <strong>espaces<\/strong> v\u00e9g\u00e9talis\u00e9s. Inclusif et accessible, il permet \u00e0 tous de profiter d\u2019une promenade au c\u0153ur de ce nouvel \u00e9crin de verdure. Des am\u00e9nagements sp\u00e9cifiques, dont une rampe et un escalier, facilitent l\u2019acc\u00e8s depuis la rue du Pont Saint-Pierre.<\/p>\n<p>Vignes et lavande<br \/>\n    <img   decoding=\"async\" loading=\"lazy\" src=\"https:\/\/www.europesays.com\/fr\/wp-content\/uploads\/2025\/06\/img-3119-960x640.jpeg\" alt=\"Des vignes et de la lavande ont \u00e9t\u00e9 plant\u00e9s pou rappeler la couleur bleut\u00e9 du d\u00f4me \" width=\"960\" height=\"640\"\/><br \/>\n    Des vignes et de la lavande ont \u00e9t\u00e9 plant\u00e9es pour rappeler la couleur bleut\u00e9e du d\u00f4me (\u00a9L\u00e9a Afonso \/ Actu Toulouse)<\/p>\n<p class=\" wall-content\">Le jardin se poursuit sur le c\u00f4t\u00e9 du d\u00f4me, o\u00f9 ont \u00e9t\u00e9 <strong>plant\u00e9es<\/strong> <strong>vignes<\/strong> et <strong>lavande<\/strong>. Un clin d\u2019\u0153il aux <strong>nuances bleut\u00e9es<\/strong> propres au d\u00f4me, comme l\u2019a soulign\u00e9 la Mairie aupr\u00e8s d\u2019<a href=\"https:\/\/actu.fr\/occitanie\/toulouse_31555\/images-a-quoi-va-ressembler-le-nouvel-espace-vert-au-pied-du-dome-de-la-grave-a-toulouse_62202554.html\" rel=\"nofollow noopener\" target=\"_blank\">Actu Toulouse.<\/a><\/p>\n<p class=\" wall-content\">Il est important de rappeler que ce nouvel am\u00e9nagement s\u2019inscrit dans la strat\u00e9gie de v\u00e9g\u00e9talisation de la ville, port\u00e9e notamment par le programme des \u00ab<strong>\u2009100\u2009000 arbres\u2009\u00bb<\/strong>. Avec l\u2019ouverture de ce jardin, Toulouse confirme sa volont\u00e9 d\u2019un urbanisme plus durable, o\u00f9 nature et patrimoine vont de pair.<\/p>\n<p class=\" wall-content\">Suivez toute l\u2019actualit\u00e9 de vos villes et m\u00e9dias favoris en vous inscrivant \u00e0 <a href=\"https:\/\/moncompte.actu.fr\" title=\"D\u00e9couvez Mon Actu\" rel=\"nofollow noopener\" data-trk=\"{&quot;cta&quot;:{&quot;action&quot;:&quot;https:\\\/\\\/moncompte.actu.fr&quot;,&quot;category&quot;:&quot;mon compte&quot;,&quot;from&quot;:&quot;article footer&quot;,&quot;name&quot;:&quot;Mon actu&quot;,&quot;type&quot;:&quot;cta&quot;}}\" target=\"_blank\">Mon Actu<\/a>.<\/p>\n","protected":false},"excerpt":{"rendered":"Par L\u00e9a Afonso Publi\u00e9 le 6 juin 2025 \u00e0 17h23 Un nouvel \u00e9crin de verdure.\u00a0Ce vendredi 6\u00a0juin 2025&hellip;\n","protected":false},"author":2,"featured_media":156840,"comment_status":"","ping_status":"","sticky":false,"template":"","format":"standard","meta":{"footnotes":""},"categories":[2816],"tags":[1111,11,1777,674,1011,27,12,2680,25,104,2312,1352],"class_list":{"0":"post-156839","1":"post","2":"type-post","3":"status-publish","4":"format-standard","5":"has-post-thumbnail","7":"category-toulouse","8":"tag-actu","9":"tag-actualites","10":"tag-eu","11":"tag-europe","12":"tag-fr","13":"tag-france","14":"tag-news","15":"tag-occitanie","16":"tag-republique-francaise","17":"tag-societe","18":"tag-toulouse","19":"tag-urbanisme"},"share_on_mastodon":{"url":"https:\/\/pubeurope.com\/@fr\/114637198275083598","error":""},"_links":{"self":[{"href":"https:\/\/www.europesays.com\/fr\/wp-json\/wp\/v2\/posts\/156839","targetHints":{"allow":["GET"]}}],"collection":[{"href":"https:\/\/www.europesays.com\/fr\/wp-json\/wp\/v2\/posts"}],"about":[{"href":"https:\/\/www.europesays.com\/fr\/wp-json\/wp\/v2\/types\/post"}],"author":[{"embeddable":true,"href":"https:\/\/www.europesays.com\/fr\/wp-json\/wp\/v2\/users\/2"}],"replies":[{"embeddable":true,"href":"https:\/\/www.europesays.com\/fr\/wp-json\/wp\/v2\/comments?post=156839"}],"version-history":[{"count":0,"href":"https:\/\/www.europesays.com\/fr\/wp-json\/wp\/v2\/posts\/156839\/revisions"}],"wp:featuredmedia":[{"embeddable":true,"href":"https:\/\/www.europesays.com\/fr\/wp-json\/wp\/v2\/media\/156840"}],"wp:attachment":[{"href":"https:\/\/www.europesays.com\/fr\/wp-json\/wp\/v2\/media?parent=156839"}],"wp:term":[{"taxonomy":"category","embeddable":true,"href":"https:\/\/www.europesays.com\/fr\/wp-json\/wp\/v2\/categories?post=156839"},{"taxonomy":"post_tag","embeddable":true,"href":"https:\/\/www.europesays.com\/fr\/wp-json\/wp\/v2\/tags?post=156839"}],"curies":[{"name":"wp","href":"https:\/\/api.w.org\/{rel}","templated":true}]}}