{"id":156841,"date":"2025-06-06T15:46:08","date_gmt":"2025-06-06T15:46:08","guid":{"rendered":"https:\/\/www.europesays.com\/fr\/156841\/"},"modified":"2025-06-06T15:46:08","modified_gmt":"2025-06-06T15:46:08","slug":"jardins-tattoo-balades-aerodrome-que-faire-ce-samedi-7-juin-a-lille-et-dans-le-nord","status":"publish","type":"post","link":"https:\/\/www.europesays.com\/fr\/156841\/","title":{"rendered":"Jardins, tattoo, balades, a\u00e9rodrome&#8230; Que faire ce samedi 7 juin \u00e0 Lille et dans le Nord"},"content":{"rendered":"<p>            Par<br \/>\n        <strong><br \/>\n            <a href=\"https:\/\/actu.fr\/auteur\/amandine-vachez\" title=\"Consulter tous les articles de Amandine Vachez\" rel=\"nofollow noopener\" target=\"_blank\">Amandine Vachez<\/a><br \/>\n        <\/strong><\/p>\n<p>        Publi\u00e9 le<\/p>\n<p>            6 juin 2025 \u00e0 17h32        <\/p>\n<p>Pour profiter pleinement de ce<b> samedi 7 juin 2025<\/b>, voici un aper\u00e7u des <b>sorties <\/b>\u00e0 faire du c\u00f4t\u00e9 de<b> <a href=\"https:\/\/actu.fr\/hauts-de-france\/lille_59350\" rel=\"nofollow noopener\" target=\"_blank\">Lille<\/a><\/b> et plus largement dans le <b>Nord \u2013 Pas-de-Calais <\/b>et la <b>Belgique<\/b> voisine.<\/p>\n<p>Nos id\u00e9es du c\u00f4t\u00e9 de Lille<\/p>\n<ul class=\" wall-content\">\n<li><b><a href=\"https:\/\/actu.fr\/hauts-de-france\/lille_59350\/la-braderie-du-vieux-lille-et-ses-petits-prix-cest-ce-samedi-voici-ce-qui-vous-attend_62739333.html\" rel=\"nofollow noopener\" target=\"_blank\">La Braderie du Vieux Lille et ses petits prix, c\u2019est ce samedi ! Voici ce qui vous attend<\/a><\/b><\/li>\n<\/ul>\n<p class=\" wall-content\">Ce samedi 7 juin 2025, la Braderie du Vieux Lille est de retour. Tout le quartier sera en f\u00eate ! Venez chiner des p\u00e9pites vintages et profiter d\u2019une ambiance survolt\u00e9e. Programme.<\/p>\n<ul class=\" wall-content\">\n<li><b><a href=\"https:\/\/actu.fr\/hauts-de-france\/villeneuve-d-ascq_59009\/un-temple-du-tatouage-debarque-pres-de-lille-tout-le-week-end_62726957.html\" rel=\"nofollow noopener\" target=\"_blank\">Un temple du tatouage d\u00e9barque pr\u00e8s de Lille tout le week-end<\/a><\/b><\/li>\n<\/ul>\n<p class=\" wall-content\">Envie de vous faire tatouer mais pas vraiment d\u2019inspi ? Rendez-vous les 7 et 8 juin 2025 \u00e0 La Maillerie pour le Playground Tattoo Club et ses plus de 40 tatoueurs invit\u00e9s.<\/p>\n<ul class=\" wall-content\">\n<li><a href=\"https:\/\/actu.fr\/hauts-de-france\/armentieres_59017\/armentieres-un-festival-pop-et-rock-solidaire-avec-louis-bertignac-ce-samedi_62726013.html\" rel=\"nofollow noopener\" target=\"_blank\">\u00a0<b>Armenti\u00e8res. Un festival pop et rock solidaire avec Louis Bertignac ce samedi<\/b><\/a><\/li>\n<\/ul>\n<p>Vid\u00e9os : en ce moment sur Actu<\/p>\n<p class=\" wall-content\">Samedi 7\u00a0juin 2025, Armenti\u00e8res va vibrer au rythme des concerts en plein air, avec Louis Bertignac et bien d\u2019autres, pour soutenir Les Bricos du C\u0153ur. Ambiance garantie\u2009! D\u00e9tails.<\/p>\n<p>Ailleurs dans le Nord \u2013 Pas-de-Calais<\/p>\n<ul class=\" wall-content\">\n<li><b>Les brocantes et vide-greniers du week-end <a href=\"https:\/\/actu.fr\/loisirs-culture\/les-brocantes-et-vide-greniers-organises-le-week-end-des-7-et-8-juin-dans-le-nord_62723124.html\" rel=\"nofollow noopener\" target=\"_blank\">dans le Nord<\/a> et <a href=\"https:\/\/actu.fr\/loisirs-culture\/voici-les-brocantes-et-vide-greniers-organises-samedi-7-et-dimanche-8-juin-dans-le-pas-de-calais_62726803.html\" rel=\"nofollow noopener\" target=\"_blank\">dans le Pas-de-Calais<\/a><\/b><\/li>\n<\/ul>\n<p class=\" wall-content\">Amis chineurs, voici votre agenda du week-end\u2009! Les samedi\u00a07 et dimanche 8\u00a0juin 2025, de nombreux vide-greniers, brocantes et braderies sont organis\u00e9s dans le Nord. Voici la liste.<\/p>\n<ul class=\" wall-content\">\n<li><a href=\"https:\/\/actu.fr\/loisirs-culture\/bon-plan-6-magnifiques-jardins-a-visiter-gratuitement-ce-week-end-dans-le-nord-et-le-pas-de-calais_62737466.html\" rel=\"nofollow noopener\" target=\"_blank\"><b>Bon plan : 6 magnifiques jardins \u00e0 visiter gratuitement ce week-end dans le Nord et le Pas-de-Calais\u00a0!<\/b><\/a><\/li>\n<\/ul>\n<p class=\" wall-content\">Vous ne savez pas quoi faire en ce week-end de Pentec\u00f4te ? Voici 6 jardins gratuits \u00e0 visiter dans le Nord et le Pas-de-Calais pour les \u00ab\u00a0Rendez-vous aux jardins 2025\u00a0\u00bb. D\u00e9tails.<\/p>\n<ul class=\" wall-content\">\n<li><b><a href=\"https:\/\/actu.fr\/hauts-de-france\/awoingt_59039\/nord-de-la-vache-au-verre-de-lait-plongee-gratuite-dans-les-coulisses-dune-laiterie-samedi_62732344.html\" rel=\"nofollow noopener\" target=\"_blank\">Nord. \u00ab\u00a0De la vache au verre de lait\u00a0\u00bb : plong\u00e9e gratuite dans les coulisses d\u2019une laiterie samedi<\/a><\/b><\/li>\n<\/ul>\n<p class=\" wall-content\">Visite de la salle de traite, des lignes de production, d\u00e9gustation\u2026 Animation exceptionnelle ce samedi 7 juin : la laiterie Candia d\u2019Awoingt (Nord) ouvre ses portes au public.<\/p>\n<ul class=\" wall-content\">\n<li><b><a href=\"https:\/\/actu.fr\/hauts-de-france\/wimille_62894\/un-grand-rendez-vous-litteraire-ouvert-a-tous-dans-ce-sublime-jardin-de-la-cote-dopale-ce-week-end_62732434.html\" rel=\"nofollow noopener\" target=\"_blank\">Un grand rendez-vous litt\u00e9raire ouvert \u00e0 tous dans ce sublime jardin de la C\u00f4te d\u2019Opale ce week-end<\/a><\/b><\/li>\n<\/ul>\n<p class=\" wall-content\">Rendez-vous aux jardins \u00e0 Wimille (Pas-de-Calais) les samedi 7 et dimanche 8 juin pour un grand week-end litt\u00e9raire sur la C\u00f4te d\u2019Opale.<\/p>\n<ul class=\" wall-content\">\n<li><b><a href=\"https:\/\/actu.fr\/hauts-de-france\/benifontaine_62107\/baptemes-de-lair-expo-davions-pres-de-lens-cet-aerodrome-ouvre-ses-portes-au-public-ce-week-end_62738126.html\" rel=\"nofollow noopener\" target=\"_blank\">Bapt\u00eames de l\u2019air, expo d\u2019avions\u2026 Pr\u00e8s de Lens, cet a\u00e9rodrome ouvre ses portes au public ce week-end<\/a><\/b><\/li>\n<\/ul>\n<p class=\" wall-content\">Samedi 7 et dimanche 8 juin 2025, l\u2019a\u00e9rodrome de B\u00e9nifontaine, pr\u00e8s de Lens, ouvre ses portes au public. Voici le programme de ce bel \u00e9v\u00e9nement.<\/p>\n<p>En Belgique<\/p>\n<ul class=\" wall-content\">\n<li><b><a href=\"https:\/\/actu.fr\/economie\/belgique-famiflora-ouvre-lollyland-le-paradis-des-bonbons-sur-250-m%c2%b2_62732940.html\" rel=\"nofollow noopener\" target=\"_blank\">Belgique. Famiflora ouvre Lollyland, le paradis des bonbons sur 250 m\u00b2<\/a><\/b><\/li>\n<\/ul>\n<p class=\" wall-content\">L\u2019immense jardinerie Famiflora, situ\u00e9e \u00e0 Mouscron (Belgique), vient de lancer un nouveau concept : Lollyland un magasin de bonbons dans un espace de 250 m\u00b2.\u00a0<\/p>\n<ul class=\" wall-content\">\n<li><b><a href=\"https:\/\/actu.fr\/societe\/belgique-ces-animaux-tresors-de-la-faune-mondiale-arrivent-dans-le-parc-pairi-daiza_62612348.html\" rel=\"nofollow noopener\" target=\"_blank\">Ces animaux, \u00ab\u00a0tr\u00e9sors de la faune mondiale\u00a0\u00bb, sont arriv\u00e9s dans le parc Pairi Daiza<\/a><\/b><\/li>\n<\/ul>\n<p class=\" wall-content\">C\u2019est une premi\u00e8re mondiale, annonce d\u2019embl\u00e9e Pairi Daiza, dans une note d\u2019information. Des singes dor\u00e9s du Qinling arrivent bient\u00f4t dans le parc animalier de Belgique. Pr\u00e9cisions.<\/p>\n<ul class=\" wall-content\">\n<li><b><a href=\"https:\/\/actu.fr\/loisirs-culture\/a-la-frontiere-avec-le-nord-decouvrez-le-charme-incroyable-de-cette-petite-ville-belge_61311161.html\" rel=\"nofollow noopener\" target=\"_blank\">A la fronti\u00e8re avec le Nord, d\u00e9couvrez le charme incroyable de cette petite ville belge<\/a><\/b><\/li>\n<\/ul>\n<p class=\" wall-content\">Voil\u00e0 une jolie escapade qui s\u2019offre \u00e0 vous en Belgique, \u00e0 la fronti\u00e8re avec le Nord. Avec ses jardins suspendus et son abbaye, cette ville a un charme incroyable.<\/p>\n<p class=\" wall-content\">Suivez toute l\u2019actualit\u00e9 de vos villes et m\u00e9dias favoris en vous inscrivant \u00e0 <a href=\"https:\/\/moncompte.actu.fr\" title=\"D\u00e9couvez Mon Actu\" rel=\"nofollow noopener\" data-trk=\"{&quot;cta&quot;:{&quot;action&quot;:&quot;https:\\\/\\\/moncompte.actu.fr&quot;,&quot;category&quot;:&quot;mon compte&quot;,&quot;from&quot;:&quot;article footer&quot;,&quot;name&quot;:&quot;Mon actu&quot;,&quot;type&quot;:&quot;cta&quot;}}\" target=\"_blank\">Mon Actu<\/a>.<\/p>\n","protected":false},"excerpt":{"rendered":"Par Amandine Vachez Publi\u00e9 le 6 juin 2025 \u00e0 17h32 Pour profiter pleinement de ce samedi 7 juin&hellip;\n","protected":false},"author":2,"featured_media":156842,"comment_status":"","ping_status":"","sticky":false,"template":"","format":"standard","meta":{"footnotes":""},"categories":[2815],"tags":[1111,11,677,1777,674,652,1011,27,811,1307,1652,12,25],"class_list":{"0":"post-156841","1":"post","2":"type-post","3":"status-publish","4":"format-standard","5":"has-post-thumbnail","7":"category-lille","8":"tag-actu","9":"tag-actualites","10":"tag-bons-plans","11":"tag-eu","12":"tag-europe","13":"tag-famille","14":"tag-fr","15":"tag-france","16":"tag-hauts-de-france","17":"tag-lille","18":"tag-loisirs-culture","19":"tag-news","20":"tag-republique-francaise"},"share_on_mastodon":{"url":"https:\/\/pubeurope.com\/@fr\/114637202007843518","error":""},"_links":{"self":[{"href":"https:\/\/www.europesays.com\/fr\/wp-json\/wp\/v2\/posts\/156841","targetHints":{"allow":["GET"]}}],"collection":[{"href":"https:\/\/www.europesays.com\/fr\/wp-json\/wp\/v2\/posts"}],"about":[{"href":"https:\/\/www.europesays.com\/fr\/wp-json\/wp\/v2\/types\/post"}],"author":[{"embeddable":true,"href":"https:\/\/www.europesays.com\/fr\/wp-json\/wp\/v2\/users\/2"}],"replies":[{"embeddable":true,"href":"https:\/\/www.europesays.com\/fr\/wp-json\/wp\/v2\/comments?post=156841"}],"version-history":[{"count":0,"href":"https:\/\/www.europesays.com\/fr\/wp-json\/wp\/v2\/posts\/156841\/revisions"}],"wp:featuredmedia":[{"embeddable":true,"href":"https:\/\/www.europesays.com\/fr\/wp-json\/wp\/v2\/media\/156842"}],"wp:attachment":[{"href":"https:\/\/www.europesays.com\/fr\/wp-json\/wp\/v2\/media?parent=156841"}],"wp:term":[{"taxonomy":"category","embeddable":true,"href":"https:\/\/www.europesays.com\/fr\/wp-json\/wp\/v2\/categories?post=156841"},{"taxonomy":"post_tag","embeddable":true,"href":"https:\/\/www.europesays.com\/fr\/wp-json\/wp\/v2\/tags?post=156841"}],"curies":[{"name":"wp","href":"https:\/\/api.w.org\/{rel}","templated":true}]}}