{"id":156849,"date":"2025-06-06T15:50:08","date_gmt":"2025-06-06T15:50:08","guid":{"rendered":"https:\/\/www.europesays.com\/fr\/156849\/"},"modified":"2025-06-06T15:50:08","modified_gmt":"2025-06-06T15:50:08","slug":"yame-en-dedicace-a-la-fnac-lyon-bellecour-pour-la-sortie-de-son-album-ebem","status":"publish","type":"post","link":"https:\/\/www.europesays.com\/fr\/156849\/","title":{"rendered":"Yam\u00ea en d\u00e9dicace \u00e0 la Fnac Lyon Bellecour pour la sortie de son album EBEM"},"content":{"rendered":"<p>Rendez-vous mercredi 18 juin 2025 \u00e0 la Fnac Lyon Bellecour.<\/p>\n<p>La Fnac Lyon Bellecour accueillera Yam\u00ea \u00e0 l&rsquo;occasion de la sortie de son premier album tr\u00e8s attendu, EBEM.<\/p>\n<p>Une r\u00e9v\u00e9lation musicale en pleine lumi\u00e8re<\/p>\n<p>Avec son style singulier m\u00ealant chanson fran\u00e7aise, jazz, blues, rap et influences africaines, Yam\u00ea s&rsquo;est rapidement impos\u00e9 comme l&rsquo;une des figures montantes de la sc\u00e8ne musicale. Depuis le succ\u00e8s fulgurant de B\u00e9cane (single platine avec plus de 200 millions de streams), l&rsquo;artiste encha\u00eene les distinctions : R\u00e9v\u00e9lation masculine des Victoires de la Musique 2024, Prix du Grand Jury au Music Moves Europe 2025, et R\u00e9v\u00e9lation au Prix Sacem.<\/p>\n<p>Un album entre introspection et universalit\u00e9<\/p>\n<p>Dans EBEM, disponible le 13 juin, Yam\u00ea livre un album introspectif, sinc\u00e8re et engag\u00e9. \u00c0 travers 14 titres, il explore ses doutes, ses racines et ses aspirations avec une justesse \u00e9motionnelle rare. Son message : la beaut\u00e9 du chemin vaut autant que sa destination.<\/p>\n<p>Rendez-vous mercredi 18 juin 2025 \u00e0 la Fnac Lyon Bellecour<\/p>\n<p>Plus d&rsquo;infos et inscriptions sur le site <a class=\"url\" href=\"https:\/\/leclaireur.fnac.com\/evenement\/cp67180-yame-en-dedicaces-a-la-fnac-paris-lyon-rouen-sur-inscriptions\/\" target=\"_blank\" rel=\"noopener\">leclaireur.fnac.com<\/a>.<\/p>\n<p>Radio SCOOP est partenaire de l&rsquo;\u00e9v\u00e8nement <\/p>\n<p><\/p>\n","protected":false},"excerpt":{"rendered":"Rendez-vous mercredi 18 juin 2025 \u00e0 la Fnac Lyon Bellecour. La Fnac Lyon Bellecour accueillera Yam\u00ea \u00e0 l&rsquo;occasion&hellip;\n","protected":false},"author":2,"featured_media":156850,"comment_status":"","ping_status":"","sticky":false,"template":"","format":"standard","meta":{"footnotes":""},"categories":[1889],"tags":[28773,1111,11,2430,28772,28774,1777,674,28771,1011,27,2428,12,16338,25,26104],"class_list":{"0":"post-156849","1":"post","2":"type-post","3":"status-publish","4":"format-standard","5":"has-post-thumbnail","7":"category-lyon","8":"tag-bem","9":"tag-actu","10":"tag-actualites","11":"tag-auvergne-rhone-alpes","12":"tag-ddicaces","13":"tag-ebem","14":"tag-eu","15":"tag-europe","16":"tag-fnac-bellecour","17":"tag-fr","18":"tag-france","19":"tag-lyon","20":"tag-news","21":"tag-radio-scoop","22":"tag-republique-francaise","23":"tag-yame"},"share_on_mastodon":{"url":"https:\/\/pubeurope.com\/@fr\/114637217799922388","error":""},"_links":{"self":[{"href":"https:\/\/www.europesays.com\/fr\/wp-json\/wp\/v2\/posts\/156849","targetHints":{"allow":["GET"]}}],"collection":[{"href":"https:\/\/www.europesays.com\/fr\/wp-json\/wp\/v2\/posts"}],"about":[{"href":"https:\/\/www.europesays.com\/fr\/wp-json\/wp\/v2\/types\/post"}],"author":[{"embeddable":true,"href":"https:\/\/www.europesays.com\/fr\/wp-json\/wp\/v2\/users\/2"}],"replies":[{"embeddable":true,"href":"https:\/\/www.europesays.com\/fr\/wp-json\/wp\/v2\/comments?post=156849"}],"version-history":[{"count":0,"href":"https:\/\/www.europesays.com\/fr\/wp-json\/wp\/v2\/posts\/156849\/revisions"}],"wp:featuredmedia":[{"embeddable":true,"href":"https:\/\/www.europesays.com\/fr\/wp-json\/wp\/v2\/media\/156850"}],"wp:attachment":[{"href":"https:\/\/www.europesays.com\/fr\/wp-json\/wp\/v2\/media?parent=156849"}],"wp:term":[{"taxonomy":"category","embeddable":true,"href":"https:\/\/www.europesays.com\/fr\/wp-json\/wp\/v2\/categories?post=156849"},{"taxonomy":"post_tag","embeddable":true,"href":"https:\/\/www.europesays.com\/fr\/wp-json\/wp\/v2\/tags?post=156849"}],"curies":[{"name":"wp","href":"https:\/\/api.w.org\/{rel}","templated":true}]}}