{"id":15685,"date":"2025-04-10T19:16:13","date_gmt":"2025-04-10T19:16:13","guid":{"rendered":"https:\/\/www.europesays.com\/fr\/15685\/"},"modified":"2025-04-10T19:16:13","modified_gmt":"2025-04-10T19:16:13","slug":"atp-monte-carlo-nicolas-escude-sur-alcaraz-on-dirait-parfois-un-junior-qui-fait-tout-et-nimporte-quoi","status":"publish","type":"post","link":"https:\/\/www.europesays.com\/fr\/15685\/","title":{"rendered":"ATP &#8211; Monte Carlo > Nicolas Escud\u00e9 sur Alcaraz : \u00ab\u00a0On dirait parfois un junior qui fait tout et n&rsquo;importe quoi\u00a0\u00bb"},"content":{"rendered":"<p>\u00ab\u202fJe suis tr\u00e8s heureux de la fa\u00e7on dont je joue\u202f\u00bb, <a href=\"https:\/\/www.welovetennis.fr\/atp\/atp-monte-carlo\/alcaraz-regle-ses-comptes-je-ne-pense-pas-que-ce-soit-juste-des-que-je-perds-les-gens-ne-pensent-qua-moi-et-jamais-a-mes-adversaires\" data-wpel-link=\"internal\" rel=\"nofollow noopener\" target=\"_blank\">a l\u00e2ch\u00e9 Carlos Alcaraz \u00e0 Monte\u2010Carlo<\/a>, en r\u00e9ponse aux critiques sur son inconstance.\u00a0<\/p>\n<p>Ses derni\u00e8res d\u00e9faites (contre Jiri Lehecka en quarts de finale \u00e0 Doha, contre Jack Draper en demies \u00e0 Indian Wells et contre David Goffin d\u00e8s le deuxi\u00e8me tour \u00e0 Miami) suscite de nombreuses r\u00e9ac\u00adtions de la part des obser\u00adva\u00adteurs, parmi lesquels l\u2019ex\u201017e joueur mondial, Nicolas Escud\u00e9.<\/p>\n<p><strong>\u00ab\u202fOn dirait parfois un junior qui fait tout et n\u2019im\u00adporte quoi. C\u2019est sans doute trop free\u00adstyle par moments. Il fait des coups, tu demandes pour\u00adquoi il les tente\u202f\u00bb<\/strong>, a estim\u00e9 l\u2019an\u00adcien direc\u00adteur tech\u00adnique national (DTN) du tennis fran\u00ad\u00e7ais, inter\u00adrog\u00e9 par le journal <a href=\"https:\/\/www.lequipe.fr\/Tennis\/Article\/C-est-quoi-le-probleme-avec-carlos-alcaraz\/1552710\" data-wpel-link=\"external\" target=\"_blank\" rel=\"nofollow external noopener\">L\u2019Equipe<\/a>.<\/p>\n<p>Alcaraz commen\u00adcera sa saison sur terre battue au deuxi\u00e8me tour du Masters 1000 de Monte\u2010Carlo ce mercredi face \u00e0 un adver\u00adsaire tr\u00e8s dange\u00adreux, l\u2019Argentin Francisco Cerundolo (22e mondial).\u00a0<\/p>\n<p class=\"post-published-date\" style=\"color: silver; font-size: 75%; text-align: left;\">Publi\u00e9 le mercredi 9 avril 2025 \u00e0 10:18<\/p>\n","protected":false},"excerpt":{"rendered":"\u00ab\u202fJe suis tr\u00e8s heureux de la fa\u00e7on dont je joue\u202f\u00bb, a l\u00e2ch\u00e9 Carlos Alcaraz \u00e0 Monte\u2010Carlo, en r\u00e9ponse&hellip;\n","protected":false},"author":2,"featured_media":15686,"comment_status":"","ping_status":"","sticky":false,"template":"","format":"standard","meta":{"footnotes":""},"categories":[1415],"tags":[1744,4388,1011,27,60,1467],"class_list":{"0":"post-15685","1":"post","2":"type-post","3":"status-publish","4":"format-standard","5":"has-post-thumbnail","7":"category-tennis","8":"tag-alcaraz","9":"tag-draper","10":"tag-fr","11":"tag-france","12":"tag-sports","13":"tag-tennis"},"share_on_mastodon":{"url":"https:\/\/pubeurope.com\/@fr\/114315276019012592","error":""},"_links":{"self":[{"href":"https:\/\/www.europesays.com\/fr\/wp-json\/wp\/v2\/posts\/15685","targetHints":{"allow":["GET"]}}],"collection":[{"href":"https:\/\/www.europesays.com\/fr\/wp-json\/wp\/v2\/posts"}],"about":[{"href":"https:\/\/www.europesays.com\/fr\/wp-json\/wp\/v2\/types\/post"}],"author":[{"embeddable":true,"href":"https:\/\/www.europesays.com\/fr\/wp-json\/wp\/v2\/users\/2"}],"replies":[{"embeddable":true,"href":"https:\/\/www.europesays.com\/fr\/wp-json\/wp\/v2\/comments?post=15685"}],"version-history":[{"count":0,"href":"https:\/\/www.europesays.com\/fr\/wp-json\/wp\/v2\/posts\/15685\/revisions"}],"wp:featuredmedia":[{"embeddable":true,"href":"https:\/\/www.europesays.com\/fr\/wp-json\/wp\/v2\/media\/15686"}],"wp:attachment":[{"href":"https:\/\/www.europesays.com\/fr\/wp-json\/wp\/v2\/media?parent=15685"}],"wp:term":[{"taxonomy":"category","embeddable":true,"href":"https:\/\/www.europesays.com\/fr\/wp-json\/wp\/v2\/categories?post=15685"},{"taxonomy":"post_tag","embeddable":true,"href":"https:\/\/www.europesays.com\/fr\/wp-json\/wp\/v2\/tags?post=15685"}],"curies":[{"name":"wp","href":"https:\/\/api.w.org\/{rel}","templated":true}]}}