{"id":156851,"date":"2025-06-06T15:51:09","date_gmt":"2025-06-06T15:51:09","guid":{"rendered":"https:\/\/www.europesays.com\/fr\/156851\/"},"modified":"2025-06-06T15:51:09","modified_gmt":"2025-06-06T15:51:09","slug":"lyon-le-parc-de-la-tete-dor-evacue-durgence-cet-apres-midi-des-orages-violents-en-approche","status":"publish","type":"post","link":"https:\/\/www.europesays.com\/fr\/156851\/","title":{"rendered":"Lyon. Le parc de la T\u00eate d&rsquo;or \u00e9vacu\u00e9 d&rsquo;urgence cet apr\u00e8s-midi, des orages violents en approche"},"content":{"rendered":"<p>            Par<br \/>\n        <strong><br \/>\n            <a href=\"https:\/\/actu.fr\/auteur\/theo-zuili\" title=\"Consulter tous les articles de Th\u00e9o Zuili\" target=\"_blank\" rel=\"noopener\">Th\u00e9o Zuili<\/a><br \/>\n        <\/strong><\/p>\n<p>        Publi\u00e9 le<\/p>\n<p>            6 juin 2025 \u00e0 17h40        <\/p>\n<p>D\u2019importantes pr\u00e9cipitations accompagn\u00e9es de <strong>rafales de vent atteignant 90 km\/h<\/strong> ainsi que <a href=\"https:\/\/actu.fr\/meteo\/alerte-aux-orages-violents-grele-et-tres-fortes-pluies-dans-le-rhone-vendredi-les-secteurs-concernes_62737291.html\" target=\"_blank\" rel=\"noopener\">des orages violents localement sont attendus<\/a> dans l\u2019agglom\u00e9ration de <a href=\"https:\/\/actu.fr\/auvergne-rhone-alpes\/lyon_69123\" target=\"_blank\" rel=\"noopener\">Lyon<\/a> ce vendredi 6 juin 2025.<\/p>\n<p class=\" wall-content\"><a href=\"https:\/\/actu.fr\/tag\/meteo-france\" target=\"_blank\" rel=\"noopener\">M\u00e9t\u00e9o-France<\/a> a plac\u00e9 le Rh\u00f4ne en alerte orange aux orages d\u00e8s 16h.<\/p>\n<p>Des raisons de s\u00e9curit\u00e9<\/p>\n<p class=\" wall-content\"><a href=\"https:\/\/actu.fr\/auvergne-rhone-alpes\/lyon_69123\/lyon-les-parcs-dont-celui-de-la-tete-d-or-ferment-en-urgence-cette-apres-midi_62722198.html\" target=\"_blank\" rel=\"noopener\">D\u00e9j\u00e0 ferm\u00e9 mercredi<\/a>, le parc de la T\u00eate d\u2019Or est de nouveau <strong>vid\u00e9 de ses visiteurs<\/strong> et interdit au public en cette fin de journ\u00e9e. Avec la politique de risque z\u00e9ro prise par la Ville de Lyon, les habitants \u00e9taient nombreux \u00e0 s\u2019\u00e9tonner de la pr\u00e9c\u00e9dente fermeture alors que les orages attendus mercredi ont esquiv\u00e9 la m\u00e9tropole.<\/p>\n<p class=\" wall-content\">En cause ce vendredi, le risque trop important que posent une nouvelle fois les potentiels orages s\u2019ils venaient \u00e0 \u00e9clater au-dessus de la ville en la pr\u00e9sence de visiteurs.\u00a0<\/p>\n<p class=\" wall-content\">Mais ce sont particuli\u00e8rement les vents qui inqui\u00e8tent : les sp\u00e9cialistes de M\u00e9t\u00e9o-France les estiment \u00e0 90 km\/h, ce qui pourrait provoquer des chutes de branche ou m\u00eame d\u2019arbre.<\/p>\n<p>Vid\u00e9os : en ce moment sur ActuDe la gr\u00eale, des orages et du vent attendus<\/p>\n<p class=\" wall-content\">Les grands parcs municipaux, dont <a href=\"https:\/\/actu.fr\/tag\/parc-de-la-tete-d-or\" target=\"_blank\" rel=\"noopener\">celui de la T\u00eate d\u2019Or<\/a>, sont donc une nouvelle fois ferm\u00e9s en urgence depuis 16 h en raison de l\u2019alerte m\u00e9t\u00e9o. Les parcs Blandan, Cerisaie ou encore Gerland<strong> sont aussi interdits au public<\/strong>, tout comme les cimeti\u00e8res.<\/p>\n<p class=\" wall-content\">Pour rappel, le d\u00e9partement est concern\u00e9 par une vigilance orange aux orages jusqu\u2019\u00e0 3h du matin samedi au minimum. \u00ab\u00a0Les simulations font surtout ressortir le<strong> risque de pr\u00e9cipitations intenses<\/strong> (de l\u2019ordre de 20 \u00e0 30 mm en moins de 30 min), pouvant aboutir \u00e0 de forts cumuls (de l\u2019ordre de 40 \u00e0 50 mm), en cas de passages successifs\u00a0\u00bb, indique M\u00e9t\u00e9o-France qui n\u2019\u00e9carte pas \u00ab\u00a0un risque de gr\u00eale pouvant atteindre 2 \u00e0 3 centim\u00e8tres de diam\u00e8tre\u00a0\u00bb ainsi \u00ab\u00a0qu\u2019un risque de fortes rafales pouvant atteindre 80 km\/h ou plus\u00a0\u00bb.<\/p>\n<p class=\" wall-content\">\u00ab\u00a0Soyez prudents dans vos d\u00e9placements\u00a0\u00bb, demande la Ville de Lyon.<\/p>\n<p class=\" wall-content\">Suivez toute l\u2019actualit\u00e9 de vos villes et m\u00e9dias favoris en vous inscrivant \u00e0 <a href=\"https:\/\/moncompte.actu.fr\" title=\"D\u00e9couvez Mon Actu\" rel=\"nofollow noopener\" data-trk=\"{&quot;cta&quot;:{&quot;action&quot;:&quot;https:\\\/\\\/moncompte.actu.fr&quot;,&quot;category&quot;:&quot;mon compte&quot;,&quot;from&quot;:&quot;article footer&quot;,&quot;name&quot;:&quot;Mon actu&quot;,&quot;type&quot;:&quot;cta&quot;}}\" target=\"_blank\">Mon Actu<\/a>.<\/p>\n","protected":false},"excerpt":{"rendered":"Par Th\u00e9o Zuili Publi\u00e9 le 6 juin 2025 \u00e0 17h40 D\u2019importantes pr\u00e9cipitations accompagn\u00e9es de rafales de vent atteignant&hellip;\n","protected":false},"author":2,"featured_media":156852,"comment_status":"","ping_status":"","sticky":false,"template":"","format":"standard","meta":{"footnotes":""},"categories":[1889],"tags":[1111,11,2430,1777,674,1011,27,2428,2487,2357,12,4594,13760,25],"class_list":{"0":"post-156851","1":"post","2":"type-post","3":"status-publish","4":"format-standard","5":"has-post-thumbnail","7":"category-lyon","8":"tag-actu","9":"tag-actualites","10":"tag-auvergne-rhone-alpes","11":"tag-eu","12":"tag-europe","13":"tag-fr","14":"tag-france","15":"tag-lyon","16":"tag-meteo","17":"tag-meteo-france","18":"tag-news","19":"tag-orages","20":"tag-parc-de-la-tete-dor","21":"tag-republique-francaise"},"share_on_mastodon":{"url":"https:\/\/pubeurope.com\/@fr\/114637221669524355","error":""},"_links":{"self":[{"href":"https:\/\/www.europesays.com\/fr\/wp-json\/wp\/v2\/posts\/156851","targetHints":{"allow":["GET"]}}],"collection":[{"href":"https:\/\/www.europesays.com\/fr\/wp-json\/wp\/v2\/posts"}],"about":[{"href":"https:\/\/www.europesays.com\/fr\/wp-json\/wp\/v2\/types\/post"}],"author":[{"embeddable":true,"href":"https:\/\/www.europesays.com\/fr\/wp-json\/wp\/v2\/users\/2"}],"replies":[{"embeddable":true,"href":"https:\/\/www.europesays.com\/fr\/wp-json\/wp\/v2\/comments?post=156851"}],"version-history":[{"count":0,"href":"https:\/\/www.europesays.com\/fr\/wp-json\/wp\/v2\/posts\/156851\/revisions"}],"wp:featuredmedia":[{"embeddable":true,"href":"https:\/\/www.europesays.com\/fr\/wp-json\/wp\/v2\/media\/156852"}],"wp:attachment":[{"href":"https:\/\/www.europesays.com\/fr\/wp-json\/wp\/v2\/media?parent=156851"}],"wp:term":[{"taxonomy":"category","embeddable":true,"href":"https:\/\/www.europesays.com\/fr\/wp-json\/wp\/v2\/categories?post=156851"},{"taxonomy":"post_tag","embeddable":true,"href":"https:\/\/www.europesays.com\/fr\/wp-json\/wp\/v2\/tags?post=156851"}],"curies":[{"name":"wp","href":"https:\/\/api.w.org\/{rel}","templated":true}]}}