{"id":156859,"date":"2025-06-06T15:56:11","date_gmt":"2025-06-06T15:56:11","guid":{"rendered":"https:\/\/www.europesays.com\/fr\/156859\/"},"modified":"2025-06-06T15:56:11","modified_gmt":"2025-06-06T15:56:11","slug":"nuit-blanche-2025-le-cinema-sempare-de-paris-un-art-en-resistance","status":"publish","type":"post","link":"https:\/\/www.europesays.com\/fr\/156859\/","title":{"rendered":"Nuit Blanche 2025 : Le cin\u00e9ma s\u2019empare de Paris, un art en r\u00e9sistance"},"content":{"rendered":"<p>La Nuit Blanche, c\u2019est demain ! Pour cette 24e \u00e9dition, le 7e art est mis \u00e0 l\u2019honneur sous la direction artistique de la cin\u00e9aste, r\u00e9alisatrice et actrice Val\u00e9rie Donzelli. Depuis 2002, la Nuit Blanche est l\u2019\u00e9v\u00e9nement culturel incontournable, c\u00e9l\u00e9brant les arts sous toutes leurs formes : musique, danse, th\u00e9\u00e2tre, performances, expositions\u2026 Il y en a pour tous les go\u00fbts. C\u2019est l\u2019occasion pour toustes de se retrouver dans une capitale qui devient un v\u00e9ritable th\u00e9\u00e2tre \u00e0 ciel ouvert \u2014 ou devrions-nous dire, un cin\u00e9ma \u00e0 ciel ouvert cette ann\u00e9e ?<\/p>\n<p>\u00a0<\/p>\n<p>Ce samedi 7 juin 2025, Paris se transforme en un v\u00e9ritable \u00ab espace de r\u00e9sistance \u00bb. Comme le dit Val\u00e9rie Donzelli, directrice artistique de cette \u00e9dition : \u00ab C\u2019est dans la toile, dans la plume, sur la sc\u00e8ne que naissent les r\u00e9volutions invisibles. Car l\u2019art n\u2019est pas qu\u2019une chose \u00e0 contempler : il est une arme, une v\u00e9rit\u00e9, un souffle d\u2019esp\u00e9rance dont le pouvoir peut nous sortir de l\u2019inertie. \u00bb. Pour cette \u00e9dition haute en couleurs, voici notre s\u00e9lection cult des \u00e9v\u00e9nements artistiques \u00e0 ne pas manquer.<\/p>\n<p>\u00a0<\/p>\n<p>\u00a0<\/p>\n<p>\u00a0<\/p>\n<p>\u00a0<\/p>\n<p><strong>Fondation Groupe EDF : jeunesse, platines et futur<\/strong><\/p>\n<p>\u00a0<\/p>\n<p>La Fondation ouvre les festivit\u00e9s d\u00e8s 16h avec un programme pens\u00e9 pour petits et grands. Paloma Colombe initie les enfants \u00e0 l\u2019art du DJing, puis la soir\u00e9e s\u2019encha\u00eene avec une boum g\u00e9ante, des tours de magie, un DJ set de Maison Fatou et un showcase de Papooz. Le tout au c\u0153ur de l\u2019exposition Ce que l\u2019horizon promet, centr\u00e9e sur l\u2019avenir et la cr\u00e9ation collective.<\/p>\n<p>\u00a0<\/p>\n<p>Horaires : jusqu\u2019\u00e0 23h<\/p>\n<p>Lieu : Fondation Groupe EDF<\/p>\n<p><a href=\"https:\/\/fondation.edf.com\/evenements\/nuit-blanche-edition-2025\/\" target=\"_blank\" rel=\"noopener\">Informations et r\u00e9servation<\/a><\/p>\n<p>\u00a0<\/p>\n<p>\u00a0<\/p>\n<p>Atelier de Paris \/ June Events : 20 minutes de danse\u00a0intense<\/p>\n<p>\u00a0<\/p>\n<p>Ekesa Sanko, solo du chor\u00e9graphe Dilo Paulo, se joue \u00e0 17h dans le cadre du festival June Events. Une pi\u00e8ce courte mais puissante, \u00e0 l\u2019Atelier de Paris, pour commencer la soir\u00e9e en mouvement.<\/p>\n<p>Dur\u00e9e : 20 minutes<br \/>Lieu : Atelier de Paris \/ CDCN<\/p>\n<p><a href=\"https:\/\/www.atelierdeparis.org\/a-l-affiche\/dilo-paulo\/\" target=\"_blank\" rel=\"noopener\">Informations et r\u00e9servation<\/a><\/p>\n<p>\u00a0<\/p>\n<p>\u00a0<\/p>\n<p>Hangar Y : piano et machines lunaires<\/p>\n<p>D\u00e8s 19h, le Hangar Y \u00e0 Meudon propose une Nuit Blanche plac\u00e9e sous le signe de l\u2019espace : improvisation au piano par Harry Allouche, et \u00e0 20h, le spectacle acrobatique MOON, o\u00f9 des machines po\u00e9tiques se meuvent en apesanteur. Cl\u00f4turez votre passage \u00e0 Meudon avec une s\u00e9ance de cin\u00e9ma en plein air m\u00ealant M\u00e9li\u00e8s (Le Voyage dans la Lune) et Alice Winocour (Proxima), pour r\u00eaver d\u2019astres et de conqu\u00eate spatiale jusqu\u2019au bout de la nuit.<br \/>Programme : piano \u00e0 19h et 21h, spectacle \u00e0 20h, cin\u00e9ma en plein air \u00e0 21h45<\/p>\n<p>Lieu : Hangar Y, Meudon<\/p>\n<p><a href=\"https:\/\/hangar-y.com\/evenement\/nuit-blanche-voyages-lunaires\/\" target=\"_blank\" rel=\"noopener\">Informations et r\u00e9servation<\/a><\/p>\n<p>\u00a0<\/p>\n<p>\u00a0<\/p>\n<p>Mus\u00e9e du quai Branly \u2013 Jacques Chirac : une nuit sur le toit<\/p>\n<p>Le mus\u00e9e vous invite \u00e0 vivre une exp\u00e9rience in\u00e9dite\u2026 sur son toit-terrasse. Une soir\u00e9e exceptionnelle autour de la cr\u00e9ation contemporaine avec Junior Mvunzi, laur\u00e9at de la R\u00e9sidence sonore 2024.<\/p>\n<p>Au programme : Musika automatika, performance de sortie de r\u00e9sidence, DJ set de Cheetah, Performances dans\u00e9es, Visites guid\u00e9es flash et sonores (Ghettoblasteur Tour), Exp\u00e9rience audio immersive avec la web app Sonorama (casques disponibles), Food truck\u2026<\/p>\n<p>Horaires : 19h \u00e0 minuit<br \/>Lieu : mus\u00e9e du quai Branly \u2013 Jacques Chirac<\/p>\n<p><a href=\"https:\/\/www.quaibranly.fr\/fr\/expositions-evenements\/au-musee\/spectacles-fetes-et-evenements\/fetes-et-evenements\/details-de-levenement\/e\/nuit-blanche-2025\" target=\"_blank\" rel=\"noopener\">Informations et r\u00e9servation\u00a0<\/a><\/p>\n<p>\u00a0<\/p>\n<p>\u00a0<\/p>\n<p>Institut du Monde Arabe : entre m\u00e9moire et cr\u00e9ation arabe<\/p>\n<p>L\u2019IMA ouvre ses portes gratuitement d\u00e8s 19h : acc\u00e8s aux expositions (Tr\u00e9sors de Gaza, Calligraphie, Photographie libanaise), pause gourmande au caf\u00e9, et carte blanche \u00e0 Mohamed Bourouissa autour de Gaza, avec projections, performances et lectures.<\/p>\n<p>Horaires : 19h \u00e0 minuit<br \/>Lieu : IMA, Paris 5e<\/p>\n<p><a href=\"https:\/\/www.imarabe.org\/fr\/agenda\/evenements-exceptionnels\/nuit-blanche-2025-ima\" target=\"_blank\" rel=\"noopener\">Informations et r\u00e9servation<\/a><\/p>\n<p>\u00a0<\/p>\n<p>\u00a0<\/p>\n<p>mahJ : ballet de mains et cin\u00e9ma muet<\/p>\n<p>Le Mus\u00e9e d\u2019art et d\u2019histoire du Juda\u00efsme (mahJ) diffuse le film avant-gardiste H\u00e4nde (1927), fascinant ballet de mains sign\u00e9 Stella F. Simon. Une proposition singuli\u00e8re et po\u00e9tique pour les amateurs d\u2019exp\u00e9riences visuelles.<\/p>\n<p>Horaires : 19h \u00e0 minuit<br \/>Lieu : mahJ, Paris 3e<\/p>\n<p><a href=\"https:\/\/www.mahj.org\/fr\/programme\/nuit-blanche-1487\" target=\"_blank\" rel=\"noopener\">Informations et r\u00e9servation<\/a><\/p>\n<p>\u00a0<\/p>\n<p>\u00a0<\/p>\n<p>M\u00e9morial de la Shoah : une nuit avec Chantal Akerman<\/p>\n<p>Le M\u00e9morial consacre toute la soir\u00e9e \u00e0 la cin\u00e9aste Chantal Akerman, avec projections, lectures sonores et documents rares (dont un carnet manuscrit de sa grand-m\u00e8re). Une exploration sensible et profonde de la m\u00e9moire et de la cr\u00e9ation.<\/p>\n<p>Horaires : 19h \u00e0 2h<br \/>Lieu : M\u00e9morial de la Shoah, Paris 4e<\/p>\n<p><a href=\"https:\/\/billetterie.memorialdelashoah.org\/fr\/evenements\/nuit-blanche\" target=\"_blank\" rel=\"noopener\">Informations et r\u00e9servation<\/a><\/p>\n<p>\u00a0<\/p>\n<p>\u00a0<\/p>\n<p>Le cin\u00e9ma f\u00e9ministe investit les rues de Paris<\/p>\n<p>D\u00e8s 22h, la ville se transforme en toile vivante : les murs, places et fa\u00e7ades se couvrent d\u2019images sign\u00e9es par six grandes r\u00e9alisatrices. Projeter ces films dans l\u2019espace public, c\u2019est faire du cin\u00e9ma une arme douce mais puissante : ralentir, r\u00e9sister, r\u00e9fl\u00e9chir. Films projet\u00e9s en boucle toute la nuit :<\/p>\n<ul>\n<li>Agn\u00e8s Varda \u2013 L\u2019une chante, l\u2019autre pas (1977)<br \/>Lieu : Parvis de la mairie du 14e, de 22h \u00e0 5h<\/li>\n<\/ul>\n<p>\u00a0<\/p>\n<ul>\n<li>Chantal Akerman \u2013 Jeanne Dielman\u2026 (1975)<br \/>Lieu : Place des F\u00eates, 19e, de 22h \u00e0 5h<\/li>\n<\/ul>\n<p>\u00a0<\/p>\n<ul>\n<li>Delphine Seyrig \u2013 Sois belle et tais-toi (1976)<br \/>Lieu : Jardins Saint-Paul, 4e, de 22h \u00e0 2h<\/li>\n<\/ul>\n<p>\u00a0<\/p>\n<ul>\n<li>Jacqueline Audry \u2013 Olivia (1951)<br \/>Lieu : Gymnase Micheline Ostermeyer, 18e, de 22h \u00e0 2h<\/li>\n<\/ul>\n<p>\u00a0<\/p>\n<ul>\n<li>Alice Guy &amp; Germaine Dulac \u2013 Madame a des envies (1906) &amp; La Souriante Madame Beudet (1923)<br \/>Lieu : 115 quai de Valmy, 10e, de 22h \u00e0 3h<\/li>\n<\/ul>\n<p>\u00a0<\/p>\n<p><a href=\"https:\/\/www.paris.fr\/evenements\/les-films-dans-la-rue-85089\" target=\"_blank\" rel=\"noopener\">Informations et r\u00e9servation<\/a><\/p>\n","protected":false},"excerpt":{"rendered":"La Nuit Blanche, c\u2019est demain ! Pour cette 24e \u00e9dition, le 7e art est mis \u00e0 l\u2019honneur sous&hellip;\n","protected":false},"author":2,"featured_media":156860,"comment_status":"","ping_status":"","sticky":false,"template":"","format":"standard","meta":{"footnotes":""},"categories":[1888],"tags":[1111,1928,11,1927,1777,674,1011,27,12,1926,626,1925,25],"class_list":{"0":"post-156859","1":"post","2":"type-post","3":"status-publish","4":"format-standard","5":"has-post-thumbnail","7":"category-paris","8":"tag-actu","9":"tag-actu-paris","10":"tag-actualites","11":"tag-actualites-paris","12":"tag-eu","13":"tag-europe","14":"tag-fr","15":"tag-france","16":"tag-news","17":"tag-news-paris","18":"tag-paris","19":"tag-paris-news","20":"tag-republique-francaise"},"share_on_mastodon":{"url":"https:\/\/pubeurope.com\/@fr\/114637241321710184","error":""},"_links":{"self":[{"href":"https:\/\/www.europesays.com\/fr\/wp-json\/wp\/v2\/posts\/156859","targetHints":{"allow":["GET"]}}],"collection":[{"href":"https:\/\/www.europesays.com\/fr\/wp-json\/wp\/v2\/posts"}],"about":[{"href":"https:\/\/www.europesays.com\/fr\/wp-json\/wp\/v2\/types\/post"}],"author":[{"embeddable":true,"href":"https:\/\/www.europesays.com\/fr\/wp-json\/wp\/v2\/users\/2"}],"replies":[{"embeddable":true,"href":"https:\/\/www.europesays.com\/fr\/wp-json\/wp\/v2\/comments?post=156859"}],"version-history":[{"count":0,"href":"https:\/\/www.europesays.com\/fr\/wp-json\/wp\/v2\/posts\/156859\/revisions"}],"wp:featuredmedia":[{"embeddable":true,"href":"https:\/\/www.europesays.com\/fr\/wp-json\/wp\/v2\/media\/156860"}],"wp:attachment":[{"href":"https:\/\/www.europesays.com\/fr\/wp-json\/wp\/v2\/media?parent=156859"}],"wp:term":[{"taxonomy":"category","embeddable":true,"href":"https:\/\/www.europesays.com\/fr\/wp-json\/wp\/v2\/categories?post=156859"},{"taxonomy":"post_tag","embeddable":true,"href":"https:\/\/www.europesays.com\/fr\/wp-json\/wp\/v2\/tags?post=156859"}],"curies":[{"name":"wp","href":"https:\/\/api.w.org\/{rel}","templated":true}]}}