{"id":156866,"date":"2025-06-06T16:00:11","date_gmt":"2025-06-06T16:00:11","guid":{"rendered":"https:\/\/www.europesays.com\/fr\/156866\/"},"modified":"2025-06-06T16:00:11","modified_gmt":"2025-06-06T16:00:11","slug":"yannick-jadot-qui-accusait-total-de-complicite-de-crimes-de-guerre-en-ukraine-finalement-relaxe","status":"publish","type":"post","link":"https:\/\/www.europesays.com\/fr\/156866\/","title":{"rendered":"Yannick Jadot, qui accusait Total de complicit\u00e9 de crimes de guerre en Ukraine, finalement relax\u00e9"},"content":{"rendered":"<p>        <img decoding=\"async\" loading=\"lazy\" src=\"https:\/\/www.europesays.com\/fr\/wp-content\/uploads\/2025\/06\/be74515_1695560064730-000-338924k.jpg\"  width=\"728\" height=\"410\" alt=\"Yannick Jadot, ex-candidat \u00e9cologiste \u00e0 l\u2019\u00e9lection pr\u00e9sidentielle, photographi\u00e9e en janvier 2023\u00a0\u00e0 Paris (illustration)\"\/>  <\/p>\n<p>GEOFFROY VAN DER HASSELT \/ AFP<\/p>\n<p>Yannick Jadot, ex-candidat \u00e9cologiste \u00e0 l\u2019\u00e9lection pr\u00e9sidentielle, photographi\u00e9e en janvier 2023\u00a0\u00e0 Paris (illustration)<\/p>\n<p class=\"asset asset-text\">POLITIQUE &#8211; Un s\u00e9rieux camouflet pour l\u2019entreprise gazi\u00e8re. Le s\u00e9nateur \u00e9cologiste <a href=\"https:\/\/www.huffingtonpost.fr\/politique\/article\/jadot-persiste-contre-total-qui-chercherait-a-le-faire-taire_194390.html\" rel=\"nofollow noopener\" target=\"_blank\">Yannick\u00a0Jadot<\/a>, poursuivi en diffamation par <a href=\"https:\/\/www.huffingtonpost.fr\/france\/article\/la-raffinerie-de-donges-controlee-par-total-energies-mise-a-l-arret-pour-corrosion-et-fuites_230649.html\" rel=\"nofollow noopener\" target=\"_blank\">TotalEnergies<\/a> pour avoir accus\u00e9 le groupe <a href=\"https:\/\/www.huffingtonpost.fr\/politique\/video\/ukraine-le-pdg-de-total-repond-a-jadot-et-brandit-une-photo-d-employes-devenus-soldats_194143.html\" rel=\"nofollow noopener\" target=\"_blank\">d\u2019\u00eatre \u00ab\u00a0complice de crimes de guerre\u00a0\u00bb<\/a> en raison de la poursuite de ses activit\u00e9s en Russie apr\u00e8s l\u2019invasion de l\u2019Ukraine, a \u00e9t\u00e9 relax\u00e9 ce vendredi 6\u00a0juin.<\/p>\n<p class=\"asset asset-text\">L\u2019ancien candidat \u00e0 la pr\u00e9sidentielle \u00e9tait poursuivi par le groupe pour 19 s\u00e9ries de propos, datant de mars\u00a02022, peu apr\u00e8s l\u2019invasion de l\u2019Ukraine par l\u2019arm\u00e9e russe le 24\u00a0f\u00e9vrier.<\/p>\n<p class=\"asset asset-text\">Le tribunal correctionnel de Paris a indiqu\u00e9 dans son jugement que Yannick Jadot\u00a0disposait \u00ab\u00a0d\u2019une base factuelle\u00a0\u00bb pour imputer \u00e0 TotalEnergies \u00ab\u00a0une participation au financement de la guerre en Ukraine\u00a0\u00bb m\u00eame si, a reconnu le tribunal, son propos n\u2019\u00e9tait pas formul\u00e9 \u00ab\u00a0de mani\u00e8re nuanc\u00e9e\u00a0\u00bb.<\/p>\n<p class=\"asset asset-text\">Yannick\u00a0Jadot\u00a0se faisait l\u2019\u00e9cho dans ses propos de l\u2019analyse faite par plusieurs ONG ou responsables politiques indiquant que TotalEnergies \u00ab\u00a0par ses investissements, ses participations capitalistiques et ses activit\u00e9s \u00e9conomiques d\u2019extraction, de transport et d\u2019importation d\u2019hydrocarbures et particuli\u00e8rement de GNL, contribue indirectement \u00e0 alimenter le budget de l\u2019\u00c9tat russe\u00a0\u00bb et donc \u00e0 financer la poursuite de la guerre en Ukraine, a soulign\u00e9 le tribunal pour expliquer la relaxe du pr\u00e9venu.<\/p>\n<p class=\"asset asset-text\">Yannick\u00a0Jadot, pr\u00e9sent par ailleurs ce vendredi au tribunal, a r\u00e9agi dans un communiqu\u00e9\u00a0: \u00ab\u00a0cette d\u00e9cision d\u00e9montre que TotalEnergies ne pouvait -et ne peut toujours pas aujourd\u2019hui- ignorer que ses activit\u00e9s en Russie contribuent au financement du r\u00e9gime poutinien et des crimes de guerre commis en Ukraine\u00a0\u00bb.<\/p>\n<p class=\"asset asset-text\">\u00ab\u00a0C\u2019est une excellente nouvelle pour le d\u00e9bat public et la libert\u00e9 d\u2019expression que TotalEnergies veut saper \u00e0 travers des proc\u00e9dures-b\u00e2illons\u00a0\u00bb, a-t-il ajout\u00e9, demandant au pr\u00e9sident de la R\u00e9publique \u00ab\u00a0d\u2019exiger du groupe p\u00e9trolier son retrait d\u2019une dictature coupable de crimes de guerre et crimes contre l\u2019humanit\u00e9\u00a0\u00bb.<\/p>\n","protected":false},"excerpt":{"rendered":"GEOFFROY VAN DER HASSELT \/ AFP Yannick Jadot, ex-candidat \u00e9cologiste \u00e0 l\u2019\u00e9lection pr\u00e9sidentielle, photographi\u00e9e en janvier 2023\u00a0\u00e0 Paris&hellip;\n","protected":false},"author":2,"featured_media":156867,"comment_status":"","ping_status":"","sticky":false,"template":"","format":"standard","meta":{"footnotes":""},"categories":[1590],"tags":[11,1777,674,131,303,12,316,13422,220,14937],"class_list":{"0":"post-156866","1":"post","2":"type-post","3":"status-publish","4":"format-standard","5":"has-post-thumbnail","7":"category-ukraine","8":"tag-actualites","9":"tag-eu","10":"tag-europe","11":"tag-guerre-en-ukraine","12":"tag-justice","13":"tag-news","14":"tag-politique","15":"tag-total","16":"tag-ukraine","17":"tag-yannick-jadot"},"share_on_mastodon":{"url":"https:\/\/pubeurope.com\/@fr\/114637257105095197","error":""},"_links":{"self":[{"href":"https:\/\/www.europesays.com\/fr\/wp-json\/wp\/v2\/posts\/156866","targetHints":{"allow":["GET"]}}],"collection":[{"href":"https:\/\/www.europesays.com\/fr\/wp-json\/wp\/v2\/posts"}],"about":[{"href":"https:\/\/www.europesays.com\/fr\/wp-json\/wp\/v2\/types\/post"}],"author":[{"embeddable":true,"href":"https:\/\/www.europesays.com\/fr\/wp-json\/wp\/v2\/users\/2"}],"replies":[{"embeddable":true,"href":"https:\/\/www.europesays.com\/fr\/wp-json\/wp\/v2\/comments?post=156866"}],"version-history":[{"count":0,"href":"https:\/\/www.europesays.com\/fr\/wp-json\/wp\/v2\/posts\/156866\/revisions"}],"wp:featuredmedia":[{"embeddable":true,"href":"https:\/\/www.europesays.com\/fr\/wp-json\/wp\/v2\/media\/156867"}],"wp:attachment":[{"href":"https:\/\/www.europesays.com\/fr\/wp-json\/wp\/v2\/media?parent=156866"}],"wp:term":[{"taxonomy":"category","embeddable":true,"href":"https:\/\/www.europesays.com\/fr\/wp-json\/wp\/v2\/categories?post=156866"},{"taxonomy":"post_tag","embeddable":true,"href":"https:\/\/www.europesays.com\/fr\/wp-json\/wp\/v2\/tags?post=156866"}],"curies":[{"name":"wp","href":"https:\/\/api.w.org\/{rel}","templated":true}]}}