{"id":15687,"date":"2025-04-10T19:18:10","date_gmt":"2025-04-10T19:18:10","guid":{"rendered":"https:\/\/www.europesays.com\/fr\/15687\/"},"modified":"2025-04-10T19:18:10","modified_gmt":"2025-04-10T19:18:10","slug":"le-programme-tv-du-week-end","status":"publish","type":"post","link":"https:\/\/www.europesays.com\/fr\/15687\/","title":{"rendered":"le programme TV du week-end"},"content":{"rendered":"<p>\t\t\t<strong class=\"post-excerpt\"><\/p>\n<p itemprop=\"description\">Retrouvez le programme complet du Grand Prix des Am\u00e9riques, la troisi\u00e8me \u00e9tape du Championnat du monde de MotoGP 2025 disput\u00e9e sur le COTA d&rsquo;Austin, avec les horaires TV pour la France.<\/p>\n<p><\/strong>\t\t<\/p>\n<p>Apr\u00e8s une <a href=\"https:\/\/www.sportauto.fr\/motogp\/motogp-grand-prix-thailande-2025-programme-tv-horaires-week-end-428450.html#item=1\" target=\"_blank\" rel=\"noopener nofollow\">premi\u00e8re manche<\/a> riche en \u00e9motions en <strong>Tha\u00eflande,<\/strong> puis une escapade en <strong><a href=\"https:\/\/www.sportauto.fr\/motogp\/motogp-grand-prix-argentine-2025-programme-tv-complet-week-end-horaires-diffusion-429166.html\" target=\"_blank\" rel=\"noopener nofollow\">Argentine<\/a>,<\/strong> le <a href=\"https:\/\/www.sportauto.fr\/motogp\/motogp-circuit-jerez-espagne-inondations-428892.html#item=1\" rel=\"nofollow noopener\" target=\"_blank\"><strong>Championnat du monde de MotoGP<\/strong><\/a> fait escale aux Etats-Unis pour le <strong>Grand Prix des Am\u00e9riques<\/strong>, disput\u00e9 ce week-end sur le <strong>COTA<\/strong> d&rsquo;Austin.<\/p>\n<p>   \t\t\t GP des Am\u00e9riques MotoGP 2025 : le programme du week-end <\/p>\n<p>Retrouvez ci-dessous le <strong>programme complet<\/strong> du <strong>Grand Prix des Am\u00e9riques MotoGP 2025 ,<\/strong> avec les <strong>horaires adapt\u00e9s pour les t\u00e9l\u00e9spectateurs fran\u00e7ais. <\/strong>Comme pour chaque rendez-vous du mondial, toutes les s\u00e9ances du week-end seront diffus\u00e9es sur <strong>Canal+ Sport 360<\/strong>, de m\u00eame que le<strong> Sprint MotoGP<\/strong> et les courses du dimanche en<strong> Moto2<\/strong> et<strong> Moto3.<\/strong>\u00a0<strong>Canal+<\/strong> diffusera le <strong>Grand Prix de MotoGP.\u00a0<\/strong>La troisi\u00e8me manche de la saison <strong><a href=\"https:\/\/www.sportauto.fr\/motogp\/marc-marquez-championnat-motogp-2025-429591.html#item=1\" target=\"_blank\" rel=\"noopener nofollow\">MotoGP<\/a> 2025<\/strong> sera \u00e9galement retransmise, en clair, sur <strong>RTBF Auvio.<\/strong><\/p>\n<p> Vendredi 28 mars 2025 <\/p>\n<ul>\n<li>15h00 &#8211; 15h35 : Moto3 EL1<\/li>\n<li>15h50 &#8211; 16h30 : Moto2 EL2<\/li>\n<li>16h45 &#8211; 17h30 : <strong>MotoGP EL1<\/strong><\/li>\n<li>19h15 &#8211; 19h50 : Moto3 essais<\/li>\n<li>20h05 -20h45 : Moto2 essais<\/li>\n<li>21h00 &#8211; 22h00 : <strong>MotoGP essais<\/strong><\/li>\n<\/ul>\n<p> Samedi 29 mars 2025 <\/p>\n<ul>\n<li>14h40 &#8211; 15h10 : Moto3 EL2<\/li>\n<li>15h25 &#8211; 15h55 : Moto2 EL2<\/li>\n<li>16h10 &#8211; 16h40 :<strong> MotoGP EL2<\/strong><\/li>\n<li>16h50 &#8211; 17h30 :<strong> MotoGP qualifications<\/strong><\/li>\n<li>18h50 &#8211; 19h30 : Moto3 qualifications<\/li>\n<li>19h45 &#8211; 20h25 : Moto2 qualifications<\/li>\n<li>21h00 : <strong>MotoGP Sprint (10 tours)<\/strong><\/li>\n<\/ul>\n<p> Dimanche 30 mars 2025 <\/p>\n<ul>\n<li>16h40 &#8211; 14h50 :<strong> MotoGP Warm-up<\/strong><\/li>\n<li>18h00 : Moto3 Course (14 tours)<\/li>\n<li>19h15 : Moto2 Course (16 tours)<\/li>\n<li>21h00 : <strong>Grand Prix des Am\u00e9riques MotoGP (20 tours)<\/strong><\/li>\n<\/ul>\n","protected":false},"excerpt":{"rendered":"Retrouvez le programme complet du Grand Prix des Am\u00e9riques, la troisi\u00e8me \u00e9tape du Championnat du monde de MotoGP&hellip;\n","protected":false},"author":2,"featured_media":15688,"comment_status":"","ping_status":"","sticky":false,"template":"","format":"standard","meta":{"footnotes":""},"categories":[1413],"tags":[1011,27,1638,1457,1456,60],"class_list":{"0":"post-15687","1":"post","2":"type-post","3":"status-publish","4":"format-standard","5":"has-post-thumbnail","7":"category-moto","8":"tag-fr","9":"tag-france","10":"tag-has_diapo","11":"tag-moto","12":"tag-motocycle","13":"tag-sports"},"share_on_mastodon":{"url":"https:\/\/pubeurope.com\/@fr\/114315283979776014","error":""},"_links":{"self":[{"href":"https:\/\/www.europesays.com\/fr\/wp-json\/wp\/v2\/posts\/15687","targetHints":{"allow":["GET"]}}],"collection":[{"href":"https:\/\/www.europesays.com\/fr\/wp-json\/wp\/v2\/posts"}],"about":[{"href":"https:\/\/www.europesays.com\/fr\/wp-json\/wp\/v2\/types\/post"}],"author":[{"embeddable":true,"href":"https:\/\/www.europesays.com\/fr\/wp-json\/wp\/v2\/users\/2"}],"replies":[{"embeddable":true,"href":"https:\/\/www.europesays.com\/fr\/wp-json\/wp\/v2\/comments?post=15687"}],"version-history":[{"count":0,"href":"https:\/\/www.europesays.com\/fr\/wp-json\/wp\/v2\/posts\/15687\/revisions"}],"wp:featuredmedia":[{"embeddable":true,"href":"https:\/\/www.europesays.com\/fr\/wp-json\/wp\/v2\/media\/15688"}],"wp:attachment":[{"href":"https:\/\/www.europesays.com\/fr\/wp-json\/wp\/v2\/media?parent=15687"}],"wp:term":[{"taxonomy":"category","embeddable":true,"href":"https:\/\/www.europesays.com\/fr\/wp-json\/wp\/v2\/categories?post=15687"},{"taxonomy":"post_tag","embeddable":true,"href":"https:\/\/www.europesays.com\/fr\/wp-json\/wp\/v2\/tags?post=15687"}],"curies":[{"name":"wp","href":"https:\/\/api.w.org\/{rel}","templated":true}]}}