{"id":156870,"date":"2025-06-06T16:02:10","date_gmt":"2025-06-06T16:02:10","guid":{"rendered":"https:\/\/www.europesays.com\/fr\/156870\/"},"modified":"2025-06-06T16:02:10","modified_gmt":"2025-06-06T16:02:10","slug":"la-france-le-royaume-uni-et-les-etats-unis-commemorent-le-81e-anniversaire-du-debarquement-en-normandie","status":"publish","type":"post","link":"https:\/\/www.europesays.com\/fr\/156870\/","title":{"rendered":"La France, le Royaume-Uni et les \u00c9tats-Unis comm\u00e9morent le 81e anniversaire du D\u00e9barquement en Normandie"},"content":{"rendered":"<p><img decoding=\"async\" class=\"c-ad__placeholder__logo\" src=\"https:\/\/www.europesays.com\/fr\/wp-content\/uploads\/2025\/03\/logo-euronews-grey-6-180x22.svg.svg+xml\" width=\"180\" height=\"22\" alt=\"\" loading=\"lazy\"\/>PUBLICIT\u00c9<\/p>\n<p>Les v\u00e9t\u00e9rans fran\u00e7ais, anglais et am\u00e9ricains se sont rassembl\u00e9s en Normandie pour c\u00e9l\u00e9brer le 81e anniversaire du D\u00e9barquement militaire d\u00e9cisif de la Seconde Guerre mondiale.<\/p>\n<p>Le long de la c\u00f4te et pr\u00e8s des plages, des dizaines de milliers de spectateurs ont assist\u00e9 aux comm\u00e9morations, qui comprenaient des sauts en parachute, des survols, des c\u00e9r\u00e9monies du souvenir, des d\u00e9fil\u00e9s et des reconstitutions historiques. Beaucoup \u00e9taient l\u00e0 pour encourager les v\u00e9t\u00e9rans survivants, de moins en moins nombreux, \u00e2g\u00e9s de plus de 90 ans.<\/p>\n<p>Le secr\u00e9taire am\u00e9ricain \u00e0 la d\u00e9fense, Pete Hegseth, a comm\u00e9mor\u00e9 l&rsquo;anniversaire du D\u00e9barquement, dans lequel les soldats am\u00e9ricains ont jou\u00e9 un r\u00f4le majeur, avec des v\u00e9t\u00e9rans au cimeti\u00e8re am\u00e9ricain surplombant le rivage dans le village de Colleville-sur-Mer.<\/p>\n<p>Le 6 juin 1944, 6 juin 1944, plus de 156 000 soldats alli\u00e9s d\u00e9barquaient sur les plages normandes pour lib\u00e9rer l&rsquo;Europe du joug nazi. Utah beach, \u00e0 Sainte-Marie-du-Mont, \u00e9tait la premi\u00e8re plage prise d&rsquo;assaut. La bataille &#8211; et en particulier les bombardements alli\u00e9s sur les villes et villages fran\u00e7ais &#8211; a tu\u00e9 environ 20 000 civils fran\u00e7ais entre juin et ao\u00fbt 1944.<\/p>\n<p>Le nombre exact de victimes allemandes n&rsquo;est pas connu, mais les historiens estiment qu&rsquo;entre 4 000 et 9 000 hommes ont \u00e9t\u00e9 tu\u00e9s, bless\u00e9s ou port\u00e9s disparus au cours de la seule invasion du jour J.<\/p>\n<p>\u00ab\u00a0L&rsquo;h\u00e9ro\u00efsme, l&rsquo;honneur et le sacrifice des forces alli\u00e9es le jour J trouveront toujours un \u00e9cho aupr\u00e8s des forces arm\u00e9es am\u00e9ricaines, de nos alli\u00e9s et de nos partenaires dans toute l&rsquo;Europe\u00a0\u00bb, a d\u00e9clar\u00e9 le g\u00e9n\u00e9ral de corps d&rsquo;arm\u00e9e Jason T. Hinds, commandant adjoint des forces a\u00e9riennes am\u00e9ricaines en Europe et des forces a\u00e9riennes en Afrique. \u00ab\u00a0Souvenons-nous donc de ceux qui ont vol\u00e9 et qui sont tomb\u00e9s. Rendons hommage \u00e0 ceux qui ont surv\u00e9cu et qui sont rentr\u00e9s chez eux pour construire un monde meilleur. Et faisons en sorte que leur sacrifice ne soit pas vain en relevant les d\u00e9fis d&rsquo;aujourd&rsquo;hui avec la m\u00eame d\u00e9termination, la m\u00eame clart\u00e9 d&rsquo;esprit et le m\u00eame engagement en faveur de la libert\u00e9.\u00a0\u00bb<\/p>\n<p>Sur les 156 000 soldats qui ont d\u00e9barqu\u00e9 en Normandie, 73 000 venaient des \u00c9tats-Unis et 83 000 du Royaume-Uni et du Canada. Des forces de plusieurs autres pays ont pris part aux combats, notamment les troupes fran\u00e7aises dirig\u00e9es par le g\u00e9n\u00e9ral Charles de Gaulle. Les Alli\u00e9s ont affront\u00e9 environ 50 000 soldats allemands.<\/p>\n<p>Plus de 2 millions de soldats, de marins, de pilotes, de m\u00e9decins et d&rsquo;autres personnes provenant d&rsquo;une douzaine de pays ont particip\u00e9 \u00e0 l&rsquo;op\u00e9ration Overlord, la bataille pour arracher l&rsquo;ouest de la France au contr\u00f4le nazi, qui a commenc\u00e9 le jour J.<\/p>\n<p>Sources additionnelles<strong> \u2022 AP<\/strong><\/p>\n","protected":false},"excerpt":{"rendered":"PUBLICIT\u00c9 Les v\u00e9t\u00e9rans fran\u00e7ais, anglais et am\u00e9ricains se sont rassembl\u00e9s en Normandie pour c\u00e9l\u00e9brer le 81e anniversaire du&hellip;\n","protected":false},"author":2,"featured_media":156871,"comment_status":"","ping_status":"","sticky":false,"template":"","format":"standard","meta":{"footnotes":""},"categories":[1588],"tags":[11,3581,1777,674,12,5161,473,1853,935,1851,1850,1852],"class_list":{"0":"post-156870","1":"post","2":"type-post","3":"status-publish","4":"format-standard","5":"has-post-thumbnail","7":"category-royaume-uni","8":"tag-actualites","9":"tag-anniversaire","10":"tag-eu","11":"tag-europe","12":"tag-news","13":"tag-normandie","14":"tag-royaume-uni","15":"tag-royaume-uni-de-grande-bretagne-et-dirlande-du-nord","16":"tag-seconde-guerre-mondiale","17":"tag-uk","18":"tag-united-kingdom","19":"tag-united-kingdom-of-great-britain-and-northern-ireland"},"share_on_mastodon":{"url":"https:\/\/pubeurope.com\/@fr\/114637264953367177","error":""},"_links":{"self":[{"href":"https:\/\/www.europesays.com\/fr\/wp-json\/wp\/v2\/posts\/156870","targetHints":{"allow":["GET"]}}],"collection":[{"href":"https:\/\/www.europesays.com\/fr\/wp-json\/wp\/v2\/posts"}],"about":[{"href":"https:\/\/www.europesays.com\/fr\/wp-json\/wp\/v2\/types\/post"}],"author":[{"embeddable":true,"href":"https:\/\/www.europesays.com\/fr\/wp-json\/wp\/v2\/users\/2"}],"replies":[{"embeddable":true,"href":"https:\/\/www.europesays.com\/fr\/wp-json\/wp\/v2\/comments?post=156870"}],"version-history":[{"count":0,"href":"https:\/\/www.europesays.com\/fr\/wp-json\/wp\/v2\/posts\/156870\/revisions"}],"wp:featuredmedia":[{"embeddable":true,"href":"https:\/\/www.europesays.com\/fr\/wp-json\/wp\/v2\/media\/156871"}],"wp:attachment":[{"href":"https:\/\/www.europesays.com\/fr\/wp-json\/wp\/v2\/media?parent=156870"}],"wp:term":[{"taxonomy":"category","embeddable":true,"href":"https:\/\/www.europesays.com\/fr\/wp-json\/wp\/v2\/categories?post=156870"},{"taxonomy":"post_tag","embeddable":true,"href":"https:\/\/www.europesays.com\/fr\/wp-json\/wp\/v2\/tags?post=156870"}],"curies":[{"name":"wp","href":"https:\/\/api.w.org\/{rel}","templated":true}]}}