{"id":156878,"date":"2025-06-06T16:06:11","date_gmt":"2025-06-06T16:06:11","guid":{"rendered":"https:\/\/www.europesays.com\/fr\/156878\/"},"modified":"2025-06-06T16:06:11","modified_gmt":"2025-06-06T16:06:11","slug":"agace-par-elon-musk-donald-trump-reflechit-a-se-debarrasser-de-sa-tesla","status":"publish","type":"post","link":"https:\/\/www.europesays.com\/fr\/156878\/","title":{"rendered":"Agac\u00e9 par Elon Musk, Donald Trump r\u00e9fl\u00e9chit \u00e0 se d\u00e9barrasser de sa Tesla"},"content":{"rendered":"<p>Ce v\u00e9hicule avait \u00e9t\u00e9 acquis par le pr\u00e9sident am\u00e9ricain en mars dernier, afin de soutenir le constructeur automobile, en pleine tourmente.<\/p>\n<p class=\"fig-paragraph\">Lors d\u2019une s\u00e9paration, il est de bon ton de se d\u00e9barrasser de tout ce qui rappelle l\u2019ancien \u00eatre aim\u00e9. Un conseil que Donald Trump semble bien d\u00e9cid\u00e9 \u00e0 appliquer. En plein\u00a0<a href=\"https:\/\/www.lefigaro.fr\/international\/en-direct-trump-musk-clash-maison-blanche-contrats-tesla-etats-unis-20250605\" data-fig-type=\"Live\" data-gtm-custom-categorie=\"navigation\" data-gtm-custom-action=\"crossclick\" data-gtm-custom-label=\"Contextuel\" data-gtm-event=\"customEventSPE\" data-fig-domain=\"LEFIGARO\" target=\"_blank\" rel=\"noopener\">conflit ouvert avec son alli\u00e9 Elon Musk<\/a>, le pr\u00e9sident am\u00e9ricain multiplie les critiques envers le milliardaire, et cible notamment ses entreprises, dont son bijou automobile,\u00a0<a href=\"http:\/\/www.lefigaro.fr\/secteur\/high-tech\/la-passe-d-armes-entre-elon-musk-et-donald-trump-fait-chuter-tesla-en-bourse-de-plus-de-8-20250605\" data-fig-type=\"NewsFlash\" data-gtm-custom-categorie=\"navigation\" data-gtm-custom-action=\"crossclick\" data-gtm-custom-label=\"Contextuel\" data-gtm-event=\"customEventSPE\" data-fig-domain=\"LEFIGARO\" target=\"_blank\" rel=\"noopener\">Tesla<\/a>.<\/p>\n<p class=\"fig-paragraph\">S\u2019il a d\u2019ores et d\u00e9j\u00e0 menac\u00e9 de mettre un terme aux subventions et contrats juteux avec l\u2019administration am\u00e9ricaine dont b\u00e9n\u00e9ficient les entreprises d\u2019Elon Musk, l\u2019occupant de la Maison Blanche a d\u2019autres tours dans sa manche pour faire pression sur son ex-ami. Donald Trump envisage ainsi de se d\u00e9barrasser d\u2019une mani\u00e8re ou d\u2019une autre de sa Tesla S rouge, qu\u2019il avait achet\u00e9e plus t\u00f4t cette ann\u00e9e, selon un haut responsable de la Maison Blanche, cit\u00e9 par plusieurs m\u00e9dias am\u00e9ricains\u00a0<a href=\"https:\/\/www.wsj.com\/livecoverage\/trump-elon-musk-feud\/card\/trump-is-considering-getting-rid-of-his-tesla-pfJQHCsXjMjIK9OynTki\" target=\"_blank\" rel=\"nofollow noopener\" data-gtm-custom-categorie=\"navigation\" data-gtm-custom-action=\"crossclick\" data-gtm-custom-label=\"Contextuel\" data-gtm-event=\"customEventSPE\">comme le Wall Street Journal<\/a>\u00a0ou le\u00a0<a href=\"https:\/\/nypost.com\/2025\/06\/06\/us-news\/trump-wants-to-sell-tesla-he-bought-to-support-for-elon-musk-white-house\/\" target=\"_blank\" rel=\"nofollow noopener\" data-gtm-custom-categorie=\"navigation\" data-gtm-custom-action=\"crossclick\" data-gtm-custom-label=\"Contextuel\" data-gtm-event=\"customEventSPE\">New York Post<\/a>.<\/p>\n<p class=\"fig-body-link\">\n            \u00c0 lire aussi<br \/>\n        <a class=\"fig-body-link__link fig-premium-mark\" href=\"http:\/\/www.lefigaro.fr\/international\/donald-trump-et-elon-musk-se-dechirent-en-direct-20250606\" data-fig-type=\"Article\" data-gtm-custom-categorie=\"navigation\" data-gtm-custom-action=\"crossclick\" data-gtm-custom-label=\"Contextuel\" data-gtm-event=\"customEventSPE\" data-fig-domain=\"LEFIGARO\" target=\"_blank\" rel=\"noopener\">Insultes, menaces&#8230; Donald Trump et Elon Musk divorcent avec fracas devant les yeux du monde entier<br \/>\n    <\/a>\n<\/p>\n<p>Les frasques de Musk avaient terni le prestige de la marque<\/p>\n<p class=\"fig-paragraph\">Ce v\u00e9hicule avait \u00e9t\u00e9 acquis par le pr\u00e9sident\u00a0<a href=\"http:\/\/www.lefigaro.fr\/conjoncture\/face-aux-fous-de-la-gauche-radicale-donald-trump-annonce-acheter-une-tesla-en-soutien-a-elon-musk-20250311\" data-fig-type=\"NewsFlash\" data-gtm-custom-categorie=\"navigation\" data-gtm-custom-action=\"crossclick\" data-gtm-custom-label=\"Contextuel\" data-gtm-event=\"customEventSPE\" data-fig-domain=\"LEFIGARO\" target=\"_blank\" rel=\"noopener\">en mars dernier<\/a>, afin de soutenir le constructeur automobile, en pleine tourmente. Les frasques d\u2019Elon Musk, son patron, ainsi que sa proximit\u00e9 avec Donald Trump avaient en effet terni le prestige de la marque, et conduit \u00e0 des appels au boycott, voire \u00e0 des actes de violence contre des v\u00e9hicules ou b\u00e2timents de Tesla. \u00abLes fous de la gauche radicale, [&#8230;] essaient de boycotter ill\u00e9galement [\u2026] Tesla, l\u2019un des plus grands constructeurs automobiles du monde et le \u201cb\u00e9b\u00e9\u201d d\u2019Elon, afin d\u2019attaquer et de faire du mal \u00e0 Elon \u00e0 tout ce qu\u2019il repr\u00e9sente.\u00a0Je vais acheter une Tesla toute neuve demain matin en signe de confiance et de soutien \u00e0 Elon Musk\u00bb, avait alors annonc\u00e9 le milliardaire. Le 11 mars, celui-ci s\u2019\u00e9tait m\u00eame affich\u00e9 devant des v\u00e9hicules de Tesla, devant la Maison Blanche, en signe de soutien \u00e0 son alli\u00e9.<\/p>\n<p>    Elon Musk et Donald Trump dans une Tesla rouge, le 11 mars dernier, \u00e0 Washington.<br \/>\n                Mandel NGAN \/ AFP<\/p>\n<p class=\"fig-paragraph\">L\u2019automobile achet\u00e9e par le R\u00e9publicain demeure, depuis, pr\u00e8s de la Maison Blanche, selon la presse am\u00e9ricaine. Elle n\u2019a, du reste, jamais \u00e9t\u00e9 utilis\u00e9e par son propri\u00e9taire\u00a0: \u00abJe n\u2019ai pas le droit de conduire\u00bb, pour des raisons de s\u00e9curit\u00e9, regrettait-il, le 11 mars, devant les cam\u00e9ras. Il avait toutefois promis de laisser ses \u00e9quipes l\u2019utiliser selon leur bon vouloir. Depuis, la \u00abbromance\u00bb entre Elon Musk et Donald Trump s\u2019est effondr\u00e9e. Homme d\u2019affaires, vend v\u00e9hicule, flambant neuf, quasiment jamais utilis\u00e9. Pas s\u00e9rieux, s\u2019abstenir.<\/p>\n","protected":false},"excerpt":{"rendered":"Ce v\u00e9hicule avait \u00e9t\u00e9 acquis par le pr\u00e9sident am\u00e9ricain en mars dernier, afin de soutenir le constructeur automobile,&hellip;\n","protected":false},"author":2,"featured_media":156879,"comment_status":"","ping_status":"","sticky":false,"template":"","format":"standard","meta":{"footnotes":""},"categories":[2],"tags":[339,11,646,340,343,345,350,130,344,352,349,75,33,46,341,313,1011,27,346,342,353,351,347,12,348,25,320,354],"class_list":{"0":"post-156878","1":"post","2":"type-post","3":"status-publish","4":"format-standard","5":"has-post-thumbnail","7":"category-actualites","8":"tag-actualite-economique","9":"tag-actualites","10":"tag-automobile","11":"tag-bourse","12":"tag-cac-40","13":"tag-chef-dentreprise","14":"tag-concurrence","15":"tag-consommation","16":"tag-creation-dentreprise","17":"tag-crise","18":"tag-delocalisations","19":"tag-donald-trump","20":"tag-economie","21":"tag-elon-musk","22":"tag-emploi","23":"tag-entreprises","24":"tag-fr","25":"tag-france","26":"tag-grands-patrons","27":"tag-impots","28":"tag-licenciements","29":"tag-monopole","30":"tag-multinationales","31":"tag-news","32":"tag-privatisation","33":"tag-republique-francaise","34":"tag-tesla","35":"tag-unio"},"share_on_mastodon":{"url":"https:\/\/pubeurope.com\/@fr\/114637280716241234","error":""},"_links":{"self":[{"href":"https:\/\/www.europesays.com\/fr\/wp-json\/wp\/v2\/posts\/156878","targetHints":{"allow":["GET"]}}],"collection":[{"href":"https:\/\/www.europesays.com\/fr\/wp-json\/wp\/v2\/posts"}],"about":[{"href":"https:\/\/www.europesays.com\/fr\/wp-json\/wp\/v2\/types\/post"}],"author":[{"embeddable":true,"href":"https:\/\/www.europesays.com\/fr\/wp-json\/wp\/v2\/users\/2"}],"replies":[{"embeddable":true,"href":"https:\/\/www.europesays.com\/fr\/wp-json\/wp\/v2\/comments?post=156878"}],"version-history":[{"count":0,"href":"https:\/\/www.europesays.com\/fr\/wp-json\/wp\/v2\/posts\/156878\/revisions"}],"wp:featuredmedia":[{"embeddable":true,"href":"https:\/\/www.europesays.com\/fr\/wp-json\/wp\/v2\/media\/156879"}],"wp:attachment":[{"href":"https:\/\/www.europesays.com\/fr\/wp-json\/wp\/v2\/media?parent=156878"}],"wp:term":[{"taxonomy":"category","embeddable":true,"href":"https:\/\/www.europesays.com\/fr\/wp-json\/wp\/v2\/categories?post=156878"},{"taxonomy":"post_tag","embeddable":true,"href":"https:\/\/www.europesays.com\/fr\/wp-json\/wp\/v2\/tags?post=156878"}],"curies":[{"name":"wp","href":"https:\/\/api.w.org\/{rel}","templated":true}]}}