{"id":156887,"date":"2025-06-06T16:14:11","date_gmt":"2025-06-06T16:14:11","guid":{"rendered":"https:\/\/www.europesays.com\/fr\/156887\/"},"modified":"2025-06-06T16:14:11","modified_gmt":"2025-06-06T16:14:11","slug":"aprilia-reve-encore-de-convaincre-martin-de-rester","status":"publish","type":"post","link":"https:\/\/www.europesays.com\/fr\/156887\/","title":{"rendered":"Aprilia r\u00eave encore de convaincre Mart\u00edn de rester"},"content":{"rendered":"<p>Pour le moment, l&rsquo;association entre <a href=\"https:\/\/fr.motorsport.com\/driver\/jorge-martin\/109391\/\" target=\"_blank\" rel=\"noopener nofollow\">Jorge Mart\u00edn<\/a> et Aprilia a tout du d\u00e9sastre. L&rsquo;entente <a href=\"https:\/\/fr.motorsport.com\/motogp\/news\/jorge-martin-aprilia-contrat-moins-24-heures\/10619292\/\" rel=\"nofollow noopener\" target=\"_blank\">trouv\u00e9e en 24 heures<\/a> il y a un an, quand Ducati a pr\u00e9f\u00e9r\u00e9 promouvoir <a href=\"https:\/\/fr.motorsport.com\/driver\/marc-marquez\/92646\/\" target=\"_blank\" rel=\"noopener nofollow\">Marc M\u00e1rquez<\/a> dans son \u00e9quipe officielle, para\u00eet bien loin. Depuis cet hiver, Mart\u00edn a accumul\u00e9 trois blessures s\u00e9rieuses, dont deux alors qu&rsquo;il pilotait la RS-GP, et n&rsquo;a pour le moment \u00e9t\u00e9 au d\u00e9part d&rsquo;un seul Grand Prix sur la machine italienne.<\/p>\n<p>Surtout, le champion du monde n&rsquo;a pas \u00e9t\u00e9 convaincu par ce qu&rsquo;Aprilia montrait en piste et a d\u00e9cid\u00e9 de partir en fin de saison, en activant une clause de son contrat lui permettant de se lib\u00e9rer de sa deuxi\u00e8me ann\u00e9e d&rsquo;engagement <a href=\"https:\/\/fr.motorsport.com\/motogp\/news\/martin-rupture-contrat-aprilia-poursuites-judiciaires\/10722029\/\" rel=\"nofollow noopener\" target=\"_blank\">s&rsquo;il ne figurait pas parmi les leaders du championnat au soir du GP de France<\/a>.<\/p>\n<p>Apr\u00e8s les r\u00e9v\u00e9lations de <strong>Motorsport.com<\/strong>, Aprilia s&rsquo;est d&rsquo;abord <a href=\"https:\/\/fr.motorsport.com\/motogp\/news\/aprilia-avertissement-validite-contrat-martin\/10725062\/\" rel=\"nofollow noopener\" target=\"_blank\">accroch\u00e9 \u00e0 son contrat<\/a>, en jugeant la clause inapplicable en raison de l&rsquo;absence de Mart\u00edn. Ce dernier a fini par le prendre la parole sur les r\u00e9seaux sociaux. \u00ab\u00a0J&rsquo;ai choisi d&rsquo;exercer mon droit d&rsquo;\u00eatre lib\u00e9r\u00e9 pour la saison 2026\u00a0\u00bb, a-t-il <a href=\"https:\/\/fr.motorsport.com\/motogp\/news\/jorge-martin-sort-silence-clarification-aprilia\/10727566\/\" rel=\"nofollow noopener\" target=\"_blank\">\u00e9crit sur Instagram<\/a>, se disant n\u00e9anmoins pr\u00eat \u00e0 une \u00ab\u00a0seconde chance\u00a0\u00bb, sans v\u00e9ritablement pr\u00e9ciser sous quelle forme.<\/p>\n<p>Depuis le d\u00e9but de ce conflit, il y a quatre semaines au Mans, la situation semble quelque peu s&rsquo;apaiser. Toujours convalescent, Mart\u00edn a ainsi pris part au Aprilia All Stars, les grandes festivit\u00e9s de la marque \u00e0 Misano il y a quelques jours, comme son contrat le pr\u00e9voyait. La marque de Noale se prend m\u00eame \u00e0 r\u00eaver de finalement prolonger l&rsquo;aventure avec Mart\u00edn.<\/p>\n<p>\u00ab\u00a0Cela peut \u00eatre r\u00e9solu, on y travaille\u00a0\u00bb, a confi\u00e9 Paolo Bonora, directeur de l&rsquo;\u00e9quipe de course d&rsquo;Aprilia, au micro de DAZN, diffuseur du MotoGP en Espagne. L&rsquo;Italien s&rsquo;est \u00e9galement f\u00e9licit\u00e9 de \u00ab\u00a0l&rsquo;amour\u00a0\u00bb montr\u00e9 par les passionn\u00e9s d&rsquo;Aprilia \u00e0 Misano\u00a0: \u00ab\u00a0Ils l&rsquo;ont tr\u00e8s bien accueilli, en montrant des signes clairs qu&rsquo;ils voulaient qu&rsquo;il reste chez nous.\u00a0\u00bb<\/p>\n<p>   <img decoding=\"async\" draggable=\"false\" src=\"https:\/\/www.europesays.com\/fr\/wp-content\/uploads\/2025\/06\/massimo-rivola-aprilia-racing-.jpg\" alt=\"Massimo Rivola, directeur g\u00e9n\u00e9ral d'Aprilia Racing Team\" width=\"1200\" height=\"800\" loading=\"lazy\"\/> <\/p>\n<p class=\"title\">Massimo Rivola<\/p>\n<p class=\"photographer\">Photo de: Gold and Goose Photography \/ LAT Images \/ via Getty Images<\/p>\n<p>De son c\u00f4t\u00e9, Massimo Rivola ne cache pas que la volont\u00e9 affich\u00e9e par Jorge Mart\u00edn de partir a \u00e9t\u00e9 un coup tr\u00e8s dur pour Aprilia, mais il reste convaincu que le constructeur a de quoi lui offrir une moto capable de gagner. \u00ab\u00a0Quand un pilote vous dit qu&rsquo;il veut partir, \u00e9videmment cela fait mal, c&rsquo;est in\u00e9vitable, c&rsquo;est humain\u00a0\u00bb, a confi\u00e9 le grand patron d&rsquo;Aprilia Racing <a href=\"https:\/\/elpais.com\/deportes\/motociclismo\/2025-06-06\/aprilia-no-renunciara-a-jorge-martin-cuando-un-piloto-te-dice-que-quiere-marcharse-claro-que-te-duele-pero-estamos-convencidos.html\" rel=\"nofollow noopener\" target=\"_blank\">\u00e0 El Pais<\/a>.<\/p>\n<p>\u00ab\u00a0Je ne peux pas dire que tout se passe bien, ce ne serait pas la r\u00e9alit\u00e9, mais nous sommes convaincus et nous l&rsquo;avons toujours \u00e9t\u00e9. Avec lui, notre moto peut gagner. \u00c0 ce stade, nous aurions gagn\u00e9 plus de courses que celle de Silverstone. Et je ne suis pas na\u00eff, je le dis avec conviction parce que j&rsquo;ai les donn\u00e9es.\u00a0\u00bb<\/p>\n<p>Dans une situation \u00ab\u00a0tr\u00e8s difficile\u00a0\u00bb pour Mart\u00edn, Rivola veut faire preuve de compassion\u00a0: \u00ab\u00a0Je comprends ce que Jorge traverse. Quand un pilote ne peut pas rouler et se retrouve sur la touche si longtemps, il souffre beaucoup. Son esprit peut songer \u00e0 de nombreuses choses, il peut m\u00eame faire une association entre souffrance et la moto, notre \u00e9quipe.\u00a0\u00bb<\/p>\n<p>L&rsquo;ambition d&rsquo;un titre avec Mart\u00edn, qu&rsquo;Aprilia avait surtout fix\u00e9 pour la saison prochaine, s&rsquo;est \u00e9loign\u00e9e entre les blessures et la volont\u00e9 du pilote de changer d&rsquo;univers, mais Rivola y croit toujours\u00a0: \u00ab\u00a0Il \u00e9tait peut-\u00eatre plus r\u00e9aliste de penser [\u00e0 jouer le titre] en 2026, cela aurait \u00e9t\u00e9 probable si Jorge avait \u00e9t\u00e9 \u00e0 100% toute cette saison. Maintenant, tout est plus difficile, mais pas impossible.\u00a0\u00bb<\/p>\n<p>Aprilia est pass\u00e9 du r\u00eave au cauchemar, l&rsquo;id\u00e9e de gagner avec pilote sacr\u00e9 l&rsquo;an pass\u00e9 ayant laiss\u00e9 place \u00e0 un d\u00e9but de championnat difficile, avant une victoire \u00ab\u00a0plus que sp\u00e9ciale\u00a0\u00bb pour <a href=\"https:\/\/fr.motorsport.com\/driver\/marco-bezzecchi\/441839\/\" target=\"_blank\" rel=\"noopener nofollow\">Marco Bezzecchi<\/a> \u00e0 Silverstone\u00a0: \u00ab\u00a0Nous pensions que nous serions forts d\u00e8s la premi\u00e8re course, mais notre saison a \u00e9t\u00e9 marqu\u00e9e par l&rsquo;absence de Jorge. Il nous a beaucoup manqu\u00e9. Il aurait aid\u00e9 dans le d\u00e9veloppement de la moto, il aurait aussi acc\u00e9l\u00e9r\u00e9 la croissance de Marco en permettant de comparer les donn\u00e9es, entre autres choses.\u00a0\u00bb<\/p>\n<p style=\"text-align: right;\">Avec Rub\u00e9n Carballo Rosa<\/p>\n<p>Lire aussi :<\/p>\n<p>Dans cet article<\/p>\n<p>    Vincent Lalanne-Sicaud\n<\/p>\n<p>    MotoGP\n<\/p>\n<p>    Jorge Mart\u00edn\n<\/p>\n<p>    Aprilia Racing Team\n<\/p>\n<p>Soyez le premier inform\u00e9 et souscrivez aux alertes mails pour recevoir les infos en temps r\u00e9el<\/p>\n<p>    S&rsquo;abonner aux alertes de news<\/p>\n","protected":false},"excerpt":{"rendered":"Pour le moment, l&rsquo;association entre Jorge Mart\u00edn et Aprilia a tout du d\u00e9sastre. L&rsquo;entente trouv\u00e9e en 24 heures&hellip;\n","protected":false},"author":2,"featured_media":146730,"comment_status":"","ping_status":"","sticky":false,"template":"","format":"standard","meta":{"footnotes":""},"categories":[1413],"tags":[3563,1011,27,3564,1457,1456,1458,60],"class_list":{"0":"post-156887","1":"post","2":"type-post","3":"status-publish","4":"format-standard","5":"has-post-thumbnail","7":"category-moto","8":"tag-aprilia-racing-team","9":"tag-fr","10":"tag-france","11":"tag-jorge-martu00edn","12":"tag-moto","13":"tag-motocycle","14":"tag-motogp","15":"tag-sports"},"share_on_mastodon":{"url":"https:\/\/pubeurope.com\/@fr\/114637312054814987","error":""},"_links":{"self":[{"href":"https:\/\/www.europesays.com\/fr\/wp-json\/wp\/v2\/posts\/156887","targetHints":{"allow":["GET"]}}],"collection":[{"href":"https:\/\/www.europesays.com\/fr\/wp-json\/wp\/v2\/posts"}],"about":[{"href":"https:\/\/www.europesays.com\/fr\/wp-json\/wp\/v2\/types\/post"}],"author":[{"embeddable":true,"href":"https:\/\/www.europesays.com\/fr\/wp-json\/wp\/v2\/users\/2"}],"replies":[{"embeddable":true,"href":"https:\/\/www.europesays.com\/fr\/wp-json\/wp\/v2\/comments?post=156887"}],"version-history":[{"count":0,"href":"https:\/\/www.europesays.com\/fr\/wp-json\/wp\/v2\/posts\/156887\/revisions"}],"wp:featuredmedia":[{"embeddable":true,"href":"https:\/\/www.europesays.com\/fr\/wp-json\/wp\/v2\/media\/146730"}],"wp:attachment":[{"href":"https:\/\/www.europesays.com\/fr\/wp-json\/wp\/v2\/media?parent=156887"}],"wp:term":[{"taxonomy":"category","embeddable":true,"href":"https:\/\/www.europesays.com\/fr\/wp-json\/wp\/v2\/categories?post=156887"},{"taxonomy":"post_tag","embeddable":true,"href":"https:\/\/www.europesays.com\/fr\/wp-json\/wp\/v2\/tags?post=156887"}],"curies":[{"name":"wp","href":"https:\/\/api.w.org\/{rel}","templated":true}]}}