{"id":156890,"date":"2025-06-06T16:16:12","date_gmt":"2025-06-06T16:16:12","guid":{"rendered":"https:\/\/www.europesays.com\/fr\/156890\/"},"modified":"2025-06-06T16:16:12","modified_gmt":"2025-06-06T16:16:12","slug":"giro-tour-ditalie-mario-cipollini-del-toro-un-faux-fair-play-qui-me-derange","status":"publish","type":"post","link":"https:\/\/www.europesays.com\/fr\/156890\/","title":{"rendered":"Giro. Tour d&rsquo;Italie &#8211; Mario Cipollini : \u00abDel Toro&#8230; Un faux fair-play qui me d\u00e9range\u00bb"},"content":{"rendered":"<p>La strat\u00e9gie de l&rsquo;<strong>UAE Team Emirates XRG <\/strong>sur le <strong>Tour d&rsquo;Italie<\/strong>\u00a0n&rsquo;a pas fini de faire parler ! Pour rappel, <strong><a href=\"https:\/\/www.cyclismactu.net\/..\/news-tour-d-espagne-route-juan-ayuso-prive-de-vuelta-par-uae-isaac-del-toro-aussi-88217.html\" target=\"_blank\" rel=\"nofollow noopener\">Isaac Del Toro<\/a><\/strong>\u00a0avait choisi de ne pas rouler avec <strong>Richard Carapaz <\/strong>(EF Education EasyPost)\u00a0dans les deux derni\u00e8res ascensions de la 20e \u00e9tape alors m\u00eame que\u00a0<strong>Simon Yates\u00a0<\/strong>(Team Visma | Lease a Bike), 3e du classement g\u00e9n\u00e9ral, s&rsquo;\u00e9tait isol\u00e9 et \u00e9tait en train de prendre le maillot rose des \u00e9paules du jeune Mexicain. Alors que\u00a0<strong>Geraint Thomas <\/strong>(INEOS Grenadiers)\u00a0ou encore\u00a0<strong>Richard Carapaz<\/strong>, directement concern\u00e9,\u00a0ont critiqu\u00e9 les choix tactiques de la formation d&rsquo;<strong>Isaac Del Toro<\/strong>\u00a0sur l&rsquo;avant-derni\u00e8re \u00e9tape,\u00a0c&rsquo;est d\u00e9sormais au tour de <strong>Mario Cipollini<\/strong>, 42 fois vainqueur en Italie, de vivement\u00a0critiquer l&rsquo;attitude du maillot rose et ses choix pendant la journ\u00e9e.<\/p>\n<p>Vid\u00e9o &#8211; Isaac Del Toro s&rsquo;est fait renverser sur la 20e \u00e9tape du Giro Lire la suite de l&rsquo;article&#13;<\/p>\n<p>\u00a0<\/p>\n<p>&#13;<br \/>\n\u00ab\u00a0Je pr\u00e9fererais me jeter d&rsquo;une tour\u00a0\u00bb&#13;<\/p>\n<p>En s&rsquo;adressant au journaliste\u00a0<strong>Claudio Ghisalberti<\/strong>, le champion du monde 2002, n&rsquo;a pas m\u00e2ch\u00e9 ses mots sur l&rsquo;attitude d&rsquo;<strong>Isaac Del Toro<\/strong>\u00a0sur la fin de ce <strong>Giro <\/strong>: \u00ab\u00a0Si je perdais le Giro, je pr\u00e9f\u00e9rerais me jeter d&rsquo;une tour plut\u00f4t que de c\u00e9l\u00e9brer. Je suis heureux d&rsquo;appartenir \u00e0 un cyclisme diff\u00e9rent.\u00a0C&rsquo;\u00e9tait ridicule, un faux fair-play qui me d\u00e9range vraiment, c&rsquo;est fait uniquement pour attirer le consensus\u00a0\u00bb, a-t-il d\u00e9clar\u00e9, en \u00e9voquant le sourire et les accolades\u00a0de <strong>Del Toro<\/strong> \u00e0 l&rsquo;arriv\u00e9e.\u00a0Selon lui, l&rsquo;\u00e9quipe <strong>UAE Team Emirates XRG <\/strong>aurait d\u00fb envoyer un coureur \u00e0 l&rsquo;avant comme la <strong>Team Visma | Lease a Bike<\/strong>\u00a0a pu le faire avec <strong>Wout Van Aert<\/strong>. De plus, pour <strong>Cipollini<\/strong>, l&rsquo;inexp\u00e9rience du jeune coureur mexicain ne constitue pas une excuse : \u00ab\u00a0L&rsquo;objectif est de contenir Carapaz, mais ne r\u00e9alisez-vous pas que vous \u00eates en train de tout perdre ?\u00a0\u00bb<\/p>\n<p>Tour d&rsquo;Italie &#8211; Classement g\u00e9n\u00e9ral<\/p>\n","protected":false},"excerpt":{"rendered":"La strat\u00e9gie de l&rsquo;UAE Team Emirates XRG sur le Tour d&rsquo;Italie\u00a0n&rsquo;a pas fini de faire parler ! Pour&hellip;\n","protected":false},"author":2,"featured_media":156891,"comment_status":"","ping_status":"","sticky":false,"template":"","format":"standard","meta":{"footnotes":""},"categories":[1411],"tags":[1154,207,1011,27,209,60,3318,208],"class_list":{"0":"post-156890","1":"post","2":"type-post","3":"status-publish","4":"format-standard","5":"has-post-thumbnail","7":"category-cyclisme","8":"tag-cycling","9":"tag-cyclisme","10":"tag-fr","11":"tag-france","12":"tag-route","13":"tag-sports","14":"tag-tour-d","15":"tag-velo"},"share_on_mastodon":{"url":"https:\/\/pubeurope.com\/@fr\/114637319921503186","error":""},"_links":{"self":[{"href":"https:\/\/www.europesays.com\/fr\/wp-json\/wp\/v2\/posts\/156890","targetHints":{"allow":["GET"]}}],"collection":[{"href":"https:\/\/www.europesays.com\/fr\/wp-json\/wp\/v2\/posts"}],"about":[{"href":"https:\/\/www.europesays.com\/fr\/wp-json\/wp\/v2\/types\/post"}],"author":[{"embeddable":true,"href":"https:\/\/www.europesays.com\/fr\/wp-json\/wp\/v2\/users\/2"}],"replies":[{"embeddable":true,"href":"https:\/\/www.europesays.com\/fr\/wp-json\/wp\/v2\/comments?post=156890"}],"version-history":[{"count":0,"href":"https:\/\/www.europesays.com\/fr\/wp-json\/wp\/v2\/posts\/156890\/revisions"}],"wp:featuredmedia":[{"embeddable":true,"href":"https:\/\/www.europesays.com\/fr\/wp-json\/wp\/v2\/media\/156891"}],"wp:attachment":[{"href":"https:\/\/www.europesays.com\/fr\/wp-json\/wp\/v2\/media?parent=156890"}],"wp:term":[{"taxonomy":"category","embeddable":true,"href":"https:\/\/www.europesays.com\/fr\/wp-json\/wp\/v2\/categories?post=156890"},{"taxonomy":"post_tag","embeddable":true,"href":"https:\/\/www.europesays.com\/fr\/wp-json\/wp\/v2\/tags?post=156890"}],"curies":[{"name":"wp","href":"https:\/\/api.w.org\/{rel}","templated":true}]}}