{"id":156904,"date":"2025-06-06T16:23:29","date_gmt":"2025-06-06T16:23:29","guid":{"rendered":"https:\/\/www.europesays.com\/fr\/156904\/"},"modified":"2025-06-06T16:23:29","modified_gmt":"2025-06-06T16:23:29","slug":"entre-coppola-et-excalibur-les-premieres-images-du-dracula-de-luc-besson-multiplient-les-clins-doeil","status":"publish","type":"post","link":"https:\/\/www.europesays.com\/fr\/156904\/","title":{"rendered":"Entre Coppola et Excalibur, les premi\u00e8res images du Dracula de Luc Besson multiplient les clins d\u2019\u0153il"},"content":{"rendered":"<p><strong>D\u00c9CRYPTAGE &#8211;<\/strong> Le nouveau film du r\u00e9alisateur du Grand Bleu avec Caleb Landry Jones et Christoph Waltz, explore les origines du vampire mythique. Sortie en salles le 30 juillet.<\/p>\n<p class=\"fig-paragraph\">M\u00eame si avec\u00a0<a href=\"http:\/\/www.lefigaro.fr\/cinema\/avec-dogman-luc-besson-connait-son-plus-gros-echec-au-box-office-20231005\" data-fig-type=\"Article\" data-gtm-custom-categorie=\"navigation\" data-gtm-custom-action=\"crossclick\" data-gtm-custom-label=\"Contextuel\" data-gtm-event=\"customEventSPE\" data-fig-domain=\"LEFIGARO\" target=\"_blank\" rel=\"noopener\">Dogman<\/a> \u00a0(2013) leur premi\u00e8re rencontre n\u2019a pas fait d\u2019\u00e9tincelles, ni au box-office ni aupr\u00e8s des critiques, Luc Besson et\u00a0<a href=\"http:\/\/www.lefigaro.fr\/cinema\/luc-besson-prepare-une-adaptation-de-dracula-avec-christoph-waltz-et-caleb-landry-jones-20240219\" data-fig-type=\"Article\" data-gtm-custom-categorie=\"navigation\" data-gtm-custom-action=\"crossclick\" data-gtm-custom-label=\"Contextuel\" data-gtm-event=\"customEventSPE\" data-fig-domain=\"LEFIGARO\" target=\"_blank\" rel=\"noopener\">Caleb Landry Jones<\/a>\u00a0(d\u00e9couvert dans\u00a0<a href=\"https:\/\/www.lefigaro.fr\/cinema\/nitram-balles-tragiques-en-australie-20220510\" data-fig-type=\"Article\" data-gtm-custom-categorie=\"navigation\" data-gtm-custom-action=\"crossclick\" data-gtm-custom-label=\"Contextuel\" data-gtm-event=\"customEventSPE\" data-fig-domain=\"LEFIGARO\" target=\"_blank\" rel=\"noopener\">Nitram\u00a0<\/a>en 2021) poursuivent leur collaboration avec un deuxi\u00e8me film\u00a0: Dracula. Avec 45,2 millions d\u2019euros, c\u2019est le plus gros budget pour un m\u00e9trage fran\u00e7ais en 2025.<\/p>\n<p class=\"fig-paragraph\">Adapt\u00e9e du roman fondateur de\u00a0<a href=\"https:\/\/www.lefigaro.fr\/bd\/la-case-bd-le-dracula-de-bram-stoker-reinvente-par-georges-bess-20191129\" data-fig-type=\"Article\" data-gtm-custom-categorie=\"navigation\" data-gtm-custom-action=\"crossclick\" data-gtm-custom-label=\"Contextuel\" data-gtm-event=\"customEventSPE\" data-fig-domain=\"LEFIGARO\" target=\"_blank\" rel=\"noopener\">Bram Stoker<\/a>\u00a0datant de 1897, cette relecture romantique, gothique et victorienne du mythe vampirique se situe d\u00e9sormais entre deux \u00e9poques, le XVe et le XIXe si\u00e8cle. L\u2019intrigue du Dracula de Besson suit le destin amoureux tragique du prince Vladimir (Vlad Tepes, dit l\u2019Empaleur), un souverain \u00e9pris de sa femme qui demande \u00e0 Dieu de la pr\u00e9server. Malgr\u00e9 cela, une bataille \u00e9pique lui enl\u00e8ve sa dulcin\u00e9e (incarn\u00e9e par Zoe Bleu, la fille de Rosanna Arquette) et c\u2019est le drame. Fou de chagrin et de col\u00e8re, Vlad maudit ce Dieu injuste, et d\u00e9cide de partir \u00e0 la recherche de la femme qu\u2019il aime co\u00fbte que co\u00fbte. Son errance europ\u00e9enne durera 400 ans avant que notre h\u00e9ros tombe sur le sosie troublant de sa bien-aim\u00e9e, qui lui appara\u00eet sous le nom de Mina Murray, dans le Paris de la Belle \u00e9poque.<\/p>\n<p class=\"fig-paragraph\">\u00c0 la vision de ce premier trailer spectaculaire, mais ultra-r\u00e9f\u00e9rentiel, on ne peut que constater que Luc Besson a gard\u00e9 de grands souvenirs du cin\u00e9ma anglo-saxon des ann\u00e9es 1980-1990. D\u00e8s les premiers instants, on distingue du haut d\u2019un drone nocturne les images une route sinueuse au milieu d\u2019une for\u00eat d\u2019o\u00f9 surgissent deux lueurs lilliputiennes\u00a0: les lanternes d\u2019une cal\u00e8che. Le plan suivant, ce double halo est remplac\u00e9 par le scintillement mena\u00e7ant du regard d\u2019un loup aux aguets.<\/p>\n<p class=\"fig-body-link\">\n            \u00c0 lire aussi<br \/>\n        <a class=\"fig-body-link__link\" href=\"http:\/\/www.lefigaro.fr\/cinema\/avec-dogman-luc-besson-connait-son-plus-gros-echec-au-box-office-20231005\" data-fig-type=\"Article\" data-gtm-custom-categorie=\"navigation\" data-gtm-custom-action=\"crossclick\" data-gtm-custom-label=\"Contextuel\" data-gtm-event=\"customEventSPE\" data-fig-domain=\"LEFIGARO\" target=\"_blank\" rel=\"noopener\">Avec Dogman, Luc Besson conna\u00eet son plus gros \u00e9chec au box-office<br \/>\n    <\/a>\n<\/p>\n<p>Dialogues \u00ab\u00a0d\u00e9finitifs\u00a0\u00bb<\/p>\n<p class=\"fig-paragraph\">Alors qu\u2019une voix de soprano venue d\u2019outre-tombe rythme l\u2019avanc\u00e9e de la cal\u00e8che, l\u2019\u00e9quipage entre dans un ch\u00e2teau dont la silhouette gothique se d\u00e9coupe dans le ciel d\u2019encre. Des rires fugaces, des murmures fantomatiques \u00e9vanescents emplissent la bande-son. Un jeune homme s\u2019extrait de la cal\u00e8che et se pose devant l\u2019ombre d\u2019un sinistre ch\u00e2telain film\u00e9 en contre-jour\u00a0: \u00ab\u00a0Racontez-moi votre histoire\u00a0\u00bb demande le jeune imp\u00e9trant, mort de peur.<\/p>\n<p class=\"fig-paragraph\">Avec son chignon \u00e9trange, le h\u00e9ros avance son visage vers la lumi\u00e8re, pr\u00eat \u00e0 toutes les confidences. On ne peut que noter l\u2019hommage \u00e9vident au Dracula de Coppola incarn\u00e9 par\u00a0<a href=\"https:\/\/www.lefigaro.fr\/culture\/notre-critique-de-slow-horses-gary-oldman-et-les-cancres-de-l-espionnage-sur-apple-tv-20220403\" data-fig-type=\"Article\" data-gtm-custom-categorie=\"navigation\" data-gtm-custom-action=\"crossclick\" data-gtm-custom-label=\"Contextuel\" data-gtm-event=\"customEventSPE\" data-fig-domain=\"LEFIGARO\" target=\"_blank\" rel=\"noopener\">Gary Oldman<\/a>\u00a0sorti en 1993. L\u2019autre r\u00e9f\u00e9rence manifeste qui plane au-dessus de cette bande-annonce nous ram\u00e8ne en 1981 au c\u0153ur du film Excalibur de John Boorman. Qu\u2019il s\u2019agisse de la bataille dans la neige avec son \u00e9clairage z\u00e9nithal, ses combats hom\u00e9riques en armure argent\u00e9e totalement clinquante, ou les cadrages de Caleb Landry Jones tenant le corps sans vie de son \u00e9pouse ensanglant\u00e9e, on sent alors que la geste arthurienne croise la route du plus c\u00e9l\u00e8bre des buveurs de sang.<\/p>\n<p class=\"fig-paragraph\">Le reste de la bande-annonce laisse pr\u00e9sager une sorte d\u2019anti-Rom\u00e9o et Juliette, baign\u00e9e dans une atmosph\u00e8re n\u00e9ogothique flamboyante, saupoudr\u00e9e de dialogues d\u00e9finitifs. \u00ab\u00a0&#8211;\u00a0Elle est mon salut. &#8211; Mais vous \u00eates sa damnation\u00a0!\u00a0\u00bb Sous la cam\u00e9ra de\u00a0<a href=\"https:\/\/www.lefigaro.fr\/cinema\/2019\/02\/03\/03002-20190203ARTFIG00007-projections-decryptages-le-forum-des-images-celebre-le-cinema-des-annees-80.php\" data-fig-type=\"Article\" data-gtm-custom-categorie=\"navigation\" data-gtm-custom-action=\"crossclick\" data-gtm-custom-label=\"Contextuel\" data-gtm-event=\"customEventSPE\" data-fig-domain=\"LEFIGARO\" target=\"_blank\" rel=\"noopener\">Luc Besson<\/a>, la relation sulfureuse entre la jeune femme et le vieux vampire immortel s\u2019annonce pour le moins toxique&#8230;<\/p>\n","protected":false},"excerpt":{"rendered":"D\u00c9CRYPTAGE &#8211; Le nouveau film du r\u00e9alisateur du Grand Bleu avec Caleb Landry Jones et Christoph Waltz, explore&hellip;\n","protected":false},"author":2,"featured_media":156905,"comment_status":"","ping_status":"","sticky":false,"template":"","format":"standard","meta":{"footnotes":""},"categories":[1354],"tags":[2084,2083,2080,650,58,28778,59,2081,1346,1011,27,28777,14990,1360,2082],"class_list":{"0":"post-156904","1":"post","2":"type-post","3":"status-publish","4":"format-standard","5":"has-post-thumbnail","7":"category-films","8":"tag-affiche","9":"tag-bandes-annonces","10":"tag-box-office","11":"tag-cinema","12":"tag-divertissement","13":"tag-dracula","14":"tag-entertainment","15":"tag-film","16":"tag-films","17":"tag-fr","18":"tag-france","19":"tag-francis-ford-coppola","20":"tag-luc-besson","21":"tag-movies","22":"tag-salles"},"share_on_mastodon":{"url":"https:\/\/pubeurope.com\/@fr\/114637347598650769","error":""},"_links":{"self":[{"href":"https:\/\/www.europesays.com\/fr\/wp-json\/wp\/v2\/posts\/156904","targetHints":{"allow":["GET"]}}],"collection":[{"href":"https:\/\/www.europesays.com\/fr\/wp-json\/wp\/v2\/posts"}],"about":[{"href":"https:\/\/www.europesays.com\/fr\/wp-json\/wp\/v2\/types\/post"}],"author":[{"embeddable":true,"href":"https:\/\/www.europesays.com\/fr\/wp-json\/wp\/v2\/users\/2"}],"replies":[{"embeddable":true,"href":"https:\/\/www.europesays.com\/fr\/wp-json\/wp\/v2\/comments?post=156904"}],"version-history":[{"count":0,"href":"https:\/\/www.europesays.com\/fr\/wp-json\/wp\/v2\/posts\/156904\/revisions"}],"wp:featuredmedia":[{"embeddable":true,"href":"https:\/\/www.europesays.com\/fr\/wp-json\/wp\/v2\/media\/156905"}],"wp:attachment":[{"href":"https:\/\/www.europesays.com\/fr\/wp-json\/wp\/v2\/media?parent=156904"}],"wp:term":[{"taxonomy":"category","embeddable":true,"href":"https:\/\/www.europesays.com\/fr\/wp-json\/wp\/v2\/categories?post=156904"},{"taxonomy":"post_tag","embeddable":true,"href":"https:\/\/www.europesays.com\/fr\/wp-json\/wp\/v2\/tags?post=156904"}],"curies":[{"name":"wp","href":"https:\/\/api.w.org\/{rel}","templated":true}]}}