{"id":156906,"date":"2025-06-06T16:24:15","date_gmt":"2025-06-06T16:24:15","guid":{"rendered":"https:\/\/www.europesays.com\/fr\/156906\/"},"modified":"2025-06-06T16:24:15","modified_gmt":"2025-06-06T16:24:15","slug":"un-risque-accru-en-cas-dendometriose","status":"publish","type":"post","link":"https:\/\/www.europesays.com\/fr\/156906\/","title":{"rendered":"un risque accru en cas d&rsquo;endom\u00e9triose"},"content":{"rendered":"<p>             <a href=\"https:\/\/ma-sante.news\/wp-content\/uploads\/2025\/06\/femmes-atteintes-endometriose-plus-de-risques-covid-long-Ma-Sante.jpg\" data-caption=\"Les femmes, m\u00eame sans endom\u00e9triose, sont davantage touch\u00e9es par les sympt\u00f4mes du Covid long. \u00a9 freepik\" target=\"_blank\" rel=\"noopener\"><img loading=\"lazy\" decoding=\"async\" width=\"696\" height=\"464\" class=\"entry-thumb td-modal-image\" src=\"data:image\/svg+xml,%3Csvg%20xmlns=\" http:=\"\" data-lazy- data-lazy- alt=\"Une femme atteinte d'endom\u00e9triose et du Covid long en m\u00eame temps.\" title=\"femmes atteintes endome\u0301triose plus de risques covid long Ma Sante\u0301\" data-lazy-src=\"https:\/\/www.europesays.com\/fr\/wp-content\/uploads\/2025\/06\/femmes-atteintes-endometriose-plus-de-risques-covid-long-Ma-Sante-696x464.jpg\"\/><\/a>Les femmes, m\u00eame sans endom\u00e9triose, sont davantage touch\u00e9es par les sympt\u00f4mes du Covid long. \u00a9 freepik                                    \t\t\t             <a class=\"gofollow\" data-track=\"MjgsMCwxLDYw\" href=\"https:\/\/ma-sante.news\/inscrivez-vous-a-notre-newsletter\/\" target=\"_blank\" rel=\"noopener\"><img loading=\"lazy\" decoding=\"async\" width=\"1068\" height=\"131\" src=\"data:image\/svg+xml,%3Csvg%20xmlns=\" http:=\"\" data-lazy-src=\"https:\/\/www.europesays.com\/fr\/wp-content\/uploads\/2025\/03\/banniere-newsletter.png\"\/><\/a> <\/p>\n<p>C\u2019est une information qui ne manquera pas de faire r\u00e9agir les concern\u00e9es\u2026 et elles sont nombreuses. D\u2019apr\u00e8s une \u00e9tude men\u00e9e conjointement par des chercheurs fran\u00e7ais et suisses, <a href=\"https:\/\/ma-sante.news\/endometriose-symptomes-et-traitement-de-ces-douleurs-gynecologiques\/\" target=\"_blank\" rel=\"noopener\">les femmes atteintes d\u2019endom\u00e9triose<\/a> ont 41 % de risque en plus de d\u00e9velopper un Covid long, compar\u00e9es \u00e0 celles qui ne souffrent pas de cette pathologie gyn\u00e9cologique.<\/p>\n<p>Publi\u00e9 dans la revue scientifique BMC Women\u2019s Health, ce travail s\u2019appuie sur les donn\u00e9es de plus de 200 000 femmes. Une cohorte suffisamment solide pour tirer la sonnette d\u2019alarme. Mais avant de paniquer ou de baisser les bras, prenons le temps de comprendre ce que cela signifie concr\u00e8tement. Et surtout pourquoi.<\/p>\n<p>        Quand l\u2019endom\u00e9triose influe sur le Covid long    <strong>Rappel express : l\u2019endom\u00e9triose, c\u2019est quoi d\u00e9j\u00e0 ?<\/strong>    <\/p>\n<p><a href=\"https:\/\/ma-sante.news\/endometriose-gynecologie-villeurbanne-27532\/\" target=\"_blank\" rel=\"noopener\">L\u2019endom\u00e9triose est cette maladie chronique qui touche environ une femme sur dix en \u00e2ge de procr\u00e9er<\/a>, selon Sant\u00e9 publique France. Elle se caract\u00e9rise par la pr\u00e9sence anormale de tissu semblable \u00e0 celui de la muqueuse ut\u00e9rine (l\u2019endom\u00e8tre) en dehors de l\u2019ut\u00e9rus, souvent sur les ovaires, les trompes ou dans la cavit\u00e9 abdominale.<\/p>\n<p>Cette condition cause ainsi des douleurs menstruelles s\u00e9v\u00e8res, des <a href=\"https:\/\/ma-sante.news\/troubles-digestifs-que-faire-en-cas-de-diarrhee\/\" target=\"_blank\" rel=\"noopener\">troubles digestifs<\/a>, urinaires, <a href=\"https:\/\/ma-sante.news\/fatigue-persistante-et-si-la-cause-etait-un-mini-avc\/\" target=\"_blank\" rel=\"noopener\">une fatigue persistante<\/a>\u2026 et parfois des complications pour tomber enceinte. Et comme si ce tableau n\u2019\u00e9tait pas d\u00e9j\u00e0 assez lourd, voici qu\u2019un nouvel \u00e9l\u00e9ment vient s\u2019ajouter.<\/p>\n<p>        <strong>Covid long : une autre \u00e9preuve \u00e0 affronter<\/strong>    <\/p>\n<p>Vous avez entendu parler du <a href=\"https:\/\/ma-sante.news\/symptomes-du-covid-long-cest-dans-la-tete-docteur\/\" target=\"_blank\" rel=\"noopener\">Covid long ? Ce n\u2019est pas juste un rhume qui s\u2019\u00e9ternise<\/a>. C\u2019est une forme prolong\u00e9e du Covid-19 qui peut durer plusieurs semaines \u00e0 plusieurs mois apr\u00e8s l\u2019infection initiale.<\/p>\n<p>Parmi<a href=\"https:\/\/ma-sante.news\/covid-long-des-symptomes-bizarres-qui-persistent\/\" target=\"_blank\" rel=\"noopener\"> les sympt\u00f4mes les plus fr\u00e9quents <\/a>: fatigue \u00e9crasante, troubles de la m\u00e9moire et de la concentration (le fameux \u201cbrain fog\u201d), essoufflement, douleurs articulaires\u2026 Et ce n\u2019est pas un ph\u00e9nom\u00e8ne rare. Pr\u00e8s de 2 millions de personnes en France en ont souffert selon les chiffres de 2022. Et parmi elles, <a href=\"https:\/\/ma-sante.news\/le-covid-long-un-probleme-qui-touche\" target=\"_blank\" rel=\"noopener\">une large majorit\u00e9 sont\u2026 des femmes<\/a>.<\/p>\n<p>        Mais pourquoi l\u2019endom\u00e9triose augmente nettement les risques apr\u00e8s l\u2019infection    <strong>Covid long : +41 % de risque chez les femmes atteintes d\u2019endom\u00e9triose<\/strong>    <\/p>\n<p>Dans cette vaste enqu\u00eate, les chercheurs ont compar\u00e9 les donn\u00e9es de femmes avec et sans endom\u00e9triose. R\u00e9sultat ?<\/p>\n<ul class=\"wp-block-list\">\n<li>16,2 % des femmes atteintes d\u2019endom\u00e9triose ont d\u00e9velopp\u00e9 un Covid long.<\/li>\n<li>Contre 10 % des femmes non concern\u00e9es.<\/li>\n<li>Soit un risque accru de 41 %, toutes choses \u00e9gales par ailleurs (\u00e2ge, ant\u00e9c\u00e9dents m\u00e9dicaux, niveau socio-\u00e9conomique\u2026).<\/li>\n<\/ul>\n<p>C\u2019est tout sauf anecdotique.<\/p>\n<p>        <strong>Pourquoi ce lien entre endom\u00e9triose et Covid long ?<\/strong>    <\/p>\n<p>Les scientifiques avancent plusieurs hypoth\u00e8ses. Et non, ce n\u2019est pas juste un mauvais karma. L\u2019endom\u00e9triose est une maladie inflammatoire chronique, ce qui signifie que le syst\u00e8me immunitaire des patientes est souvent d\u00e9j\u00e0 suractiv\u00e9 ou d\u00e9r\u00e9gl\u00e9. Or, le Covid long s\u2019expliquerait justement par une r\u00e9ponse immunitaire excessive, voire auto-immune.<\/p>\n<p>Autre piste \u00e9voqu\u00e9e : une expression plus \u00e9lev\u00e9e du r\u00e9cepteur ACE2, la porte d\u2019entr\u00e9e du virus SARS-CoV-2 dans les cellules, dans les tissus touch\u00e9s par l\u2019endom\u00e9triose. Ce qui pourrait favoriser l\u2019installation prolong\u00e9e du virus ou de ses effets dans l\u2019organisme. Enfin, les d\u00e9r\u00e8glements hormonaux li\u00e9s \u00e0 l\u2019endom\u00e9triose (notamment une dominance en \u0153strog\u00e8nes) pourraient aussi influencer la r\u00e9action du corps face au virus.<\/p>\n<p>        <strong>Ce que \u00e7a change pour les patientes<\/strong>    <\/p>\n<p>Pour le Pr Jean-Marc Ayoubi, gyn\u00e9cologue \u00e0 l\u2019H\u00f4pital Foch et co-auteur de l\u2019\u00e9tude, ces r\u00e9sultats doivent \u201dinciter \u00e0 une vigilance renforc\u00e9e pour les femmes atteintes d\u2019endom\u00e9triose en cas d\u2019infection par le Covid-19\u201d. Alors, si vous \u00eates concern\u00e9e, vous ne devez pas paniquer, mais mieux vous pr\u00e9parer. Cela peut passer par :<\/p>\n<p>Cette \u00e9tude s\u2019inscrit dans un mouvement plus large : celui de la prise en compte des sp\u00e9cificit\u00e9s de la sant\u00e9 des femmes dans la recherche m\u00e9dicale. Trop longtemps invisibilis\u00e9es, les pathologies comme l\u2019endom\u00e9triose commencent (enfin !) \u00e0 \u00eatre mieux \u00e9tudi\u00e9es. Et ce genre de donn\u00e9es peut, esp\u00e9rons-le, contribuer \u00e0 des politiques de sant\u00e9 publique plus \u00e9quitables.<\/p>\n<blockquote class=\"wp-block-quote is-layout-flow wp-block-quote-is-layout-flow\">\n<p><strong>\u00c0 SAVOIR\u00a0<\/strong><\/p>\n<p>Selon l\u2019Inserm, l\u2019endom\u00e9triose pourrait aussi \u00eatre li\u00e9e \u00e0 des troubles du syst\u00e8me immunitaire. Ce d\u00e9s\u00e9quilibre pourrait expliquer en partie pourquoi ces femmes sont plus vuln\u00e9rables face au Covid long.<\/p>\n<\/blockquote>\n<p>  <a class=\"gofollow\" data-track=\"MTIsMCwxLDYw\" href=\"https:\/\/ma-sante.news\/annonceurs\/\" target=\"_blank\" rel=\"noopener\"><img loading=\"lazy\" decoding=\"async\" width=\"2560\" height=\"2133\" src=\"data:image\/svg+xml,%3Csvg%20xmlns=\" http:=\"\" data-lazy-src=\"https:\/\/www.europesays.com\/fr\/wp-content\/uploads\/2025\/03\/pub-annonceurs-4-scaled.jpg\"\/><\/a>    <img loading=\"lazy\" decoding=\"async\" width=\"755\" height=\"495\" src=\"data:image\/svg+xml,%3Csvg%20xmlns=\" http:=\"\" data-lazy-src=\"https:\/\/www.europesays.com\/fr\/wp-content\/uploads\/2025\/03\/Image1.jpg\"\/>Inscrivez-vous \u00e0 notre newsletter <br \/>Ma Sant\u00e9                      <\/p>\n","protected":false},"excerpt":{"rendered":"Les femmes, m\u00eame sans endom\u00e9triose, sont davantage touch\u00e9es par les sympt\u00f4mes du Covid long. \u00a9 freepik C\u2019est une&hellip;\n","protected":false},"author":2,"featured_media":156907,"comment_status":"","ping_status":"","sticky":false,"template":"","format":"standard","meta":{"footnotes":""},"categories":[10],"tags":[28779,25717,1011,27,72,71],"class_list":{"0":"post-156906","1":"post","2":"type-post","3":"status-publish","4":"format-standard","5":"has-post-thumbnail","7":"category-sante","8":"tag-covid-long","9":"tag-endomu00e9triose","10":"tag-fr","11":"tag-france","12":"tag-health","13":"tag-sante"},"share_on_mastodon":{"url":"https:\/\/pubeurope.com\/@fr\/114637351489782321","error":""},"_links":{"self":[{"href":"https:\/\/www.europesays.com\/fr\/wp-json\/wp\/v2\/posts\/156906","targetHints":{"allow":["GET"]}}],"collection":[{"href":"https:\/\/www.europesays.com\/fr\/wp-json\/wp\/v2\/posts"}],"about":[{"href":"https:\/\/www.europesays.com\/fr\/wp-json\/wp\/v2\/types\/post"}],"author":[{"embeddable":true,"href":"https:\/\/www.europesays.com\/fr\/wp-json\/wp\/v2\/users\/2"}],"replies":[{"embeddable":true,"href":"https:\/\/www.europesays.com\/fr\/wp-json\/wp\/v2\/comments?post=156906"}],"version-history":[{"count":0,"href":"https:\/\/www.europesays.com\/fr\/wp-json\/wp\/v2\/posts\/156906\/revisions"}],"wp:featuredmedia":[{"embeddable":true,"href":"https:\/\/www.europesays.com\/fr\/wp-json\/wp\/v2\/media\/156907"}],"wp:attachment":[{"href":"https:\/\/www.europesays.com\/fr\/wp-json\/wp\/v2\/media?parent=156906"}],"wp:term":[{"taxonomy":"category","embeddable":true,"href":"https:\/\/www.europesays.com\/fr\/wp-json\/wp\/v2\/categories?post=156906"},{"taxonomy":"post_tag","embeddable":true,"href":"https:\/\/www.europesays.com\/fr\/wp-json\/wp\/v2\/tags?post=156906"}],"curies":[{"name":"wp","href":"https:\/\/api.w.org\/{rel}","templated":true}]}}