{"id":15691,"date":"2025-04-10T19:20:09","date_gmt":"2025-04-10T19:20:09","guid":{"rendered":"https:\/\/www.europesays.com\/fr\/15691\/"},"modified":"2025-04-10T19:20:09","modified_gmt":"2025-04-10T19:20:09","slug":"cyclisme-gp-de-lescaut-elisa-balsamo-a-battu-kool-et-consonni-sur-le-scheldeprijs-femmes","status":"publish","type":"post","link":"https:\/\/www.europesays.com\/fr\/15691\/","title":{"rendered":"Cyclisme. GP de l&rsquo;Escaut &#8211; Elisa Balsamo a battu Kool et Consonni sur le Scheldeprijs Femmes"},"content":{"rendered":"<p><strong>Elisa Balsamo<\/strong> a remport\u00e9 le <a href=\"https:\/\/www.cyclismactu.net\/..\/news-gp-de-escaut-route-parcours-startlist-et-favoris-113e-edition-du-scheldeprijs-87246.html\" target=\"_blank\" rel=\"noopener\"><strong>Grand Prix de l&rsquo;Escaut<\/strong><\/a> (ou <strong>Scheldeprijs <\/strong>en version originale), ce mercredi, au terme d\u2019une course bien plus anim\u00e9e qu\u2019attendu. Annonc\u00e9e comme une classique promise aux sprinteuses, la course a pourtant \u00e9t\u00e9 marqu\u00e9e par de nombreuses offensives, rendant l\u2019issue incertaine jusqu\u2019aux derniers m\u00e8tres. Mais au final, l\u2019Italienne de <strong>Lidl-Trek<\/strong> a su tirer son \u00e9pingle du jeu et s\u2019imposer devant <strong>Charlotte Kool<\/strong> (Picnic PostNL) et<strong> Chiara Consonni <\/strong>(Canyon\/\/SRAM zondacrypto).<\/p>\n<p>Vid\u00e9o &#8211; Balsamo, d\u00e9j\u00e0 vainqueur en d\u00e9but de saison \u00e0 Valence Lire la suite de l&rsquo;article&#13;<\/p>\n<p>\u00a0<\/p>\n<p>&#13;<br \/>\nUne course anim\u00e9e&#13;<\/p>\n<p>D\u00e8s les premiers kilom\u00e8tres, deux coureuses &#8211; <strong>Alison Mrugal <\/strong>(Cynisca Cycling) et <strong>Amelia Tyler<\/strong> (Handsling Alba Development) &#8211; ont pris les devants, avec la b\u00e9n\u00e9diction du peloton. Leur avance a culmin\u00e9 \u00e0 plus de deux minutes, mais \u00e0 l\u2019approche du circuit final dans Schoten, les choses se sont acc\u00e9l\u00e9r\u00e9es. \u00c0 25 kilom\u00e8tres de l\u2019arriv\u00e9e, <strong>Zoe B\u00e4ckstedt<\/strong> (Canyon\/\/SRAM zondacrypto) a lanc\u00e9 une attaque sur les pav\u00e9s de Broekstraat, cr\u00e9ant un groupe de dix coureuses comprenant notamment deux repr\u00e9sentantes du <strong>Team SD Worx &#8211; Protime<\/strong>.<\/p>\n<p>&#13;<\/p>\n<p>L\u2019\u00e9quipe<strong> Picnic-PostNL<\/strong>, absente de ce groupe, a d\u00fb travailler pour ramener le peloton. L\u2019\u00e9cart est rest\u00e9 mince jusqu\u2019au bout, rendant la fin de course particuli\u00e8rement tendue. \u00c0 1700 m\u00e8tres de la ligne, les fuyardes ont finalement \u00e9t\u00e9 reprises, malgr\u00e9 une derni\u00e8re tentative de <strong>B\u00e4ckstedt<\/strong>. <strong>Lidl-Trek<\/strong> a alors parfaitement lanc\u00e9 son train pour <strong>Balsamo<\/strong>. Bien plac\u00e9e, l\u2019Italienne a lanc\u00e9 son sprint au bon moment. <strong>Charlotte Kool <\/strong>est revenue fort, mais trop tard !<strong> Chiara Consonni<\/strong> a quant \u00e0 elle pris la 3e place.<\/p>\n<p>Grand Prix de l&rsquo;Escaut (F) &#8211; Classement g\u00e9n\u00e9ral<\/p>\n","protected":false},"excerpt":{"rendered":"Elisa Balsamo a remport\u00e9 le Grand Prix de l&rsquo;Escaut (ou Scheldeprijs en version originale), ce mercredi, au terme&hellip;\n","protected":false},"author":2,"featured_media":15692,"comment_status":"","ping_status":"","sticky":false,"template":"","format":"standard","meta":{"footnotes":""},"categories":[1411],"tags":[1154,207,1011,27,6568,209,60,208],"class_list":{"0":"post-15691","1":"post","2":"type-post","3":"status-publish","4":"format-standard","5":"has-post-thumbnail","7":"category-cyclisme","8":"tag-cycling","9":"tag-cyclisme","10":"tag-fr","11":"tag-france","12":"tag-gp-de-l","13":"tag-route","14":"tag-sports","15":"tag-velo"},"share_on_mastodon":{"url":"https:\/\/pubeurope.com\/@fr\/114315291814935252","error":""},"_links":{"self":[{"href":"https:\/\/www.europesays.com\/fr\/wp-json\/wp\/v2\/posts\/15691","targetHints":{"allow":["GET"]}}],"collection":[{"href":"https:\/\/www.europesays.com\/fr\/wp-json\/wp\/v2\/posts"}],"about":[{"href":"https:\/\/www.europesays.com\/fr\/wp-json\/wp\/v2\/types\/post"}],"author":[{"embeddable":true,"href":"https:\/\/www.europesays.com\/fr\/wp-json\/wp\/v2\/users\/2"}],"replies":[{"embeddable":true,"href":"https:\/\/www.europesays.com\/fr\/wp-json\/wp\/v2\/comments?post=15691"}],"version-history":[{"count":0,"href":"https:\/\/www.europesays.com\/fr\/wp-json\/wp\/v2\/posts\/15691\/revisions"}],"wp:featuredmedia":[{"embeddable":true,"href":"https:\/\/www.europesays.com\/fr\/wp-json\/wp\/v2\/media\/15692"}],"wp:attachment":[{"href":"https:\/\/www.europesays.com\/fr\/wp-json\/wp\/v2\/media?parent=15691"}],"wp:term":[{"taxonomy":"category","embeddable":true,"href":"https:\/\/www.europesays.com\/fr\/wp-json\/wp\/v2\/categories?post=15691"},{"taxonomy":"post_tag","embeddable":true,"href":"https:\/\/www.europesays.com\/fr\/wp-json\/wp\/v2\/tags?post=15691"}],"curies":[{"name":"wp","href":"https:\/\/api.w.org\/{rel}","templated":true}]}}