{"id":156914,"date":"2025-06-06T16:28:08","date_gmt":"2025-06-06T16:28:08","guid":{"rendered":"https:\/\/www.europesays.com\/fr\/156914\/"},"modified":"2025-06-06T16:28:08","modified_gmt":"2025-06-06T16:28:08","slug":"reculer-lage-de-depart-a-665-ans-la-proposition-choc-du-cor-pour-sauver-le-systeme-de-retraite","status":"publish","type":"post","link":"https:\/\/www.europesays.com\/fr\/156914\/","title":{"rendered":"Reculer l\u2019\u00e2ge de d\u00e9part \u00e0 66,5 ans, la proposition choc du COR pour sauver le syst\u00e8me de retraite"},"content":{"rendered":"<p><strong>EXCLUSIF <\/strong>&#8211; Le dernier rapport annuel du Conseil d\u2019orientation des retraites (COR) rappelle que le d\u00e9ficit du syst\u00e8me continuera de s\u2019aggraver, sauf si des mesures de redressement sont prises pour \u00e9quilibrer les comptes.<\/p>\n<p class=\"fig-paragraph\">Le Conseil d\u2019orientation des retraites (COR) enfonce le clou. Alors que les syndicats, r\u00e9unis en d\u00e9l\u00e9gation paritaire permanente par Fran\u00e7ois Bayrou, s\u2019engagent difficilement dans\u00a0<a href=\"http:\/\/www.lefigaro.fr\/social\/conclave-sur-les-retraites-les-discussions-entrent-dans-la-derniere-ligne-droite-20250604\" data-fig-type=\"NewsFlash\" data-gtm-custom-categorie=\"navigation\" data-gtm-custom-action=\"crossclick\" data-gtm-custom-label=\"Contextuel\" data-gtm-event=\"customEventSPE\" data-fig-domain=\"LEFIGARO\" target=\"_blank\" rel=\"noopener\">la derni\u00e8re ligne droite des n\u00e9gociations<\/a>\u00a0sur le financement du syst\u00e8me de retraite, le dernier rapport annuel du COR &#8211; envoy\u00e9 ce vendredi aux partenaires sociaux et dont Le Figaro s\u2019est procur\u00e9 une copie &#8211; tire encore une fois la sonnette d\u2019alarme, face \u00e0 une trajectoire toujours d\u00e9ficitaire. La r\u00e9forme des retraites de 2023, adopt\u00e9e dans la douleur, devait ramener les comptes \u00e0 l\u2019\u00e9quilibre d\u2019ici \u00e0 2030. Cinq ans avant l\u2019\u00e9ch\u00e9ance, il est d\u00e9sormais impossible que\u00a0<a href=\"http:\/\/www.lefigaro.fr\/conjoncture\/le-systeme-de-retraite-durablement-deficitaire-malgre-le-passage-de-62-a-64-ans-20250317\" data-fig-type=\"Article\" data-gtm-custom-categorie=\"navigation\" data-gtm-custom-action=\"crossclick\" data-gtm-custom-label=\"Contextuel\" data-gtm-event=\"customEventSPE\" data-fig-domain=\"LEFIGARO\" target=\"_blank\" rel=\"noopener\">l\u2019objectif soit atteint<\/a>. Pour assurer la viabilit\u00e9 de ce pan essentiel de notre mod\u00e8le social, le COR a donc \u00e9tudi\u00e9 plusieurs ajustements, lesquels devront t\u00f4t ou tard \u00eatre mis en \u0153uvre pour permettre un financement p\u00e9renne du syst\u00e8me.<\/p>\n<p class=\"fig-paragraph\">L\u2019alerte du conseil ind\u00e9pendant et pluraliste n\u2019est pas nouvelle. En 2023, son rapport craignait d\u00e9j\u00e0\u00a0<a href=\"http:\/\/www.lefigaro.fr\/social\/malgre-la-reforme-le-deficit-des-retraites-persiste-20230619\" data-fig-type=\"Article\" data-gtm-custom-categorie=\"navigation\" data-gtm-custom-action=\"crossclick\" data-gtm-custom-label=\"Contextuel\" data-gtm-event=\"customEventSPE\" data-fig-domain=\"LEFIGARO\" target=\"_blank\" rel=\"noopener\">l\u2019insuffisance de\u2026<\/a><\/p>\n<p class=\"fig-premium-paywall__infos\">\n        Cet article est r\u00e9serv\u00e9 aux abonn\u00e9s.        Il vous reste 86% \u00e0 d\u00e9couvrir.\n    <\/p>\n<p>                <img  data- alt=\"Le Figaro\" class=\"fig-img--complete fig-img\"\/><\/p>\n<p class=\"fig-premium-paywall__title\">Vente Flash<\/p>\n<p class=\"fig-premium-paywall__subtitle\">3,99\u20ac par mois pendant 12 mois. Sans engagement.<\/p>\n<p class=\"fig-premium-paywall__connect\">\n                D\u00e9j\u00e0 abonn\u00e9\u00a0?                <a class=\"fig-premium-paywall__connect-link\" href=\"https:\/\/connect.lefigaro.fr\/login?client=horizon_web&amp;type=main&amp;redirect_uri=https%3A%2F%2Fwww.lefigaro.fr%2Fconjoncture%2Freculer-l-age-de-depart-a-66-5-ans-la-proposition-choc-du-cor-pour-sauver-le-systeme-de-retraite-20250606\" data-js-gtm=\"{&quot;customCategorie&quot;: &quot;conversion&quot;, &quot;customAction&quot;: &quot;before_Landing_Connexion_paywall_auto&quot;, &quot;customLabel&quot;: &quot;bGVmaWdhcm8uZnJfXzFmMDQyYmIzLTA5YTItNjgwNC1iM2FmLWNkZTE2N2ZkY2JlZV9fTmV3c0ZsYXNo_Reculer l\u2019\u00e2ge de d\u00e9part \u00e0 66,5 ans, la proposition choc du COR pour sauver le syst\u00e8me de retraite_117&quot;, &quot;customIDSPE&quot;: &quot;bGVmaWdhcm8uZnJfXzFmMDQyYmIzLTA5YTItNjgwNC1iM2FmLWNkZTE2N2ZkY2JlZV9fTmV3c0ZsYXNo&quot;, &quot;event&quot;: &quot;customEventSPE&quot;}\" target=\"_blank\" rel=\"noopener\"><br \/>\n                    Connectez-vous<br \/>\n                <\/a>\n            <\/p>\n","protected":false},"excerpt":{"rendered":"EXCLUSIF &#8211; Le dernier rapport annuel du Conseil d\u2019orientation des retraites (COR) rappelle que le d\u00e9ficit du syst\u00e8me&hellip;\n","protected":false},"author":2,"featured_media":156915,"comment_status":"","ping_status":"","sticky":false,"template":"","format":"standard","meta":{"footnotes":""},"categories":[6],"tags":[339,340,35,343,345,350,130,344,352,13851,349,33,34,341,313,1011,27,346,342,353,351,347,348,11036,354],"class_list":{"0":"post-156914","1":"post","2":"type-post","3":"status-publish","4":"format-standard","5":"has-post-thumbnail","7":"category-economie","8":"tag-actualite-economique","9":"tag-bourse","10":"tag-business","11":"tag-cac-40","12":"tag-chef-dentreprise","13":"tag-concurrence","14":"tag-consommation","15":"tag-creation-dentreprise","16":"tag-crise","17":"tag-deficit-public","18":"tag-delocalisations","19":"tag-economie","20":"tag-economy","21":"tag-emploi","22":"tag-entreprises","23":"tag-fr","24":"tag-france","25":"tag-grands-patrons","26":"tag-impots","27":"tag-licenciements","28":"tag-monopole","29":"tag-multinationales","30":"tag-privatisation","31":"tag-reforme-des-retraites","32":"tag-unio"},"share_on_mastodon":{"url":"https:\/\/pubeurope.com\/@fr\/114637367168220364","error":""},"_links":{"self":[{"href":"https:\/\/www.europesays.com\/fr\/wp-json\/wp\/v2\/posts\/156914","targetHints":{"allow":["GET"]}}],"collection":[{"href":"https:\/\/www.europesays.com\/fr\/wp-json\/wp\/v2\/posts"}],"about":[{"href":"https:\/\/www.europesays.com\/fr\/wp-json\/wp\/v2\/types\/post"}],"author":[{"embeddable":true,"href":"https:\/\/www.europesays.com\/fr\/wp-json\/wp\/v2\/users\/2"}],"replies":[{"embeddable":true,"href":"https:\/\/www.europesays.com\/fr\/wp-json\/wp\/v2\/comments?post=156914"}],"version-history":[{"count":0,"href":"https:\/\/www.europesays.com\/fr\/wp-json\/wp\/v2\/posts\/156914\/revisions"}],"wp:featuredmedia":[{"embeddable":true,"href":"https:\/\/www.europesays.com\/fr\/wp-json\/wp\/v2\/media\/156915"}],"wp:attachment":[{"href":"https:\/\/www.europesays.com\/fr\/wp-json\/wp\/v2\/media?parent=156914"}],"wp:term":[{"taxonomy":"category","embeddable":true,"href":"https:\/\/www.europesays.com\/fr\/wp-json\/wp\/v2\/categories?post=156914"},{"taxonomy":"post_tag","embeddable":true,"href":"https:\/\/www.europesays.com\/fr\/wp-json\/wp\/v2\/tags?post=156914"}],"curies":[{"name":"wp","href":"https:\/\/api.w.org\/{rel}","templated":true}]}}