{"id":156928,"date":"2025-06-06T16:35:19","date_gmt":"2025-06-06T16:35:19","guid":{"rendered":"https:\/\/www.europesays.com\/fr\/156928\/"},"modified":"2025-06-06T16:35:19","modified_gmt":"2025-06-06T16:35:19","slug":"photos-a-nancy-le-secteur-de-la-place-de-larsenal-va-se-transformer-decouvrez-le-projet","status":"publish","type":"post","link":"https:\/\/www.europesays.com\/fr\/156928\/","title":{"rendered":"PHOTOS. \u00c0 Nancy, le secteur de la place de l&rsquo;Arsenal va se transformer : d\u00e9couvrez le projet"},"content":{"rendered":"<p>            Par<br \/>\n        <strong><br \/>\n            <a href=\"https:\/\/actu.fr\/auteur\/amandine-mehl\" title=\"Consulter tous les articles de Amandine Mehl\" rel=\"nofollow noopener\" target=\"_blank\">Amandine Mehl<\/a><br \/>\n        <\/strong><\/p>\n<p>        Publi\u00e9 le<\/p>\n<p>            6 juin 2025 \u00e0 17h51        <\/p>\n<p>Apr\u00e8s la cr\u00e9ation du chemin pi\u00e9ton et plus derni\u00e8rement les <a href=\"https:\/\/actu.fr\/tag\/travaux\" rel=\"nofollow noopener\" target=\"_blank\">travaux<\/a> men\u00e9s <a href=\"https:\/\/actu.fr\/grand-est\/nancy_54395\/vegetalisation-a-nancy-voici-a-quoi-va-ressembler-cette-rue-pres-de-la-place-stanislas_61618892.html\" rel=\"nofollow noopener\" target=\"_blank\">rue Gustave Simon<\/a> ou encore secteur <a href=\"https:\/\/actu.fr\/grand-est\/nancy_54395\/a-nancy-cette-place-tres-frequentee-va-etre-transformee-en-2025-decouvrez-le-projet_61620233.html\" rel=\"nofollow noopener\" target=\"_blank\">place Vaud\u00e9mont<\/a>, <strong>Nancy poursuit sa transformation<\/strong> avec un <strong>projet d\u2019am\u00e9nagement<\/strong> pour le secteur de la <strong>place de l\u2019Arsenal<\/strong>.<\/p>\n<p class=\" wall-content\">D\u00e9voil\u00e9 aux habitants \u00e0 l\u2019occasion d\u2019une r\u00e9union publique, voici ce qu\u2019il faut en retenir.<\/p>\n<p>Deux ambiances pour la rue Monseigneur Trouillet<\/p>\n<p class=\" wall-content\">Comme l\u2019a expliqu\u00e9 la <strong>M\u00e9tropole du Grand Nancy<\/strong>, la m\u00e9tamorphose de la place de l\u2019Arsenal passe par des am\u00e9nagements rues Monseigneur Trouillet, des Loups et Ren\u00e9\u00a0d\u2019Anjou.<\/p>\n<p class=\" wall-content\">La <strong>rue Monseigneur Trouillet<\/strong> sera \u00ab<strong>\u2009d\u00e9coup\u00e9e<\/strong>\u2009\u00bb en <strong>deux ambiances<\/strong>\u2009: la partie entre la place Saint-Epvre et la rue Saint-Michel, la partie entre la rue Saint-Michel et la place de l\u2019Arsenal. La premi\u00e8re sera li\u00e9e \u00e0 la place Saint-Epvre et la seconde se voudra davantage \u00ab\u2009touristique\u2009\u00bb.<\/p>\n<p class=\" wall-content\">\n    <img   decoding=\"async\" loading=\"lazy\" src=\"https:\/\/www.europesays.com\/fr\/wp-content\/uploads\/2025\/06\/nancy-monseigneur-trouillet-960x640.jpg\" alt=\"Esquisse d'am\u00e9nagement depuis la place Saint-Epvre vers la rue Saint-Michel.\" width=\"960\" height=\"640\"\/><br \/>\n    Esquisse d\u2019am\u00e9nagement depuis la place Saint-Epvre vers la rue Saint-Michel. (\u00a9M\u00e9tropole du Grand Nancy)<br \/>\n    <img   decoding=\"async\" loading=\"lazy\" src=\"https:\/\/www.europesays.com\/fr\/wp-content\/uploads\/2025\/06\/monseigneur-trouillet-nancy-960x640.jpg\" alt=\"Esquisse d'am\u00e9nagement depuis la place de l'Arsenal vers la rue Saint-Michel.\" width=\"960\" height=\"640\"\/><br \/>\n    Esquisse d\u2019am\u00e9nagement depuis la place de l\u2019Arsenal vers la rue Saint-Michel. (\u00a9M\u00e9tropole du Grand Nancy)<\/p>\n<p class=\" wall-content\">Enti\u00e8rement<strong> remise \u00e0 plat<\/strong>, la rue va \u00eatre <strong>pav\u00e9e<\/strong> de fa\u00e7ade \u00e0 fa\u00e7ade. Pour rappeler l\u2019histoire des lieux, le trac\u00e9 de l\u2019ancienne rue et de la limite de l\u2019enceinte du 12\u1d49 si\u00e8cle sera marqu\u00e9 au sol avec une ligne pav\u00e9e de couleur diff\u00e9rente. Le projet comprend \u00e9galement de la <strong>v\u00e9g\u00e9talisation<\/strong> et l\u2019<strong>installation de bancs <\/strong>ainsi qu\u2019une place de stationnement PMR et trois d\u00e9pose-minutes.<\/p>\n<p>Circulation et stationnement modifi\u00e9s<\/p>\n<p class=\" wall-content\">L\u2019espace rues des Loups et Ren\u00e9 d\u2019Anjou va aussi \u00eatre modifi\u00e9. Outre la <strong>circulation qui va \u00eatre invers\u00e9e<\/strong>, le parvis de l\u2019\u00e9cole Saint Jean-Baptiste de la Salle va \u00eatre <strong>v\u00e9g\u00e9talis\u00e9<\/strong> et des bancs vont \u00eatre install\u00e9s. D\u2019autres espaces de v\u00e9g\u00e9talisation vont \u00eatre cr\u00e9\u00e9s de part et d\u2019autre des rues.<\/p>\n<p class=\" wall-content\">\n    <img   decoding=\"async\" loading=\"lazy\" src=\"https:\/\/www.europesays.com\/fr\/wp-content\/uploads\/2025\/06\/nancy-loups-anjou-960x640.jpg\" alt=\"Esquisse d'am\u00e9nagement depuis la place de l'Arsenal vers l'h\u00f4tel des Loups.\" width=\"960\" height=\"640\"\/><br \/>\n    Esquisse d\u2019am\u00e9nagement depuis la place de l\u2019Arsenal vers l\u2019h\u00f4tel des Loups. (\u00a9M\u00e9tropole du Grand Nancy)<br \/>\n    <img   decoding=\"async\" loading=\"lazy\" src=\"https:\/\/www.europesays.com\/fr\/wp-content\/uploads\/2025\/06\/anjou-loups-nancy-960x640.jpg\" alt=\"Esquisses d'am\u00e9nagement depuis la rue Ren\u00e9 d'Anjou et depuis la rue des Loups.\" width=\"960\" height=\"640\"\/><br \/>\n    Esquisses d\u2019am\u00e9nagement depuis la rue Ren\u00e9 d\u2019Anjou et depuis la rue des Loups. (\u00a9M\u00e9tropole du Grand Nancy)<\/p>\n<p class=\" wall-content\">On note par ailleurs des changements en termes de <strong>stationnement<\/strong> avec l\u2019<strong>agrandissement de l\u2019espace d\u00e9pose enfants<\/strong> et donc la perte de places destin\u00e9es aux r\u00e9sidents.<\/p>\n<p>La transformation de la place de l\u2019Arsenal<\/p>\n<p class=\" wall-content\">Au niveau de la <strong>place de l\u2019Arsenal<\/strong>, celle-ci se dessinera comme suit\u2009: \u00e0 l\u2019est et \u00e0 l\u2019ouest, un lieu d\u2019attente pour les parents de l\u2019\u00e9cole, un lieu de restauration au nord et un espace plus privatif au sud. Au centre, on y trouvera <strong>un lieu de convivialit\u00e9 avec trois terrasses<\/strong>.<\/p>\n<p class=\" wall-content\">La <strong>terrasse haute<\/strong> comprendra un <strong>espace terrasse<\/strong> pour le restaurant L\u2019Arsenal, un espace min\u00e9ral libre, un banc, un massif arbor\u00e9 ainsi qu\u2019une <strong>fontaine<\/strong>. La <strong>terrasse basse<\/strong> b\u00e9n\u00e9ficiera d\u2019un banc, d\u2019un espace min\u00e9ral libre et d\u2019un agrandissement de l\u2019espace v\u00e9g\u00e9talis\u00e9 existant. Enfin, la <strong>terrasse d\u2019accueil<\/strong> proposera un banc et un espace min\u00e9ral libre. \u00c0 noter que les pieds des diff\u00e9rentes fa\u00e7ades seront aussi v\u00e9g\u00e9talis\u00e9s.<\/p>\n<p>Combien va co\u00fbter le projet de transformation du secteur de la place de l\u2019Arsenal<\/p>\n<p class=\" wall-content\">C\u00f4t\u00e9 <strong>financier<\/strong>, la transformation de la place de l\u2019Arsenal est estim\u00e9e \u00e0 <strong>700\u2009000\u00a0euros<\/strong>. \u00c0 cela, il faut ajouter\u2009: <strong>190\u2009000\u00a0euros<\/strong> pour l\u2019adaptation des rues des Loups\/Anjou, <strong>70\u2009000\u00a0euros<\/strong> pour la rue des \u00c9tats,<strong> 360\u2009000\u00a0euros<\/strong> pour la rue Monseigneur Trouillet dans sa partie comprise entre la place Saint-Epvre et la rue Saint-Michel, ainsi que <strong>260\u2009000\u00a0euros<\/strong> pour la partie comprise entre la rue Saint-Michel et la place de l\u2019Arsenal.<\/p>\n<p class=\" wall-content\">Concernant le calendrier, les travaux <strong>ne d\u00e9buteront pas avant le mois de juin\u00a02026<\/strong>.<\/p>\n<p class=\" wall-content\">Suivez toute l\u2019actualit\u00e9 de vos villes et m\u00e9dias favoris en vous inscrivant \u00e0 <a href=\"https:\/\/moncompte.actu.fr\" title=\"D\u00e9couvez Mon Actu\" rel=\"nofollow noopener\" data-trk=\"{&quot;cta&quot;:{&quot;action&quot;:&quot;https:\\\/\\\/moncompte.actu.fr&quot;,&quot;category&quot;:&quot;mon compte&quot;,&quot;from&quot;:&quot;article footer&quot;,&quot;name&quot;:&quot;Mon actu&quot;,&quot;type&quot;:&quot;cta&quot;}}\" target=\"_blank\">Mon Actu<\/a>.<\/p>\n","protected":false},"excerpt":{"rendered":"Par Amandine Mehl Publi\u00e9 le 6 juin 2025 \u00e0 17h51 Apr\u00e8s la cr\u00e9ation du chemin pi\u00e9ton et plus&hellip;\n","protected":false},"author":2,"featured_media":156929,"comment_status":"","ping_status":"","sticky":false,"template":"","format":"standard","meta":{"footnotes":""},"categories":[9635],"tags":[1111,11,1777,674,1011,27,775,1702,12,25,104,2086,1352],"class_list":{"0":"post-156928","1":"post","2":"type-post","3":"status-publish","4":"format-standard","5":"has-post-thumbnail","7":"category-nancy","8":"tag-actu","9":"tag-actualites","10":"tag-eu","11":"tag-europe","12":"tag-fr","13":"tag-france","14":"tag-grand-est","15":"tag-nancy","16":"tag-news","17":"tag-republique-francaise","18":"tag-societe","19":"tag-travaux","20":"tag-urbanisme"},"share_on_mastodon":{"url":"https:\/\/pubeurope.com\/@fr\/114637394782986603","error":""},"_links":{"self":[{"href":"https:\/\/www.europesays.com\/fr\/wp-json\/wp\/v2\/posts\/156928","targetHints":{"allow":["GET"]}}],"collection":[{"href":"https:\/\/www.europesays.com\/fr\/wp-json\/wp\/v2\/posts"}],"about":[{"href":"https:\/\/www.europesays.com\/fr\/wp-json\/wp\/v2\/types\/post"}],"author":[{"embeddable":true,"href":"https:\/\/www.europesays.com\/fr\/wp-json\/wp\/v2\/users\/2"}],"replies":[{"embeddable":true,"href":"https:\/\/www.europesays.com\/fr\/wp-json\/wp\/v2\/comments?post=156928"}],"version-history":[{"count":0,"href":"https:\/\/www.europesays.com\/fr\/wp-json\/wp\/v2\/posts\/156928\/revisions"}],"wp:featuredmedia":[{"embeddable":true,"href":"https:\/\/www.europesays.com\/fr\/wp-json\/wp\/v2\/media\/156929"}],"wp:attachment":[{"href":"https:\/\/www.europesays.com\/fr\/wp-json\/wp\/v2\/media?parent=156928"}],"wp:term":[{"taxonomy":"category","embeddable":true,"href":"https:\/\/www.europesays.com\/fr\/wp-json\/wp\/v2\/categories?post=156928"},{"taxonomy":"post_tag","embeddable":true,"href":"https:\/\/www.europesays.com\/fr\/wp-json\/wp\/v2\/tags?post=156928"}],"curies":[{"name":"wp","href":"https:\/\/api.w.org\/{rel}","templated":true}]}}