{"id":156932,"date":"2025-06-06T16:37:11","date_gmt":"2025-06-06T16:37:11","guid":{"rendered":"https:\/\/www.europesays.com\/fr\/156932\/"},"modified":"2025-06-06T16:37:11","modified_gmt":"2025-06-06T16:37:11","slug":"elargissement-de-la57-une-inauguration-qui-ouvre-la-2x3-voies","status":"publish","type":"post","link":"https:\/\/www.europesays.com\/fr\/156932\/","title":{"rendered":"Elargissement de l\u2019A57 : une inauguration qui ouvre la 2&#215;3 voies"},"content":{"rendered":"<p><img loading=\"lazy\" decoding=\"async\" alt=\"\u00a9 O. R\u00e9al - Les arr\u00eats de bus sur l'autoroute, une r\u00e9alisation novatrice.\" data-zoom-src=\"https:\/\/www.europesays.com\/fr\/wp-content\/uploads\/2025\/06\/initial-bus-inauguration-a57-toulon.jpg\" data-zoomable=\"\" height=\"702\" src=\"https:\/\/www.europesays.com\/fr\/wp-content\/uploads\/2025\/06\/initial-bus-inauguration-a57-toulon.jpg\" width=\"1248\"\/>  <\/p>\n<p class=\"article-desc\">\u00a9 O. R\u00e9al &#8211; Les arr\u00eats de bus sur l&rsquo;autoroute, une r\u00e9alisation novatrice. <\/p>\n<p>Beaucoup de monde (\u00e9lus, entreprises, acteurs \u00e9conomiques, riverains, usagers\u2026)\u00a0autour de <a href=\"https:\/\/mesinfos.fr\/tag\/autoroute-a57\" rel=\"noopener\" target=\"_blank\">l\u2019autoroute A57<\/a>, sur la base vie d\u2019un grand chantier pour lequel <strong>Vinci Autoroutes<\/strong> a agi de main de ma\u00eetre d\u2019ouvrage, dans la concertation permanente avec <strong>le groupement NGE<\/strong> \u00e0 pied d\u2019\u0153uvre, les collectivit\u00e9s et les services de l\u2019Etat \u00e0 l\u2019\u00e9coute, dans la pr\u00e9occupation constante aussi des usagers de l\u2019autoroute (110 000 v\u00e9hicules par jour) et de la limitation des nuisances pour les riverains. <\/p>\n<p><strong>Quatre ans apr\u00e8s les premiers coups de pioche<\/strong>, dans des d\u00e9lais tenus et mieux encore, le ministre des Transports, Philippe Tabarot, est venu inaugurer l\u2019infrastructure, pr\u00e9sent\u00e9e comme <strong>une premi\u00e8re en France pour une autoroute conc\u00e9d\u00e9e <\/strong>s\u2019agissant des <strong>deux arr\u00eats de bus<\/strong> cr\u00e9\u00e9s sur l\u2019A57, en lien direct avec le <strong>p\u00f4le d\u2019\u00e9change multimodal de Sainte-Musse<\/strong>. Une chance pour le transport collectif local <a href=\"https:\/\/mesinfos.fr\/provence-alpes-cote-d-azur\/toulon-provence-mediterranee-le-debut-des-travaux-du-bhns-pour-fin-2025-220848.html\" rel=\"noopener\" target=\"_blank\">dans l\u2019attente d\u2019un BHNS<\/a>, et dont l\u2019apport en fluidit\u00e9 de trafic est l\u2019objectif majeur, concourant \u00e0 l\u2019attractivit\u00e9 du territoire. Essentiel pour faire avancer le d\u00e9veloppement \u00e9conomique. <\/p>\n<p>A57 : la vitesse finalement fix\u00e9e \u00e0 90 km\/heure <\/p>\n<blockquote>\n<p>\u00ab C\u2019est une tr\u00e8s belle journ\u00e9e pour les transports \u00e0 Toulon, dans la m\u00e9tropole, \u00e0 l\u2019\u00e9chelle du Var et sur le plan national car cet exemple va faire jurisprudence \u00bb, selon le ministre des Transports Philippe Tabarot. <\/p>\n<\/blockquote>\n<p>\u00ab Faire des chantiers demande de la p\u00e9dagogie de la part des exploitants. Ici, cela a \u00e9t\u00e9 exceptionnel \u00bb, a-t-il \u00e9galement soulign\u00e9, tout en annon\u00e7ant que <strong>la vitesse limite serait de 90 km\/heure sur le tron\u00e7on \u00e9largi<\/strong>.<\/p>\n<p> <img decoding=\"async\" alt=\"\" data-zoomable=\"\" loading=\"lazy\" src=\"https:\/\/www.europesays.com\/fr\/wp-content\/uploads\/2025\/06\/inauguration-a57-toulon-tabarot.JPG\" width=\"100%\"\/> \u00a9 O. R\u00e9al &#8211; Le ministre des Transports Philippe Tabarot avait fait le d\u00e9placement pour l\u2019inauguration. <\/p>\n<p>Nicolas Notebaert, pr\u00e9sident de Vinci Autoroutes et directeur g\u00e9n\u00e9ral concessions de Vinci, a rappel\u00e9 pour sa part que \u00ab\u00a0le cadre contractuel des concessions a permis cette r\u00e9alisation et un investissement de 300 millions d\u2019euros\u00a0\u00bb (incluant tous les am\u00e9nagements alentours), pr\u00e9cisant entre autres propos qu\u2019il s\u2019agit <strong>d\u2019une op\u00e9ration \u00e0 4 voies et non 3<\/strong> avec les fameux bus sur la bande d\u2019arr\u00eat d\u2019urgence. <\/p>\n<p>Les promesses tenues de l&rsquo;\u00e9largissement de l&rsquo;A57 <\/p>\n<p>Dans la r\u00e9ussite de <strong>ce chantier tr\u00e8s complexe sur sept kilom\u00e8tres en tissu urbain<\/strong> et sans interrompre l\u2019usage de jour, la m\u00e9thode et le professionnalisme d\u2019une large ressource humaine ont fait honneur aux travaux publics, sous la conduite \u00e9clair\u00e9e de Salvador Nunez,\u00a0directeur op\u00e9rationnel Vinci Autoroutes pour le grand Sud.<\/p>\n<blockquote>\n<p>\u00ab\u00a0Quand cela se passe bien, on ne voit pas le travail derri\u00e8re, et pourtant je peux vous dire qu\u2019il y en a eu\u00a0\u00bb, a expliqu\u00e9 celui-ci dans le film qui \u00e9tait diffus\u00e9, confiant son \u00e9motion au moment de terminer un bout de vie hors du commun. <\/p>\n<\/blockquote>\n<p>Destructions spectaculaires d\u2019ouvrages, puis reconstructions, en premier lieu <a href=\"https:\/\/mesinfos.fr\/provence-alpes-cote-d-azur\/elargissement-de-la57-deconstruction-de-l-ancien-pont-des-fourches-120364.html\" rel=\"noopener\" target=\"_blank\">les ponts des Fourches<\/a> et du <a href=\"https:\/\/mesinfos.fr\/83160-la-valette-du-var\/la-valette-et-le-tombadou-tomba-194984.html\" rel=\"noopener\" target=\"_blank\">Tombadou<\/a> \u00e0 La Valette, sous les yeux de la population invit\u00e9e au spectacle (en toute s\u00e9curit\u00e9), <a href=\"https:\/\/mesinfos.fr\/83000-toulon\/a57-pour-faire-un-arbre-dieu-que-c-est-long-199411.html\" rel=\"noopener\" target=\"_blank\">d\u00e9racinement puis replantation<\/a> apr\u00e8s trois ann\u00e9es en couveuses de plus de 200 palmiers et oliviers le long du parcours, doublement du nombre de personnes initialement pr\u00e9vues en <a href=\"https:\/\/mesinfos.fr\/83000-toulon\/toulon-sur-l-a57-le-chantier-de-l-insertion-est-une-reussite-220241.html\" rel=\"noopener\" target=\"_blank\">clauses d\u2019insertion<\/a>, am\u00e9lioration de l\u2019isolation phonique de plus de 3 000 foyers\u2026 <strong>nombre de promesses ont \u00e9t\u00e9 tenues, y compris celles qui n\u2019avaient pas \u00e9t\u00e9 faites.<\/strong> <\/p>\n<p>Il est ais\u00e9 de comprendre que ce geste inaugural \u00e9tait jour de f\u00eate, justement, augment\u00e9 d\u2019un l\u00e9gitime pincement au c\u0153ur pour toutes celles et ceux qui ont mis leur pierre \u00e0 l\u2019\u00e9difice afin que tout roule parfaitement.<\/p>\n","protected":false},"excerpt":{"rendered":"\u00a9 O. R\u00e9al &#8211; Les arr\u00eats de bus sur l&rsquo;autoroute, une r\u00e9alisation novatrice. Beaucoup de monde (\u00e9lus, entreprises,&hellip;\n","protected":false},"author":2,"featured_media":156933,"comment_status":"","ping_status":"","sticky":false,"template":"","format":"standard","meta":{"footnotes":""},"categories":[9619],"tags":[1111,11,11364,1777,674,1011,27,12,28781,28780,882,25,2310,11363],"class_list":{"0":"post-156932","1":"post","2":"type-post","3":"status-publish","4":"format-standard","5":"has-post-thumbnail","7":"category-toulon","8":"tag-actu","9":"tag-actualites","10":"tag-autoroute-a57","11":"tag-eu","12":"tag-europe","13":"tag-fr","14":"tag-france","15":"tag-news","16":"tag-nge","17":"tag-philippe-tabarot","18":"tag-provence-alpes-cote-dazur","19":"tag-republique-francaise","20":"tag-toulon","21":"tag-vinci-autoroutes"},"share_on_mastodon":{"url":"https:\/\/pubeurope.com\/@fr\/114637402499758756","error":""},"_links":{"self":[{"href":"https:\/\/www.europesays.com\/fr\/wp-json\/wp\/v2\/posts\/156932","targetHints":{"allow":["GET"]}}],"collection":[{"href":"https:\/\/www.europesays.com\/fr\/wp-json\/wp\/v2\/posts"}],"about":[{"href":"https:\/\/www.europesays.com\/fr\/wp-json\/wp\/v2\/types\/post"}],"author":[{"embeddable":true,"href":"https:\/\/www.europesays.com\/fr\/wp-json\/wp\/v2\/users\/2"}],"replies":[{"embeddable":true,"href":"https:\/\/www.europesays.com\/fr\/wp-json\/wp\/v2\/comments?post=156932"}],"version-history":[{"count":0,"href":"https:\/\/www.europesays.com\/fr\/wp-json\/wp\/v2\/posts\/156932\/revisions"}],"wp:featuredmedia":[{"embeddable":true,"href":"https:\/\/www.europesays.com\/fr\/wp-json\/wp\/v2\/media\/156933"}],"wp:attachment":[{"href":"https:\/\/www.europesays.com\/fr\/wp-json\/wp\/v2\/media?parent=156932"}],"wp:term":[{"taxonomy":"category","embeddable":true,"href":"https:\/\/www.europesays.com\/fr\/wp-json\/wp\/v2\/categories?post=156932"},{"taxonomy":"post_tag","embeddable":true,"href":"https:\/\/www.europesays.com\/fr\/wp-json\/wp\/v2\/tags?post=156932"}],"curies":[{"name":"wp","href":"https:\/\/api.w.org\/{rel}","templated":true}]}}