{"id":156938,"date":"2025-06-06T16:40:29","date_gmt":"2025-06-06T16:40:29","guid":{"rendered":"https:\/\/www.europesays.com\/fr\/156938\/"},"modified":"2025-06-06T16:40:29","modified_gmt":"2025-06-06T16:40:29","slug":"en-seine-maritime-pres-de-400-poules-risquent-labattoir-voici-comment-les-sauver","status":"publish","type":"post","link":"https:\/\/www.europesays.com\/fr\/156938\/","title":{"rendered":"En Seine-Maritime, pr\u00e8s de 400 poules risquent l&rsquo;abattoir : voici comment les sauver"},"content":{"rendered":"<p>            Par<br \/>\n        <strong><br \/>\n            <a href=\"https:\/\/actu.fr\/auteur\/adrien-filoche\" title=\"Consulter tous les articles de Adrien Filoche\" rel=\"nofollow noopener\" target=\"_blank\">Adrien Filoche<\/a><br \/>\n        <\/strong><\/p>\n<p>        Publi\u00e9 le<\/p>\n<p>            4 juin 2025 \u00e0 20h13        <\/p>\n<p><strong>Et si vous adoptiez des poules\u2009?<\/strong> L\u2019association La Voix de Poules organise en <a href=\"https:\/\/actu.fr\/normandie\/seine-maritime_76\" rel=\"nofollow noopener\" target=\"_blank\">Seine-Maritime<\/a> un nouveau sauvetage de<strong> poules de r\u00e9forme<\/strong>, des gallinac\u00e9es initialement destin\u00e9es \u00e0 l\u2019abattoir apr\u00e8s 18\u00a0mois de dur labeur. Au total, <strong>plus de 400 poules<\/strong> seront disponibles \u00e0 l\u2019adoption pour les particuliers. Deux ventes sont organis\u00e9es \u00e0 Limpiville, entre <a href=\"https:\/\/actu.fr\/normandie\/yvetot_76758\" rel=\"nofollow noopener\" target=\"_blank\">Yvetot<\/a> et <a href=\"https:\/\/actu.fr\/normandie\/fecamp_76259\" rel=\"nofollow noopener\" target=\"_blank\">F\u00e9camp<\/a>, le vendredi 6 juin et le samedi 7 juin 2025 entre 8h et 12h. On vous explique comment cela fonctionne.<\/p>\n<p>Comment adopter une poule\u2009?<\/p>\n<p class=\" wall-content\">Contraint de renouveler ses poules afin de r\u00e9pondre aux normes en vigueur, un \u00e9leveur normand a pris attache avec l\u2019association La Voix des Poules pour <strong>permettre \u00e0 ces animaux d\u2019\u00e9viter l\u2019abattoir.<\/strong><\/p>\n<p class=\" wall-content\">\u00ab\u2009Ce seront des poules de la race Lohmann bio\u2009\u00bb, note Emma de l\u2019association La Voix des Poules, pr\u00e9cisant que \u00ab\u2009ce sont des tr\u00e8s bonnes pondeuses\u2009\u00bb. Ainsi, vous pouvez esp\u00e9rer <strong>un \u0153uf tous les jours ou un jour sur deux.<\/strong><\/p>\n<blockquote class=\"ac-article-quote wall-content\">\n<p>Chaque adoption contribue \u00e0 r\u00e9duire la demande de poules en batterie, ce qui va inciter les producteurs et les \u00e9leveurs \u00e0 am\u00e9liorer les futures conditions de vie des animaux.<\/p>\n<p>    <strong>Emma,<\/strong><br \/>\n        de l&rsquo;association La Voix de Poules    <\/p><\/blockquote>\n<p class=\" wall-content\">\u00ab\u2009En plus de leur offrir une retraite heureuse, vous pourrez \u00e9galement profiter d\u2019\u0153ufs frais produits par vos poules\u2009\u00bb, souligne Emma. Elle pr\u00e9cise par ailleurs qu\u2019une poule \u00ab\u2009ne peut pas \u00eatre adopt\u00e9e seule. Si elle se retrouve seule, elle va d\u00e9primer et se laisser mourir\u2009\u00bb.<\/p>\n<p>Vid\u00e9os : en ce moment sur Actu<\/p>\n<p class=\" wall-content\"><strong>Le prix d\u2019une poule est de 4\u00a0euros.<\/strong> \u00ab\u2009L\u2019adresse exacte du lieu de l\u2019\u00e9v\u00e9nement sera transmise la veille des \u00e9v\u00e9nements aux personnes ayant r\u00e9serv\u00e9 via notre site internet pour cet \u00e9v\u00e9nement\u2009\u00bb, pr\u00e9cise Emma.<\/p>\n<p class=\" wall-content\">En avril dernier, l\u2019association avait d\u00e9j\u00e0 permis l\u2019adoption de nombreuses poules lors <a href=\"https:\/\/actu.fr\/normandie\/yvetot_76758\/envie-de-sauver-des-poules-de-l-abattoir-en-seine-maritime-on-vous-explique-comment-ca-marche_62522974.html\" rel=\"nofollow noopener\" target=\"_blank\">d\u2019une vente organis\u00e9e \u00e0 proximit\u00e9 d\u2019Yvetot.<\/a><\/p>\n<p>Pour r\u00e9server, il suffit de se rendre sur <a href=\"https:\/\/www.lavoixdespoules.com\/demander-un-evenement\/\" rel=\"nofollow noopener\" target=\"_blank\">le site de l\u2019association, en lien.<\/a><\/p>\n<p class=\" wall-content\">Suivez toute l\u2019actualit\u00e9 de vos villes et m\u00e9dias favoris en vous inscrivant \u00e0 <a href=\"https:\/\/moncompte.actu.fr\" title=\"D\u00e9couvez Mon Actu\" rel=\"nofollow noopener\" data-trk=\"{&quot;cta&quot;:{&quot;action&quot;:&quot;https:\\\/\\\/moncompte.actu.fr&quot;,&quot;category&quot;:&quot;mon compte&quot;,&quot;from&quot;:&quot;article footer&quot;,&quot;name&quot;:&quot;Mon actu&quot;,&quot;type&quot;:&quot;cta&quot;}}\" target=\"_blank\">Mon Actu<\/a>.<\/p>\n","protected":false},"excerpt":{"rendered":"Par Adrien Filoche Publi\u00e9 le 4 juin 2025 \u00e0 20h13 Et si vous adoptiez des poules\u2009? L\u2019association La&hellip;\n","protected":false},"author":2,"featured_media":156939,"comment_status":"","ping_status":"","sticky":false,"template":"","format":"standard","meta":{"footnotes":""},"categories":[9587],"tags":[1111,11,327,1777,674,1011,27,1757,12,5161,25,9590,104],"class_list":{"0":"post-156938","1":"post","2":"type-post","3":"status-publish","4":"format-standard","5":"has-post-thumbnail","7":"category-rouen","8":"tag-actu","9":"tag-actualites","10":"tag-agriculture","11":"tag-eu","12":"tag-europe","13":"tag-fr","14":"tag-france","15":"tag-insolite","16":"tag-news","17":"tag-normandie","18":"tag-republique-francaise","19":"tag-rouen","20":"tag-societe"},"share_on_mastodon":{"url":"https:\/\/pubeurope.com\/@fr\/114637414327659710","error":""},"_links":{"self":[{"href":"https:\/\/www.europesays.com\/fr\/wp-json\/wp\/v2\/posts\/156938","targetHints":{"allow":["GET"]}}],"collection":[{"href":"https:\/\/www.europesays.com\/fr\/wp-json\/wp\/v2\/posts"}],"about":[{"href":"https:\/\/www.europesays.com\/fr\/wp-json\/wp\/v2\/types\/post"}],"author":[{"embeddable":true,"href":"https:\/\/www.europesays.com\/fr\/wp-json\/wp\/v2\/users\/2"}],"replies":[{"embeddable":true,"href":"https:\/\/www.europesays.com\/fr\/wp-json\/wp\/v2\/comments?post=156938"}],"version-history":[{"count":0,"href":"https:\/\/www.europesays.com\/fr\/wp-json\/wp\/v2\/posts\/156938\/revisions"}],"wp:featuredmedia":[{"embeddable":true,"href":"https:\/\/www.europesays.com\/fr\/wp-json\/wp\/v2\/media\/156939"}],"wp:attachment":[{"href":"https:\/\/www.europesays.com\/fr\/wp-json\/wp\/v2\/media?parent=156938"}],"wp:term":[{"taxonomy":"category","embeddable":true,"href":"https:\/\/www.europesays.com\/fr\/wp-json\/wp\/v2\/categories?post=156938"},{"taxonomy":"post_tag","embeddable":true,"href":"https:\/\/www.europesays.com\/fr\/wp-json\/wp\/v2\/tags?post=156938"}],"curies":[{"name":"wp","href":"https:\/\/api.w.org\/{rel}","templated":true}]}}