{"id":156945,"date":"2025-06-06T16:45:17","date_gmt":"2025-06-06T16:45:17","guid":{"rendered":"https:\/\/www.europesays.com\/fr\/156945\/"},"modified":"2025-06-06T16:45:17","modified_gmt":"2025-06-06T16:45:17","slug":"les-pompiers-et-grdf-mobilises-en-centre-ville-pour-une-legere-fuite-de-gaz-dans-un-restaurant","status":"publish","type":"post","link":"https:\/\/www.europesays.com\/fr\/156945\/","title":{"rendered":"les pompiers et GRDF mobilis\u00e9s en centre-ville pour une \u00ab\u00a0l\u00e9g\u00e8re fuite\u00a0\u00bb de gaz dans un restaurant"},"content":{"rendered":"<p>            Par<br \/>\n        <strong><br \/>\n            <a href=\"https:\/\/actu.fr\/auteur\/clemence-pays02-actu-fr\" title=\"Consulter tous les articles de Cl\u00e9mence Pays\" rel=\"nofollow noopener\" target=\"_blank\">Cl\u00e9mence Pays<\/a><br \/>\n        <\/strong><\/p>\n<p>        Publi\u00e9 le<\/p>\n<p>            6 juin 2025 \u00e0 18h14        <\/p>\n<p>Les passants de la rue Saint-Georges et du Parlement de Bretagne ont pu \u00eatre \u00e9tonn\u00e9s, vendredi 6\u00a0juin apr\u00e8s-midi. En se promenant dans le quartier, un Rennais est tomb\u00e9 nez \u00e0 nez face \u00e0 un dispositif impressionnant de <strong>plusieurs camions de pompiers<\/strong> et <strong>des v\u00e9hicules GRDF \u00ab\u2009urgences gaz\u2009\u00bb.<\/strong><\/p>\n<p>Une fuite dans un restaurant<\/p>\n<p class=\" wall-content\">Contact\u00e9, le Centre op\u00e9rationnel d\u00e9partemental d\u2019incendie et de secours (Codis) a <strong>confirm\u00e9 \u00eatre intervenu.<\/strong><\/p>\n<p class=\" wall-content\">\u00ab\u2009Il s\u2019agissait d\u2019une <strong>l\u00e9g\u00e8re fuite sur un ustensile de cuisine,<\/strong> dans un restaurant\u2009\u00bb, expliquent les sapeurs-pompiers. Ferm\u00e9 au public \u00e0 cette heure-l\u00e0, l\u2019\u00e9tablissement n\u2019a <strong>pas n\u00e9cessit\u00e9 d\u2019\u00e9vacuation.<\/strong><\/p>\n<p class=\" wall-content\"><strong>Aucun bless\u00e9<\/strong> n\u2019est \u00e0 d\u00e9plorer.<\/p>\n<p class=\" wall-content\">Suivez toute l\u2019actualit\u00e9 de vos villes et m\u00e9dias favoris en vous inscrivant \u00e0 <a href=\"https:\/\/moncompte.actu.fr\" title=\"D\u00e9couvez Mon Actu\" rel=\"nofollow noopener\" data-trk=\"{&quot;cta&quot;:{&quot;action&quot;:&quot;https:\\\/\\\/moncompte.actu.fr&quot;,&quot;category&quot;:&quot;mon compte&quot;,&quot;from&quot;:&quot;article footer&quot;,&quot;name&quot;:&quot;Mon actu&quot;,&quot;type&quot;:&quot;cta&quot;}}\" target=\"_blank\">Mon Actu<\/a>.<\/p>\n","protected":false},"excerpt":{"rendered":"Par Cl\u00e9mence Pays Publi\u00e9 le 6 juin 2025 \u00e0 18h14 Les passants de la rue Saint-Georges et du&hellip;\n","protected":false},"author":2,"featured_media":156946,"comment_status":"","ping_status":"","sticky":false,"template":"","format":"standard","meta":{"footnotes":""},"categories":[2821],"tags":[1111,11,829,1777,674,118,1011,27,843,12,1311,584,25],"class_list":{"0":"post-156945","1":"post","2":"type-post","3":"status-publish","4":"format-standard","5":"has-post-thumbnail","7":"category-rennes","8":"tag-actu","9":"tag-actualites","10":"tag-bretagne","11":"tag-eu","12":"tag-europe","13":"tag-faits-divers","14":"tag-fr","15":"tag-france","16":"tag-gaz","17":"tag-news","18":"tag-pompiers","19":"tag-rennes","20":"tag-republique-francaise"},"share_on_mastodon":{"url":"https:\/\/pubeurope.com\/@fr\/114637434077813757","error":""},"_links":{"self":[{"href":"https:\/\/www.europesays.com\/fr\/wp-json\/wp\/v2\/posts\/156945","targetHints":{"allow":["GET"]}}],"collection":[{"href":"https:\/\/www.europesays.com\/fr\/wp-json\/wp\/v2\/posts"}],"about":[{"href":"https:\/\/www.europesays.com\/fr\/wp-json\/wp\/v2\/types\/post"}],"author":[{"embeddable":true,"href":"https:\/\/www.europesays.com\/fr\/wp-json\/wp\/v2\/users\/2"}],"replies":[{"embeddable":true,"href":"https:\/\/www.europesays.com\/fr\/wp-json\/wp\/v2\/comments?post=156945"}],"version-history":[{"count":0,"href":"https:\/\/www.europesays.com\/fr\/wp-json\/wp\/v2\/posts\/156945\/revisions"}],"wp:featuredmedia":[{"embeddable":true,"href":"https:\/\/www.europesays.com\/fr\/wp-json\/wp\/v2\/media\/156946"}],"wp:attachment":[{"href":"https:\/\/www.europesays.com\/fr\/wp-json\/wp\/v2\/media?parent=156945"}],"wp:term":[{"taxonomy":"category","embeddable":true,"href":"https:\/\/www.europesays.com\/fr\/wp-json\/wp\/v2\/categories?post=156945"},{"taxonomy":"post_tag","embeddable":true,"href":"https:\/\/www.europesays.com\/fr\/wp-json\/wp\/v2\/tags?post=156945"}],"curies":[{"name":"wp","href":"https:\/\/api.w.org\/{rel}","templated":true}]}}