{"id":156947,"date":"2025-06-06T16:46:11","date_gmt":"2025-06-06T16:46:11","guid":{"rendered":"https:\/\/www.europesays.com\/fr\/156947\/"},"modified":"2025-06-06T16:46:11","modified_gmt":"2025-06-06T16:46:11","slug":"braderie-fete-du-the-pride-festival-que-faire-a-rennes-ce-week-end-nos-idees-de-sorties","status":"publish","type":"post","link":"https:\/\/www.europesays.com\/fr\/156947\/","title":{"rendered":"Braderie, f\u00eate du th\u00e9, Pride, festival\u2026 Que faire \u00e0 Rennes ce week-end ? Nos id\u00e9es de sorties"},"content":{"rendered":"<p>            Par<br \/>\n        <strong><br \/>\n            <a href=\"https:\/\/actu.fr\/auteur\/brian-legoff\" title=\"Consulter tous les articles de Brian Le Goff\" rel=\"nofollow noopener\" target=\"_blank\">Brian Le Goff<\/a><br \/>\n        <\/strong><\/p>\n<p>        Publi\u00e9 le<\/p>\n<p>            6 juin 2025 \u00e0 18h32        <\/p>\n<p>\u00c0 Rennes, ce samedi\u00a07 et dimanche 8\u00a0juin, le programme sera encore culturellement riche. Il y aura de la <strong>musique,<\/strong> de quoi faire <strong>de bonnes affaires.<\/strong> Le week-end sera \u00e9galement consacr\u00e9 <strong>aux saveurs culinaires.<\/strong> La r\u00e9daction d\u2019<a href=\"https:\/\/actu.fr\/rennes\/\" rel=\"nofollow noopener\" target=\"_blank\">actu Rennes<\/a> s\u2019est pench\u00e9e sur les sorties \u00e0 ne pas louper ce week-end, les voici.<\/p>\n<p>Tout le week-end<\/p>\n<ul class=\" wall-content\">\n<li><strong>Jazz \u00e0 la Harpe<\/strong><br \/>Le festival Jazz \u00e0 la Harpe revient pour une 24\u1d49 \u00e9dition jusqu\u2019au dimanche 8 juin avec une programmation pointue, entre\u00a0<strong>t\u00eates d\u2019affiche et jeunes talents.<\/strong>\u00a0Concerts en plein air, jam sessions, expositions\u2026 Le quartier de la Harpe vibrera tout le week-end au rythme du jazz.<\/li>\n<\/ul>\n<p>    <a href=\"https:\/\/www.facebook.com\/plugins\/post.php?href=https%3A%2F%2Fwww.facebook.com%2FJazzalaharpe%2Fposts%2Fpfbid02oq5oBTt1YuFfdAKDmj7skbk9CnEp2BUsUUDdNexm5MYyrKUBo9wyRQgWJEQFR5yHl&amp;show_text=true&amp;width=350\" title=\"Ouvrie le lien\" rel=\"nofollow noopener\" target=\"_blank\">Cliquez ici pour visualiser le contenu<\/a><\/p>\n<p>Ferme de la Harpe, jusqu\u2019au dimanche 8 juin, programme sur\u00a0<a href=\"http:\/\/www.jazzalaharpe.com\/?fbclid=IwY2xjawKv31RleHRuA2FlbQIxMABicmlkETFZTlVlWENrRExRNlRsUW4wAR4Db3P4VTmYDgLf3GlEOB7kwLDGvZ6l1HTOVlO679bKeRtnSe326R0TLgwuYg_aem_tcFmcnVx49OUXBUWuiaCfQ\" rel=\"nofollow noopener\" target=\"_blank\">jazzalaharpe.fr<\/a>.<\/p>\n<p>\u00a0<\/p>\n<ul class=\" wall-content\">\n<li><strong>Flux comedy Club<\/strong><br \/>Ce week-end, le Flux Comedy Club se produit, <strong>vendredi 6 juin, \u00e0 La Basse Cour<\/strong> avec une session \u00e0 <strong>19h<\/strong> et une autre \u00e0 <strong>21h<\/strong>. Vous d\u00e9couvrirez trois humoristes. La r\u00e9servation est gratuite via <a href=\"https:\/\/www.helloasso.com\/associations\/theatre-de-la-confiserie\/evenements\/le-flux-comedy-club-a-la-basse-cour-35?fbclid=PAZXh0bgNhZW0CMTEAAaeJohaVzN26xXVSYrWDViZE324dAZpZwGxPaolJiLl86NrR8oKI8W2NtOkibQ_aem_DKkRRk5KMdS4laYTc5_hlA\" rel=\"nofollow noopener\" target=\"_blank\">Helloasso<\/a> avec une sortie \u00e0 prix libre.<\/li>\n<\/ul>\n<p class=\" wall-content\"><a href=\"https:\/\/www.instagram.com\/p\/DKHuQo9NmjB\/embed\" title=\"Ouvrir le lien sur Instagram\" rel=\"nofollow noopener\" target=\"_blank\">Visualiser le contenu sur Instagram<\/a><\/p>\n<p class=\" wall-content\"><strong>Samedi 7 juin,<\/strong> ce sera \u00e0 la<strong> brasserie Skumenn,<\/strong> \u00e0 Cesson-S\u00e9vign\u00e9, avec \u00e9galement deux sessions <strong>\u00e0 18h et 21h<\/strong>. Il y aura aussi trois humoristes et un ou une invit\u00e9e surprise. La r\u00e9servation est gratuite par t\u00e9l\u00e9phone, au 06 07 88 44 93 avec une sortie \u00e0 prix libre. Bar et restauration sur place.<\/p>\n<p>Samedi 7\u00a0juin<\/p>\n<ul class=\" wall-content\">\n<li><strong>La Marche des Fiert\u00e9s<\/strong><br \/>C\u2019est l\u2019un des rendez-vous les plus attendus du mois de juin \u00e0 Rennes :<a href=\"https:\/\/actu.fr\/bretagne\/rennes_35238\/la-pride-a-rennes-ce-samedi-7-juin-parcours-programme-festivites-voici-ce-qui-est-prevu-ce-week-end_62736263.html\" rel=\"nofollow noopener\" target=\"_blank\"><strong>\u2009la Pride est de retour ce samedi<\/strong><\/a> !\u2009Organis\u00e9e par le Centre LGBTI+ de Rennes, la Marche des Fiert\u00e9s d\u00e9butera \u00e0 14h, esplanade Charles-de-Gaulle.<\/li>\n<\/ul>\n<p>    <img   decoding=\"async\" loading=\"lazy\" src=\"https:\/\/www.europesays.com\/fr\/wp-content\/uploads\/2025\/06\/pride-rennes-marche-des-fiertes-2024-960x640.jpg\" alt=\"....\" width=\"960\" height=\"640\"\/><br \/>\n    La Pride d\u00e9butera sur l\u2019esplanade Charles-de-Gaulle, ce samedi 7 juin 2025. (Archives \u00a9 Laure Gentil \/ actu Rennes)<\/p>\n<p class=\" wall-content\">Au programme :\u2009discours, musique, <strong>cort\u00e8ge color\u00e9<\/strong> et <strong>revendications fortes<\/strong> pour les droits des personnes LGBTQIA+. L\u2019occasion de c\u00e9l\u00e9brer la diversit\u00e9 dans une ambiance festive et solidaire.<\/p>\n<p>D\u00e9part : esplanade Charles de Gaulle, samedi 7 juin, \u00e0 14h.<\/p>\n<p>Dimanche 8 juin<\/p>\n<ul class=\" wall-content\">\n<li><strong>Braderie Sainte-Th\u00e9r\u00e8se<\/strong><br \/>Amateurs de bonnes affaires, direction le quartier Sainte-Th\u00e9r\u00e8se pour sa traditionnelle braderie.<strong> V\u00eatements, livres, jouets, objets vintage\u2026<\/strong> Les trottoirs se transforment en brocante g\u00e9ante. Une ambiance conviviale, port\u00e9e par les habitants et les commer\u00e7ants du quartier.<\/li>\n<\/ul>\n<p>    <a href=\"https:\/\/www.facebook.com\/plugins\/post.php?href=https%3A%2F%2Fwww.facebook.com%2FMQSTherese%2Fposts%2Fpfbid0T8KUiMU9ZTyJoyxnSBwzgBnoRycehLy7T3uxYeApWycShinpF8uKGVT5AX7i3gkul&amp;show_text=true&amp;width=350\" title=\"Ouvrie le lien\" rel=\"nofollow noopener\" target=\"_blank\">Cliquez ici pour visualiser le contenu<\/a><\/p>\n<p>Quartier Sainte-Th\u00e9r\u00e8se, dimanche 8 juin, toute la journ\u00e9e.<\/p>\n<ul class=\" wall-content\">\n<li><strong>Refugee Food Festival<\/strong><br \/>Le Refugee Food Festival revient \u00e0 Rennes \u00e0 partir du dimanche 8 juin et met \u00e0 l\u2019honneur des cuisiniers r\u00e9fugi\u00e9s venus du monde entier. Des restaurants locaux ouvrent leurs cuisines \u00e0<strong> ces talents venus d\u2019ailleurs<\/strong>, pour proposer des menus in\u00e9dits aux saveurs <strong>syriennes, afghanes, soudanaises<\/strong> ou encore tib\u00e9taines<strong>.<\/strong> Un voyage culinaire et solidaire \u00e0 ne pas manquer.<\/li>\n<\/ul>\n<p class=\" wall-content\"><a href=\"https:\/\/www.instagram.com\/p\/DKfC3WyBHPT\/embed\" title=\"Ouvrir le lien sur Instagram\" rel=\"nofollow noopener\" target=\"_blank\">Visualiser le contenu sur Instagram<\/a><\/p>\n<p>Plusieurs restaurants \u00e0 Rennes (La Basse Cour, La Petite Ourse, Grabuge), du 8 au 14 juin.<br \/>\nProgramme complet sur <a href=\"https:\/\/festival.refugee-food.org\/rennes\" rel=\"nofollow noopener\" target=\"_blank\">refugeefoodfestival.com<\/a>.<\/p>\n<ul class=\" wall-content\">\n<li><strong>F\u00eate du Th\u00e9<\/strong><br \/>Curieux(se) de d\u00e9couvrir les multiples facettes du th\u00e9 ? La F\u00eate du Th\u00e9 vous invite \u00e0 des d\u00e9gustations, des ateliers et des rencontres avec des producteurs et passionn\u00e9s. Un \u00e9v\u00e9nement paisible et sensoriel, \u00e0 savourer dans le cadre verdoyant du parc de Maurepas.<\/li>\n<\/ul>\n<p class=\" wall-content\"><a href=\"https:\/\/www.instagram.com\/p\/DKeSsFIioF2\/embed\" title=\"Ouvrir le lien sur Instagram\" rel=\"nofollow noopener\" target=\"_blank\">Visualiser le contenu sur Instagram<\/a><\/p>\n<p>Parc de Maurepas, dimanche 8 juin et lundi 9 juin, de 14h \u00e0 18h.<\/p>\n<p class=\" wall-content\">Suivez toute l\u2019actualit\u00e9 de vos villes et m\u00e9dias favoris en vous inscrivant \u00e0 <a href=\"https:\/\/moncompte.actu.fr\" title=\"D\u00e9couvez Mon Actu\" rel=\"nofollow noopener\" data-trk=\"{&quot;cta&quot;:{&quot;action&quot;:&quot;https:\\\/\\\/moncompte.actu.fr&quot;,&quot;category&quot;:&quot;mon compte&quot;,&quot;from&quot;:&quot;article footer&quot;,&quot;name&quot;:&quot;Mon actu&quot;,&quot;type&quot;:&quot;cta&quot;}}\" target=\"_blank\">Mon Actu<\/a>.<\/p>\n<p>                    <script async src=\"\/\/www.instagram.com\/embed.js\"><\/script><\/p>\n","protected":false},"excerpt":{"rendered":"Par Brian Le Goff Publi\u00e9 le 6 juin 2025 \u00e0 18h32 \u00c0 Rennes, ce samedi\u00a07 et dimanche 8\u00a0juin,&hellip;\n","protected":false},"author":2,"featured_media":156948,"comment_status":"","ping_status":"","sticky":false,"template":"","format":"standard","meta":{"footnotes":""},"categories":[2821],"tags":[1111,11,1063,829,1777,674,1011,27,1305,12,584,25,853],"class_list":{"0":"post-156947","1":"post","2":"type-post","3":"status-publish","4":"format-standard","5":"has-post-thumbnail","7":"category-rennes","8":"tag-actu","9":"tag-actualites","10":"tag-animations","11":"tag-bretagne","12":"tag-eu","13":"tag-europe","14":"tag-fr","15":"tag-france","16":"tag-lifestyle","17":"tag-news","18":"tag-rennes","19":"tag-republique-francaise","20":"tag-spectacles"},"share_on_mastodon":{"url":"https:\/\/pubeurope.com\/@fr\/114637437950474219","error":""},"_links":{"self":[{"href":"https:\/\/www.europesays.com\/fr\/wp-json\/wp\/v2\/posts\/156947","targetHints":{"allow":["GET"]}}],"collection":[{"href":"https:\/\/www.europesays.com\/fr\/wp-json\/wp\/v2\/posts"}],"about":[{"href":"https:\/\/www.europesays.com\/fr\/wp-json\/wp\/v2\/types\/post"}],"author":[{"embeddable":true,"href":"https:\/\/www.europesays.com\/fr\/wp-json\/wp\/v2\/users\/2"}],"replies":[{"embeddable":true,"href":"https:\/\/www.europesays.com\/fr\/wp-json\/wp\/v2\/comments?post=156947"}],"version-history":[{"count":0,"href":"https:\/\/www.europesays.com\/fr\/wp-json\/wp\/v2\/posts\/156947\/revisions"}],"wp:featuredmedia":[{"embeddable":true,"href":"https:\/\/www.europesays.com\/fr\/wp-json\/wp\/v2\/media\/156948"}],"wp:attachment":[{"href":"https:\/\/www.europesays.com\/fr\/wp-json\/wp\/v2\/media?parent=156947"}],"wp:term":[{"taxonomy":"category","embeddable":true,"href":"https:\/\/www.europesays.com\/fr\/wp-json\/wp\/v2\/categories?post=156947"},{"taxonomy":"post_tag","embeddable":true,"href":"https:\/\/www.europesays.com\/fr\/wp-json\/wp\/v2\/tags?post=156947"}],"curies":[{"name":"wp","href":"https:\/\/api.w.org\/{rel}","templated":true}]}}