{"id":15695,"date":"2025-04-10T19:22:15","date_gmt":"2025-04-10T19:22:15","guid":{"rendered":"https:\/\/www.europesays.com\/fr\/15695\/"},"modified":"2025-04-10T19:22:15","modified_gmt":"2025-04-10T19:22:15","slug":"gaelle-garcia-diaz-raconte-la-tromperie-de-son-ex-compagnon-dans-leur-propre-maison-avec-une-inconnue","status":"publish","type":"post","link":"https:\/\/www.europesays.com\/fr\/15695\/","title":{"rendered":"Ga\u00eblle Garcia Diaz raconte la tromperie de son ex-compagnon dans leur propre maison avec une inconnue"},"content":{"rendered":"<p>Dans une r\u00e9cente vid\u00e9o publi\u00e9e sur sa cha\u00eene YouTube, Ga\u00eblle Garcia Diaz a parcouru son vieux compte Facebook. L&rsquo;occasion pour elle de faire des r\u00e9v\u00e9lations sur son pass\u00e9.<\/p>\n<p>Youtubeuse \u00e0 succ\u00e8s,<b> Ga\u00eblle Garcia Diaz<\/b> est l&rsquo;une des vid\u00e9astes f\u00e9minines les plus suivies au sein de la francophonie avec plus de 2,05 millions d&rsquo;abonn\u00e9s. La femme de 36 ans est aussi entrepreneuse depuis 2018 avec Martine Cosmetics, <a href=\"https:\/\/www.programme-tv.net\/news\/societe\/374417-kelly-massol-en-guerre-contre-l-influenceuse-gaelle-garcia-diaz-elle-devoile-une-photo-qui-relance-le-clash\/\" data-api-deeplink=\"teleloisirs:\/\/news\/374417\" rel=\"nofollow noopener\" target=\"_blank\">une marque de produits de beaut\u00e9<\/a>. R\u00e9cemment, la youtubeuse a post\u00e9 une vid\u00e9o dans laquelle elle revient sur son pass\u00e9 en explorant son compte Facebook. Ga\u00eblle Garcia Diaz \u00e9voque <a href=\"https:\/\/www.programme-tv.net\/news\/societe\/375386-le-fisc-a-frappe-a-ma-porte-a-6h-du-matin-gaelle-garcia-diaz-rattrapee-par-un-controle-fiscal-apres-avoir-cache-plusieurs-de-ses-revenus\/\" data-api-deeplink=\"teleloisirs:\/\/news\/375386\" rel=\"nofollow noopener\" target=\"_blank\">des soucis rencontr\u00e9s avec le fisc \u00e0 l&rsquo;\u00e9poque de ses jeux de poker<\/a>, mais aussi la tromperie de son ex-compagnon.<\/p>\n<p>\u00ab\u00a0C&rsquo;est digne d&rsquo;un film\u00a0\u00bb : Ga\u00eblle Garcia Diaz \u00e9voque la tromperie qu&rsquo;elle a subie<\/p>\n<p>Lors de cette exploration de son compte Facebook, Ga\u00eblle Garcia Diaz est retomb\u00e9e sur un post fait le 22 ao\u00fbt 2010 dans lequel elle disait \u00ab\u00a0Pourquoi mon c\u0153ur me fait si mal ?\u00a0\u00bb. L&rsquo;occasion pour elle de raconter, pour la premi\u00e8re fois comme elle le pr\u00e9cise, une tromperie subie par son compagnon de l&rsquo;\u00e9poque. \u00ab\u00a0<b>Je suis rentr\u00e9 un peu plus t\u00f4t d&rsquo;un tournoi de poker aux Bahamas en me disant mon copain me manque trop. Je rentre chez moi un peu trop t\u00f4t, c&rsquo;\u00e9tait pas pr\u00e9vu au programme. Je monte les escaliers un dimanche matin et donc j&rsquo;ouvre la porte de la chambre et je le surprends en plein acte<\/b>\u00a0\u00bb explique Ga\u00eblle dans sa vid\u00e9o. Une situation qui lui a \u00ab\u00a0bris\u00e9 le c\u0153ur\u00a0\u00bb et qui l&rsquo;a pouss\u00e9 \u00e0 mettre en ligne ce post sur son compte Facebook.<\/p>\n<p>                        Ga\u00eblle Garcia Diaz heureuse avec son mari Daan de Pever<\/p>\n<p>Il y a plusieurs ann\u00e9es, Ga\u00eblle Garcia Diaz tournait \u00e9norm\u00e9ment autour du Poker. Joueuse ou encore pr\u00e9sentatrice d&rsquo;\u00e9missions, la belge \u00e9tait une figure connue du monde du jeu. En 2016, la belge cr\u00e9e sa cha\u00eene YouTube et conna\u00eet \u00e9norm\u00e9ment de succ\u00e8s. En 2018, elle fonde sa marque avec Martine Cosmetics qui propose des produits de beaut\u00e9 et depuis 2023 des soins pour le visage. Si durant plus de 3 ans, elle a \u00e9t\u00e9 en couple avec le vid\u00e9aste Jimmy Labeeu, Ga\u00eblle est d\u00e9sormais mari\u00e9e \u00e0 l&rsquo;ancien joueur de football belge, Daan de Pever. Ils sont m\u00eame devenus parents de deux enfants, Jake Dean et Joe-Lewis respectivement n\u00e9s en 2022 et en 2024. La vid\u00e9aste pr\u00e9pare actuellement un livre de recettes de No\u00ebl pour les prochaines f\u00eates de fin d&rsquo;ann\u00e9e.<\/p>\n","protected":false},"excerpt":{"rendered":"Dans une r\u00e9cente vid\u00e9o publi\u00e9e sur sa cha\u00eene YouTube, Ga\u00eblle Garcia Diaz a parcouru son vieux compte Facebook.&hellip;\n","protected":false},"author":2,"featured_media":15696,"comment_status":"","ping_status":"","sticky":false,"template":"","format":"standard","meta":{"footnotes":""},"categories":[1359],"tags":[6574,6573,244,58,59,1011,27,6570,6571,973,6569,6572,2784],"class_list":{"0":"post-15695","1":"post","2":"type-post","3":"status-publish","4":"format-standard","5":"has-post-thumbnail","7":"category-people","8":"tag-best-of-instagram","9":"tag-channel_best-of-instagram","10":"tag-commentaire","11":"tag-divertissement","12":"tag-entertainment","13":"tag-fr","14":"tag-france","15":"tag-gau00eblle-garcia-diaz","16":"tag-guid_5987451925001","17":"tag-people","18":"tag-streamers","19":"tag-uuid_1dd750d0-3bb5-4630-b6e9-5b33fbc3890f","20":"tag-youtube"},"share_on_mastodon":{"url":"https:\/\/pubeurope.com\/@fr\/114315299546212264","error":""},"_links":{"self":[{"href":"https:\/\/www.europesays.com\/fr\/wp-json\/wp\/v2\/posts\/15695","targetHints":{"allow":["GET"]}}],"collection":[{"href":"https:\/\/www.europesays.com\/fr\/wp-json\/wp\/v2\/posts"}],"about":[{"href":"https:\/\/www.europesays.com\/fr\/wp-json\/wp\/v2\/types\/post"}],"author":[{"embeddable":true,"href":"https:\/\/www.europesays.com\/fr\/wp-json\/wp\/v2\/users\/2"}],"replies":[{"embeddable":true,"href":"https:\/\/www.europesays.com\/fr\/wp-json\/wp\/v2\/comments?post=15695"}],"version-history":[{"count":0,"href":"https:\/\/www.europesays.com\/fr\/wp-json\/wp\/v2\/posts\/15695\/revisions"}],"wp:featuredmedia":[{"embeddable":true,"href":"https:\/\/www.europesays.com\/fr\/wp-json\/wp\/v2\/media\/15696"}],"wp:attachment":[{"href":"https:\/\/www.europesays.com\/fr\/wp-json\/wp\/v2\/media?parent=15695"}],"wp:term":[{"taxonomy":"category","embeddable":true,"href":"https:\/\/www.europesays.com\/fr\/wp-json\/wp\/v2\/categories?post=15695"},{"taxonomy":"post_tag","embeddable":true,"href":"https:\/\/www.europesays.com\/fr\/wp-json\/wp\/v2\/tags?post=15695"}],"curies":[{"name":"wp","href":"https:\/\/api.w.org\/{rel}","templated":true}]}}