{"id":156955,"date":"2025-06-06T16:50:15","date_gmt":"2025-06-06T16:50:15","guid":{"rendered":"https:\/\/www.europesays.com\/fr\/156955\/"},"modified":"2025-06-06T16:50:15","modified_gmt":"2025-06-06T16:50:15","slug":"emmanuel-macron-accueille-les-chefs-detat-a-nice-pour-le-grand-sommet-des-oceans","status":"publish","type":"post","link":"https:\/\/www.europesays.com\/fr\/156955\/","title":{"rendered":"Emmanuel Macron accueille les chefs d\u2019\u00c9tat \u00e0 Nice pour le grand sommet des oc\u00e9ans"},"content":{"rendered":"<p><strong>D\u00c9CRYPTAGE &#8211; <\/strong>Une cinquantaine de dirigeants doit arriver dimanche pour un d\u00eener de gala qui se tiendra la veille de l\u2019ouverture de la conf\u00e9rence de l\u2019ONU.<\/p>\n<p class=\"fig-paragraph\">Cr\u00e9er des images fortes pour marquer les esprits\u00a0: c\u2019est en bateau qu\u2019<a href=\"http:\/\/www.lefigaro.fr\/vox\/monde\/israel-palestine-le-mirage-de-la-solution-a-deux-etats-d-emmanuel-macron-20250605\" data-fig-type=\"Article\" data-gtm-custom-categorie=\"navigation\" data-gtm-custom-action=\"crossclick\" data-gtm-custom-label=\"Contextuel\" data-gtm-event=\"customEventSPE\" data-fig-domain=\"LEFIGARO\" rel=\"nofollow noopener\" target=\"_blank\">Emmanuel Macron<\/a>\u00a0doit arriver \u00e0 Nice dimanche dans le cadre de la 3e\u00a0conf\u00e9rence des Nations unies sur l\u2019oc\u00e9an (Unoc\u00a03), qui ouvrira officiellement le lendemain et se tiendra jusqu\u2019au 13\u00a0juin. Il arrivera de Monaco en traversant une partie de la baie des Anges et devrait \u00eatre accompagn\u00e9 notamment par le pr\u00e9sident du Br\u00e9sil,\u00a0<a href=\"https:\/\/www.lefigaro.fr\/international\/luiz-inacio-lula-da-silva-dit-lula-a-l-assaut-de-jair-bolsonaro-20220429\" data-fig-type=\"Article\" data-gtm-custom-categorie=\"navigation\" data-gtm-custom-action=\"crossclick\" data-gtm-custom-label=\"Contextuel\" data-gtm-event=\"customEventSPE\" data-fig-domain=\"LEFIGARO\" rel=\"nofollow noopener\" target=\"_blank\">Lula da\u00a0Silva<\/a>, en visite officielle en France depuis le 5\u00a0juin, et leur homologue du Costa Rica, Rodrigo Chaves Robles, avec lequel Emmanuel Macron va copr\u00e9sider le sommet onusien.<\/p>\n<p class=\"fig-paragraph\">Ensemble, ils auront cl\u00f4tur\u00e9 le Forum sur l\u2019\u00e9conomie et la finance bleue, organis\u00e9 dans la principaut\u00e9 et qui constitue l\u2019un des trois \u00e9v\u00e9nements sp\u00e9ciaux pr\u00e9vus en marge de ce sommet onusien. Parmi eux, le \u00ab\u00a0One Ocean Science Congress\u00a0\u00bb, coorganis\u00e9 par le CNRS et l\u2019Ifremer, a, de son c\u00f4t\u00e9, livr\u00e9 10\u00a0recommandations pour prot\u00e9ger l\u2019oc\u00e9an, le climat et la biodiversit\u00e9 marine. Les scientifiques ont notamment demand\u00e9 d\u2019interdire l\u2019exploitation mini\u00e8re des grands fonds marins et d\u2019engager un partage \u00e9quitable des ressources g\u00e9n\u00e9tiques qui seront pr\u00e9lev\u00e9es dans l\u2019oc\u00e9an. Enfin, le troisi\u00e8me \u00e9v\u00e9nement sp\u00e9cial est un sommet consacr\u00e9 au lancement d\u2019une coalition pour les \u00ab\u00a0villes littorales, r\u00e9gions c\u00f4ti\u00e8res et \u00c9tats insulaires\u00a0\u00bb, pr\u00e9sid\u00e9 par le maire de Nice,\u00a0<a href=\"http:\/\/www.lefigaro.fr\/nice\/municipales-2026-a-un-an-des-elections-christian-estrosi-deja-en-mode-campagne-a-nice-20250328\" data-fig-type=\"NewsFlash\" data-gtm-custom-categorie=\"navigation\" data-gtm-custom-action=\"crossclick\" data-gtm-custom-label=\"Contextuel\" data-gtm-event=\"customEventSPE\" data-fig-domain=\"LEFIGARO\" rel=\"nofollow noopener\" target=\"_blank\">Christian Estrosi<\/a>, et qui se tient le samedi 8\u00a0juin \u00e0 l\u2019occasion de la journ\u00e9e mondiale de l\u2019oc\u00e9an.<\/p>\n<p class=\"fig-body-link\">\n            \u00c0 lire aussi<br \/>\n        <a class=\"fig-body-link__link fig-premium-mark\" href=\"http:\/\/www.lefigaro.fr\/sciences\/la-surface-des-oceans-ultime-frontiere-d-un-monde-ou-se-joue-l-avenir-de-l-humanite-20250606\" data-fig-type=\"Article\" data-gtm-custom-categorie=\"navigation\" data-gtm-custom-action=\"crossclick\" data-gtm-custom-label=\"Contextuel\" data-gtm-event=\"customEventSPE\" data-fig-domain=\"LEFIGARO\" rel=\"nofollow noopener\" target=\"_blank\">La surface des oc\u00e9ans, ultime fronti\u00e8re d\u2019un monde o\u00f9 se joue l\u2019avenir de l\u2019humanit\u00e9<br \/>\n    <\/a>\n<\/p>\n<p>\u00abOn attend 56\u00a0chefs d\u2019\u00c9tat\u00a0et de gouvernement\u00bb<\/p>\n<p class=\"fig-paragraph\">Quant aux chefs d\u2019\u00c9tat, ils devraient arriver dimanche apr\u00e8s-midi lors d\u2019une grande parade sur la mer, baptis\u00e9e \u00ab\u00a0Ocean Wonders\u00a0\u00bb (\u00ab\u00a0les merveilles de l\u2019oc\u00e9an\u00a0\u00bb), aux c\u00f4t\u00e9s d\u2019une cinquantaine de bateaux d\u2019exploration et d\u2019embarcations remarquables. Un \u00ab\u00a0d\u00f4me antidrones\u00a0\u00bb sera mis en place par les services de s\u00e9curit\u00e9 \u00e0 cette occasion.<\/p>\n<p class=\"fig-paragraph\">Les discussions entre chefs d\u2019\u00c9tat devraient d\u00e9marrer d\u00e8s dimanche soir, \u00e0 l\u2019invitation de la France, lors d\u2019un d\u00eener de gala. \u00ab\u00a0On attend 56\u00a0chefs d\u2019\u00c9tat\u00a0et de gouvernement\u00a0\u00bb, confie-t-on \u00e0 l\u2019\u00c9lys\u00e9e, dont le pr\u00e9sident Lula. \u00c0 l\u2019issue de son s\u00e9jour dans l\u2019Hexagone, il y aura une sorte de passage de relais entre Emmanuel Macron et son homologue br\u00e9silien, qui accueillera la prochaine COP30 (30e\u00a0conf\u00e9rence des Nations unies sur le climat) \u00e0 Bel\u00e9m, en novembre. Dix ans apr\u00e8s\u00a0<a href=\"http:\/\/www.lefigaro.fr\/sciences\/ce-qu-implique-le-retrait-americain-de-l-accord-de-paris-sur-le-climat-20250121\" data-fig-type=\"Article\" data-gtm-custom-categorie=\"navigation\" data-gtm-custom-action=\"crossclick\" data-gtm-custom-label=\"Contextuel\" data-gtm-event=\"customEventSPE\" data-fig-domain=\"LEFIGARO\" rel=\"nofollow noopener\" target=\"_blank\">les accords de Paris sur le climat<\/a>, le pr\u00e9sident fran\u00e7ais esp\u00e8re que ce sommet pour la protection de l\u2019oc\u00e9an aura un impact comparable \u00e0 celui de la COP21, en France, qui avait d\u00e9cid\u00e9 de limiter le r\u00e9chauffement de la plan\u00e8te au-dessous de 2\u00a0\u00b0C et de viser 1,5\u00a0\u00b0C.<\/p>\n<p class=\"fig-paragraph\">\u00ab\u00a0Nous attendons plus de 86\u00a0chefs d\u2019\u00c9tat, de gouvernement et de pr\u00e9sidents d\u2019organisations internationales\u00a0\u00bb pendant ce sommet oc\u00e9an, a \u00e9valu\u00e9 r\u00e9cemment Olivier Poivre\u00a0d\u2019Arvor, ambassadeur pour les p\u00f4les et les enjeux maritimes. Depuis deux ans, ce diplomate travaille sans rel\u00e2che \u00e0 faire de cette r\u00e9union onusienne un succ\u00e8s. Le pari sera donc r\u00e9ussi en termes de repr\u00e9sentations politiques de haut niveau.\u00a0<a href=\"http:\/\/www.lefigaro.fr\/vox\/monde\/defense-europeenne-ursula-von-der-leyen-restez-a-votre-place-20250305\" data-fig-type=\"Article\" data-gtm-custom-categorie=\"navigation\" data-gtm-custom-action=\"crossclick\" data-gtm-custom-label=\"Contextuel\" data-gtm-event=\"customEventSPE\" data-fig-domain=\"LEFIGARO\" rel=\"nofollow noopener\" target=\"_blank\">Ursula von\u00a0der\u00a0Leyen<\/a>, patronne de la Commission europ\u00e9enne, est notamment attendue. En revanche, le d\u00eener de gala, \u00e0 Nice, n\u2019a pas s\u00e9duit les pr\u00e9sidents am\u00e9ricain et russe, alors que Barack Obama et Vladimir Poutine \u00e9taient venus \u00e0 Paris pour<a href=\"https:\/\/www.lefigaro.fr\/conjoncture\/2017\/12\/11\/20002-20171211ARTFIG00050-paris-capitale-du-climat-deux-ans-apres-la-cop21.php\" data-fig-type=\"Article\" data-gtm-custom-categorie=\"navigation\" data-gtm-custom-action=\"crossclick\" data-gtm-custom-label=\"Contextuel\" data-gtm-event=\"customEventSPE\" data-fig-domain=\"LEFIGARO\" rel=\"nofollow noopener\" target=\"_blank\">\u00a0la COP21.<\/a>\u00a0Cette ann\u00e9e, \u00ab\u00a0Washington n\u2019a pas r\u00e9pondu et Moscou sera repr\u00e9sent\u00e9 par un ambassadeur\u00a0\u00bb, explique-t-on \u00e0 l\u2019\u00c9lys\u00e9e. Parmi les \u00ab\u00a0poids\u00a0\u00bb lourds mondiaux, le vice-pr\u00e9sident chinois devrait \u00eatre pr\u00e9sent.<\/p>\n<p class=\"fig-paragraph\">Surtout, la France esp\u00e8re avancer sur la ratification du trait\u00e9 de protection de la haute mer, qui couvre un peu plus de la moiti\u00e9 de la surface de la terre et 64\u00a0% des oc\u00e9ans, mais reste actuellement une zone de non-droit. Approuv\u00e9 \u00e0 l\u2019unanimit\u00e9 au\u00a0<a href=\"http:\/\/www.lefigaro.fr\/international\/nous-vivons-un-moment-revolutionnaire-au-siege-des-nations-unies-l-onde-de-choc-du-retour-de-donald-trump-20250313\" data-fig-type=\"Article\" data-gtm-custom-categorie=\"navigation\" data-gtm-custom-action=\"crossclick\" data-gtm-custom-label=\"Contextuel\" data-gtm-event=\"customEventSPE\" data-fig-domain=\"LEFIGARO\" rel=\"nofollow noopener\" target=\"_blank\">si\u00e8ge des Nations unies<\/a>, \u00e0 New York, en juin 2022, apr\u00e8s plus de quinze ann\u00e9es de n\u00e9gociations, ce trait\u00e9 a \u00e9t\u00e9 sign\u00e9 par 115\u00a0pays, dont les \u00c9tats-Unis. Mais il n\u2019a \u00e9t\u00e9 ratifi\u00e9 que par 28\u00a0pays au lieu des soixante n\u00e9cessaires pour entrer en vigueur.<\/p>\n","protected":false},"excerpt":{"rendered":"D\u00c9CRYPTAGE &#8211; Une cinquantaine de dirigeants doit arriver dimanche pour un d\u00eener de gala qui se tiendra la&hellip;\n","protected":false},"author":2,"featured_media":156956,"comment_status":"","ping_status":"","sticky":false,"template":"","format":"standard","meta":{"footnotes":""},"categories":[2819],"tags":[1111,47,49,11,48,51,1777,674,54,1011,27,12,2401,12687,52,882,25,41,50,53],"class_list":{"0":"post-156955","1":"post","2":"type-post","3":"status-publish","4":"format-standard","5":"has-post-thumbnail","7":"category-nice","8":"tag-actu","9":"tag-actualite","10":"tag-actualite-scientifique","11":"tag-actualites","12":"tag-astronomie","13":"tag-ecologie","14":"tag-eu","15":"tag-europe","16":"tag-faune-et-flore","17":"tag-fr","18":"tag-france","19":"tag-news","20":"tag-nice","21":"tag-oceans","22":"tag-planete","23":"tag-provence-alpes-cote-dazur","24":"tag-republique-francaise","25":"tag-sciences","26":"tag-sciences-humaines","27":"tag-zoologie"},"share_on_mastodon":{"url":"https:\/\/pubeurope.com\/@fr\/114637453782302135","error":""},"_links":{"self":[{"href":"https:\/\/www.europesays.com\/fr\/wp-json\/wp\/v2\/posts\/156955","targetHints":{"allow":["GET"]}}],"collection":[{"href":"https:\/\/www.europesays.com\/fr\/wp-json\/wp\/v2\/posts"}],"about":[{"href":"https:\/\/www.europesays.com\/fr\/wp-json\/wp\/v2\/types\/post"}],"author":[{"embeddable":true,"href":"https:\/\/www.europesays.com\/fr\/wp-json\/wp\/v2\/users\/2"}],"replies":[{"embeddable":true,"href":"https:\/\/www.europesays.com\/fr\/wp-json\/wp\/v2\/comments?post=156955"}],"version-history":[{"count":0,"href":"https:\/\/www.europesays.com\/fr\/wp-json\/wp\/v2\/posts\/156955\/revisions"}],"wp:featuredmedia":[{"embeddable":true,"href":"https:\/\/www.europesays.com\/fr\/wp-json\/wp\/v2\/media\/156956"}],"wp:attachment":[{"href":"https:\/\/www.europesays.com\/fr\/wp-json\/wp\/v2\/media?parent=156955"}],"wp:term":[{"taxonomy":"category","embeddable":true,"href":"https:\/\/www.europesays.com\/fr\/wp-json\/wp\/v2\/categories?post=156955"},{"taxonomy":"post_tag","embeddable":true,"href":"https:\/\/www.europesays.com\/fr\/wp-json\/wp\/v2\/tags?post=156955"}],"curies":[{"name":"wp","href":"https:\/\/api.w.org\/{rel}","templated":true}]}}