{"id":156957,"date":"2025-06-06T16:51:12","date_gmt":"2025-06-06T16:51:12","guid":{"rendered":"https:\/\/www.europesays.com\/fr\/156957\/"},"modified":"2025-06-06T16:51:12","modified_gmt":"2025-06-06T16:51:12","slug":"vide-greniers-exposition-goutez-electro-que-faire-a-nantes-ce-week-end-voici-nos-idees-de-sorties","status":"publish","type":"post","link":"https:\/\/www.europesays.com\/fr\/156957\/","title":{"rendered":"Vide-greniers, exposition, Go\u00fbtez \u00e9lectro&#8230; Que faire \u00e0 Nantes ce week-end ? Voici nos id\u00e9es de sorties"},"content":{"rendered":"<p>            Par<br \/>\n        <strong><br \/>\n            <a href=\"https:\/\/actu.fr\/auteur\/clemence-pays02-actu-fr\" title=\"Consulter tous les articles de Cl\u00e9mence Pays\" rel=\"nofollow noopener\" target=\"_blank\">Cl\u00e9mence Pays<\/a><br \/>\n        <\/strong><\/p>\n<p>        Publi\u00e9 le<\/p>\n<p>            6 juin 2025 \u00e0 18h02        <\/p>\n<p>Ce vendredi 6\u00a0juin 2025 sonne la fin de la semaine et donc le d\u00e9but du<strong> week-end<\/strong> de la Pentec\u00f4te.<a href=\"https:\/\/actu.fr\/nantes\/\" rel=\"nofollow noopener\" target=\"_blank\"> Actu Nantes<\/a> vous propose une s\u00e9lection d\u2019<strong>activit\u00e9s et animations<\/strong> auxquelles participer <strong>du samedi\u00a07 au lundi 9\u00a0juin,<\/strong> dans la cit\u00e9 des ducs.<\/p>\n<p class=\" wall-content\">Atelier r\u00e9paration de v\u00e9lo, clean walk, soir\u00e9e br\u00e9silienne, exposition gratuite\u2026 Il y en a pour tous les go\u00fbts, <strong>tous les \u00e2ges et tous les porte-monnaie\u2009!<\/strong><\/p>\n<p>Nouvelle saison pour le Go\u00fbtez \u00e9lectronique<\/p>\n<p class=\" wall-content\">C\u2019est le retour du <strong>Go\u00fbtez \u00e9lectronique\u2009!<\/strong> Cet \u00e9v\u00e9nement 100\u2009% b\u00e9n\u00e9vole, devenu un rendez-vous incontournable des amateurs de musique \u00e9lectro retrouve ses p\u00e9nates au pied de la grue jaune.<\/p>\n<p class=\" wall-content\">La saison 2025 d\u00e9bute dimanche au programme\u2009:<\/p>\n<ul class=\" wall-content\">\n<li>de 14h \u00e0 16h, Moshka\u2009;<\/li>\n<li>de 16h \u00e0 18h, Anouk\u2009;<\/li>\n<li>de 18h \u00e0 20h, Anacalypto.<\/li>\n<\/ul>\n<p>    <a href=\"https:\/\/www.facebook.com\/plugins\/post.php?href=https%3A%2F%2Fwww.facebook.com%2Fgoutezelectro%2Fposts%2Fpfbid02RWqL8QsobwuW4XrAGcQakJLtL8AmAX3uzBCzb2uYgxje6wRDDABamVYqffjwuGJYl&amp;show_text=true&amp;width=350\" title=\"Ouvrie le lien\" rel=\"nofollow noopener\" target=\"_blank\">Cliquez ici pour visualiser le contenu<\/a><\/p>\n<p class=\" wall-content\">Un <strong>food-truck<\/strong> et un <strong>glacier<\/strong> seront pr\u00e9sents sur place. Des sanitaires seront \u00e9galement \u00e0 disposition.<\/p>\n<p class=\" wall-content\">Pour les plus motiv\u00e9s, la journ\u00e9e se prolongera lors d\u2019<strong>un after<\/strong> organis\u00e9 au Macadam, de 20h \u00e0 7h.<\/p>\n<p>Dimanche 8\u00a0juin, de 14\u2009h \u00e0 20\u2009h, Go\u00fbtez \u00e9lectronique, rendez-vous sous la grue jaune. Entr\u00e9e gratuite. Animaux non accept\u00e9s.<br \/>\nAfter Go\u00fbtez X Macadam, de 20\u2009h \u00e0 7\u2009h, au Macadam, 17 rue Jules-Launey \u00e0 Nantes. Entr\u00e9e sur billetterie (15\u00a0euros). <a href=\"https:\/\/www.facebook.com\/events\/1870401633781168\/?acontext=%7B%22ref%22%3A%2252%22%2C%22action_history%22%3A%22%5B%7B%5C%22surface%5C%22%3A%5C%22share_link%5C%22%2C%5C%22mechanism%5C%22%3A%5C%22share_link%5C%22%2C%5C%22extra_data%5C%22%3A%7B%5C%22invite_link_id%5C%22%3A1206394501190333%7D%7D%5D%22%7D\" rel=\"nofollow noopener\" target=\"_blank\">Programmation compl\u00e8te en ligne<\/a>.Une soir\u00e9e br\u00e9silienne au Magmaa<\/p>\n<p class=\" wall-content\">Coutumier des soir\u00e9es \u00e0 th\u00e8mes, le Magmaa organise une <strong>soir\u00e9e br\u00e9silienne,<\/strong> samedi\u2009: <strong>la S\u00e3o Jo\u00e3o,<\/strong> \u00ab\u2009l\u2019une des plus grandes f\u00eates traditionnelles du Br\u00e9sil, connue pour ses bals populaires, ses musiques entra\u00eenantes et sa convivialit\u00e9 l\u00e9gendaire\u2009\u00bb, indique le Food Hall nantais.<\/p>\n<p class=\" wall-content\">Au programme\u2009: <strong>concert, bal, initiations \u00e0 la danse br\u00e9silienne<\/strong> et bien s\u00fbr <strong>street food et barbecue br\u00e9silien<\/strong> avec le corner EITA.<\/p>\n<p class=\" wall-content\"><a href=\"https:\/\/www.instagram.com\/p\/DKfBzIpsq0Y\/embed\" title=\"Ouvrir le lien sur Instagram\" rel=\"nofollow noopener\" target=\"_blank\">Visualiser le contenu sur Instagram<\/a><\/p>\n<p>Samedi 7\u00a0juin, de 19h \u00e0 00h, S\u00e3o Jo\u00e3o, au Magmaa Food Hall, 15, rue La Noue Bras de Fer, \u00e0 Nantes.<br \/>Entr\u00e9e gratuite. Ouvert \u00e0 toutes et tous.<\/p>\n<p>(Re) d\u00e9couvrir l\u2019ancienne \u00e9cole des Beaux-Arts<\/p>\n<p class=\" wall-content\"><a href=\"https:\/\/actu.fr\/pays-de-la-loire\/nantes_44109\/nantes-la-cour-de-l-ancienne-ecole-des-beaux-arts-se-vegetalise_61386034.html\" rel=\"nofollow noopener\" target=\"_blank\">L\u2019ancienne \u00e9cole des Beaux-Arts<\/a> d\u00e9voile son nouveau visage et <strong>ouvre au public.<\/strong> Samedi, la Ville de Nantes et l\u2019association Interstices, invitent les Nantaises et les Nantais \u00e0 la premi\u00e8re ouverture de <strong>l\u2019ancienne \u00e9cole transform\u00e9e<\/strong> \u00ab\u2009en lieu de l\u2019engagement et de l\u2019exp\u00e9rimentation, construit avec celles et ceux qui y proposeront de nouvelles pratiques et utilisations\u2009\u00bb.<\/p>\n<p class=\" wall-content\">D\u00e8s 10h, l\u2019\u00e9cole ouvrira au public. Le midi <strong>un banquet partag\u00e9<\/strong> est organis\u00e9. Tout l\u2019apr\u00e8s-midi, des ateliers argile, mod\u00e8le vivant et caf\u00e9-dessin seront propos\u00e9s.<\/p>\n<p class=\" wall-content\"><a href=\"https:\/\/www.instagram.com\/p\/DKbfzRDt-6r\/embed\" title=\"Ouvrir le lien sur Instagram\" rel=\"nofollow noopener\" target=\"_blank\">Visualiser le contenu sur Instagram<\/a><\/p>\n<p class=\" wall-content\">Sur place des galettes seront vendues et une <strong>buvette<\/strong> sera \u00e0 disposition.<\/p>\n<p>Samedi 7\u00a0juin, de 10h \u00e0 22h, ouverture de l\u2019ancienne \u00e9cole des Beaux-Arts, place Dulcie September, \u00e0 Nantes. Acc\u00e8s par la place et par la rue F\u00e9nelon (PMR).<br \/>\nEntr\u00e9e gratuite et ouverte \u00e0 tous.<br \/><a href=\"https:\/\/www.facebook.com\/events\/729451223098482\/?acontext=%7B%22event_action_history%22%3A%5B%7B%22mechanism%22%3A%22discovery_custom_tab%22%2C%22surface%22%3A%22bookmark%22%7D%5D%2C%22ref_notif_type%22%3Anull%7D\" rel=\"nofollow noopener\" target=\"_blank\">Programme complet sur Facebook<\/a>.Un vide-greniers pour d\u00e9couvrir le Gabon<\/p>\n<p class=\" wall-content\">L\u2019association N\u2019gaboma \u2013 qui organise des \u00e9v\u00e9nements pour venir en aide aux femmes et aux enfants d\u00e9favoris\u00e9s de Libreville au Gabon \u2013 a mis sur pied un <strong>vide-greniers<\/strong> dans le quartier Zola, \u00e0 Nantes.<\/p>\n<p>    <a href=\"https:\/\/www.facebook.com\/plugins\/post.php?href=https%3A%2F%2Fwww.facebook.com%2Fpermalink.php%3Fstory_fbid%3Dpfbid05x2qSUgiWMhHQwnKZrX4QDNJLAqNmcgWQg3y5razTGDGTSFa4q7EDfkmuni9yAapl%26id%3D61565685901285&amp;show_text=true&amp;width=350\" title=\"Ouvrie le lien\" rel=\"nofollow noopener\" target=\"_blank\">Cliquez ici pour visualiser le contenu<\/a><\/p>\n<p class=\" wall-content\">Au programme\u2009: <strong>\u00ab\u2009danse africaine, d\u00e9couverte de la culture gabonaise et plein de surprises\u2009\u00bb,<\/strong> annoncent les organisateurs.<\/p>\n<p>Dimanche 8\u00a0juin, de 7\u2009h \u00e0 19\u2009h, place \u00c9mile-Zola, \u00e0 Nantes.<\/p>\n<p>D\u00e9couvrir une exposition gratuite<\/p>\n<p class=\" wall-content\">Samedi sera le <strong>dernier jour pour d\u00e9couvrir l\u2019exposition gratuite<\/strong> Nantes, terre de parfums, au passage Sainte-Croix.<\/p>\n<blockquote class=\"ac-article-quote wall-content\">\n<p>D\u00e8s le XVIIe si\u00e8cle, l\u2019industrie du parfum et du savon a tenu une place significative dans le paysage industriel nantais et a particip\u00e9 \u00e0 l\u2019essor de la parfumerie fran\u00e7aise. Id\u00e9alement situ\u00e9s au bord de la Loire et de la S\u00e8vre, b\u00e9n\u00e9ficiant des apports de mati\u00e8res premi\u00e8res via l\u2019activit\u00e9 portuaire, les parfumeurs nantais ont su faire preuve de cr\u00e9ativit\u00e9 et d\u2019un sens aigu du commerce pour d\u00e9velopper leurs gammes de parfums et cosm\u00e9tiques. <\/p>\n<p>    <strong>Passage Sainte-Croix<\/strong>\n            <\/p><\/blockquote>\n<p class=\" wall-content\">Cette exposition, en partenariat avec le mus\u00e9e d\u2019Histoire de Nantes, compl\u00e8te l\u2019exposition Retenir ton odeur, visible au passage Sainte-Croix, jusqu\u2019au 14\u00a0juin.<\/p>\n<p>Samedi 7\u00a0juin, de 12h \u00e0 18\u2009h\u200930, exposition Nantes, terre de parfums, au Passage Sainte-Croix, 9, rue de la Baclerie, \u00e0 Nantes.<br \/>Gratuit.<\/p>\n<p>R\u00e9parer son v\u00e9lo<\/p>\n<p class=\" wall-content\">L\u2019association <strong>Place au v\u00e9lo<\/strong> organise un <strong>atelier collaboratif de r\u00e9paration de v\u00e9lo,<\/strong> samedi. Avec l\u2019aide des b\u00e9n\u00e9voles et les outils n\u00e9cessaires mis \u00e0 disposition \u2013 mais aussi des pi\u00e8ces d\u2019occasion ou de rechange \u00e0 <strong>tarif pr\u00e9f\u00e9rentiel<\/strong> \u2013 les cyclistes pourront apprendre \u00e0 r\u00e9parer et entretenir leur v\u00e9lo.<\/p>\n<p>Samedi 7\u00a0juin, de 14\u2009h \u00e0 18\u2009h, atelier collaboratif de r\u00e9paration de v\u00e9lo, \u00e0 la maison des associations, 1 rue Auvours, \u00e0 Nantes.<\/p>\n<p>Acheter des plantes de la ferme<\/p>\n<p class=\" wall-content\">L\u2019Agronaute et La Sauge renouvellent leur <strong>vente de plantes de la ferme.<\/strong>\u00a0Plants potagers, aromatiques, fleurs et petits fruitiers\u2026 Il y aura du choix.<\/p>\n<p class=\" wall-content\">\u00ab\u2009Depuis 4\u00a0ans, toute notre production est certifi\u00e9e <strong>Agriculture biologique<\/strong> et sous mention Nature &amp; Progr\u00e8s\u2009\u00bb, souligne La Sauge.<\/p>\n<p class=\" wall-content\">Un\u00a0espace enfant, mais aussi de quoi<strong> boire, manger et se d\u00e9tendre<\/strong> est aussi pr\u00e9vus.<\/p>\n<p class=\" wall-content\"><a href=\"https:\/\/www.instagram.com\/p\/DHMFAwntjo1\/embed\" title=\"Ouvrir le lien sur Instagram\" rel=\"nofollow noopener\" target=\"_blank\">Visualiser le contenu sur Instagram<\/a><\/p>\n<p>Samedi 7\u00a0juin, de 9\u2009h \u00e0 18\u2009h, vente de plantes \u00e0 la ferme de l\u2019Agronaute, 2 rue du S\u00e9n\u00e9gal (ancien MIN), Nantes.<\/p>\n<p>Participer \u00e0 une clean walk<\/p>\n<p class=\" wall-content\">L\u2019entreprise<strong> Naoneed services<\/strong>, sous l\u2019impulsion d\u2019une de ses salari\u00e9es \u00ab\u2009profond\u00e9ment engag\u00e9e pour l\u2019environnement\u2009\u00bb, organise une clean walk ouverte \u00e0 toutes et tous.<\/p>\n<p class=\" wall-content\">Concr\u00e8tement, durant cette marche les participantes et participants seront invit\u00e9s<strong> \u00e0 nettoyer les rues de Nantes<\/strong> en ramassant les d\u00e9chets pr\u00e9sents.<\/p>\n<p>Lundi 9\u00a0juin, de 13\u2009h\u200930 \u00e0 15\u2009h\u200945, Clean walk, rendez-vous au 36 boulevard Joliot-Curie.<\/p>\n<p class=\" wall-content\">Suivez toute l\u2019actualit\u00e9 de vos villes et m\u00e9dias favoris en vous inscrivant \u00e0 <a href=\"https:\/\/moncompte.actu.fr\" title=\"D\u00e9couvez Mon Actu\" rel=\"nofollow noopener\" data-trk=\"{&quot;cta&quot;:{&quot;action&quot;:&quot;https:\\\/\\\/moncompte.actu.fr&quot;,&quot;category&quot;:&quot;mon compte&quot;,&quot;from&quot;:&quot;article footer&quot;,&quot;name&quot;:&quot;Mon actu&quot;,&quot;type&quot;:&quot;cta&quot;}}\" target=\"_blank\">Mon Actu<\/a>.<\/p>\n<ul class=\"ac-article-tag wall-content\">\n<li><a href=\"https:\/\/actu.fr\/tag\/animations\" data-trk=\"{&quot;cta&quot;:{&quot;action&quot;:&quot;Animations&quot;,&quot;category&quot;:&quot;tag&quot;,&quot;from&quot;:&quot;article footer&quot;,&quot;name&quot;:&quot;Animations&quot;,&quot;type&quot;:&quot;cta&quot;}}\" rel=\"nofollow noopener\" target=\"_blank\">#Animations<\/a><\/li>\n<li><a href=\"https:\/\/actu.fr\/tag\/vide-greniers\" data-trk=\"{&quot;cta&quot;:{&quot;action&quot;:&quot;Vide-greniers&quot;,&quot;category&quot;:&quot;tag&quot;,&quot;from&quot;:&quot;article footer&quot;,&quot;name&quot;:&quot;Vide-greniers&quot;,&quot;type&quot;:&quot;cta&quot;}}\" rel=\"nofollow noopener\" target=\"_blank\">#Vide-greniers<\/a><\/li>\n<\/ul>\n<p>                    <script async src=\"\/\/www.instagram.com\/embed.js\"><\/script><\/p>\n","protected":false},"excerpt":{"rendered":"Par Cl\u00e9mence Pays Publi\u00e9 le 6 juin 2025 \u00e0 18h02 Ce vendredi 6\u00a0juin 2025 sonne la fin de&hellip;\n","protected":false},"author":2,"featured_media":156958,"comment_status":"","ping_status":"","sticky":false,"template":"","format":"standard","meta":{"footnotes":""},"categories":[2818],"tags":[1111,11,1063,1777,674,1011,27,1305,766,12,2636,25,3365],"class_list":{"0":"post-156957","1":"post","2":"type-post","3":"status-publish","4":"format-standard","5":"has-post-thumbnail","7":"category-nantes","8":"tag-actu","9":"tag-actualites","10":"tag-animations","11":"tag-eu","12":"tag-europe","13":"tag-fr","14":"tag-france","15":"tag-lifestyle","16":"tag-nantes","17":"tag-news","18":"tag-pays-de-la-loire","19":"tag-republique-francaise","20":"tag-vide-greniers"},"share_on_mastodon":{"url":"https:\/\/pubeurope.com\/@fr\/114637457572044130","error":""},"_links":{"self":[{"href":"https:\/\/www.europesays.com\/fr\/wp-json\/wp\/v2\/posts\/156957","targetHints":{"allow":["GET"]}}],"collection":[{"href":"https:\/\/www.europesays.com\/fr\/wp-json\/wp\/v2\/posts"}],"about":[{"href":"https:\/\/www.europesays.com\/fr\/wp-json\/wp\/v2\/types\/post"}],"author":[{"embeddable":true,"href":"https:\/\/www.europesays.com\/fr\/wp-json\/wp\/v2\/users\/2"}],"replies":[{"embeddable":true,"href":"https:\/\/www.europesays.com\/fr\/wp-json\/wp\/v2\/comments?post=156957"}],"version-history":[{"count":0,"href":"https:\/\/www.europesays.com\/fr\/wp-json\/wp\/v2\/posts\/156957\/revisions"}],"wp:featuredmedia":[{"embeddable":true,"href":"https:\/\/www.europesays.com\/fr\/wp-json\/wp\/v2\/media\/156958"}],"wp:attachment":[{"href":"https:\/\/www.europesays.com\/fr\/wp-json\/wp\/v2\/media?parent=156957"}],"wp:term":[{"taxonomy":"category","embeddable":true,"href":"https:\/\/www.europesays.com\/fr\/wp-json\/wp\/v2\/categories?post=156957"},{"taxonomy":"post_tag","embeddable":true,"href":"https:\/\/www.europesays.com\/fr\/wp-json\/wp\/v2\/tags?post=156957"}],"curies":[{"name":"wp","href":"https:\/\/api.w.org\/{rel}","templated":true}]}}