{"id":156965,"date":"2025-06-06T16:55:09","date_gmt":"2025-06-06T16:55:09","guid":{"rendered":"https:\/\/www.europesays.com\/fr\/156965\/"},"modified":"2025-06-06T16:55:09","modified_gmt":"2025-06-06T16:55:09","slug":"toulouse-cest-quoi-ces-chants-doiseaux-qui-resonnent-dans-le-metro","status":"publish","type":"post","link":"https:\/\/www.europesays.com\/fr\/156965\/","title":{"rendered":"Toulouse. C&rsquo;est quoi, ces chants d&rsquo;oiseaux qui r\u00e9sonnent dans le m\u00e9tro\u00a0?"},"content":{"rendered":"<p>            Par<br \/>\n        <strong><br \/>\n            <a href=\"https:\/\/actu.fr\/auteur\/guillaume-laurens\" title=\"Consulter tous les articles de Guillaume Laurens\" rel=\"nofollow noopener\" target=\"_blank\">Guillaume Laurens<\/a><br \/>\n        <\/strong><\/p>\n<p>        Publi\u00e9 le<\/p>\n<p>            6 juin 2025 \u00e0 18h42        <\/p>\n<p>\u00ab\u00a0Il y a<strong> un piaf coinc\u00e9<\/strong> dans les canalisations ?\u00a0\u00bb En empruntant la ligne A du <a href=\"https:\/\/actu.fr\/tag\/metro-de-toulouse\" rel=\"nofollow noopener\" target=\"_blank\">m\u00e9tro de <strong>Toulouse<\/strong><\/a>, ces jeudi 5 et vendredi 6 juin 2025, \u00e0 la station Jean-Jaur\u00e8s, cet \u00e9tudiant originaire de <strong>Montgiscard<\/strong>\u00a0est tomb\u00e9 des nues : des <strong>chants d\u2019oiseau<\/strong> r\u00e9sonnent dans le m\u00e9tro. De quoi le transporter quelques instants\u2026 dans les contr\u00e9es de son cher Lauragais.<\/p>\n<p>\u00ab\u00a0Ce sont des \u00e9perviers d\u2019Europe\u00a0\u00bb<\/p>\n<p class=\" wall-content\">\u00ab\u00a0Je les ai enregistr\u00e9s et identifi\u00e9s avec une appli sp\u00e9cialis\u00e9e, ce sont <strong>des \u00e9perviers d\u2019Europe\u00a0\u00bb,<\/strong> appuie avec certitude cette autre utilisatrice quotidienne de la ligne B. De son c\u00f4t\u00e9, elle a entendu chanter les volatiles \u00e0 La Vache, mais aussi \u00e0 Jean-Jaur\u00e8s, et a d\u00e9cel\u00e9 que ces sons \u00e9manaient en r\u00e9alit\u00e9\u2026 des <strong>haut-parleurs du m\u00e9tro.<\/strong><\/p>\n<p>Des \u00ab\u00a0tests d\u2019ambiance sonore\u00a0\u00bb, explique Tiss\u00e9o<\/p>\n<p class=\" wall-content\">Que tout le monde se rassure : <strong>aucun oiseau<\/strong> n\u2019est en f\u00e2cheuse posture dans <strong>les conduits du r\u00e9seau<\/strong> souterrain de la Ville rose, mais c\u2019est bien l\u2019\u00e9quipe en charge de <strong>la musique dans le m\u00e9tro<\/strong>\u00a0qui \u00ab\u00a0s\u2019amuse\u00a0\u00bb avec la playlist.<\/p>\n<p class=\" wall-content\">Interrog\u00e9, Tiss\u00e9o dit simplement r\u00e9aliser des <strong>\u00ab\u00a0tests d\u2019ambiance sonore\u00a0\u00bb. <\/strong>Mais si l\u2019exp\u00e9rience se veut \u00ab\u00a0ponctuelle\u00a0\u00bb, y aura-t-il bient\u00f4t un parfum de printemps toute l\u2019ann\u00e9e dans le m\u00e9tro de Toulouse ?<\/p>\n<p>Vid\u00e9os : en ce moment sur Actu<\/p>\n<p class=\" wall-content\">Suivez toute l\u2019actualit\u00e9 de vos villes et m\u00e9dias favoris en vous inscrivant \u00e0 <a href=\"https:\/\/moncompte.actu.fr\" title=\"D\u00e9couvez Mon Actu\" rel=\"nofollow noopener\" data-trk=\"{&quot;cta&quot;:{&quot;action&quot;:&quot;https:\\\/\\\/moncompte.actu.fr&quot;,&quot;category&quot;:&quot;mon compte&quot;,&quot;from&quot;:&quot;article footer&quot;,&quot;name&quot;:&quot;Mon actu&quot;,&quot;type&quot;:&quot;cta&quot;}}\" target=\"_blank\">Mon Actu<\/a>.<\/p>\n<ul class=\"ac-article-tag wall-content\">\n<li><a href=\"https:\/\/actu.fr\/tag\/metro-de-toulouse\" data-trk=\"{&quot;cta&quot;:{&quot;action&quot;:&quot;M\\u00e9tro de Toulouse&quot;,&quot;category&quot;:&quot;tag&quot;,&quot;from&quot;:&quot;article footer&quot;,&quot;name&quot;:&quot;M\\u00e9tro de Toulouse&quot;,&quot;type&quot;:&quot;cta&quot;}}\" rel=\"nofollow noopener\" target=\"_blank\">#M\u00e9tro de Toulouse<\/a><\/li>\n<li><a href=\"https:\/\/actu.fr\/tag\/tisseo\" data-trk=\"{&quot;cta&quot;:{&quot;action&quot;:&quot;Tiss\\u00e9o&quot;,&quot;category&quot;:&quot;tag&quot;,&quot;from&quot;:&quot;article footer&quot;,&quot;name&quot;:&quot;Tiss\\u00e9o&quot;,&quot;type&quot;:&quot;cta&quot;}}\" rel=\"nofollow noopener\" target=\"_blank\">#Tiss\u00e9o<\/a><\/li>\n<\/ul>\n","protected":false},"excerpt":{"rendered":"Par Guillaume Laurens Publi\u00e9 le 6 juin 2025 \u00e0 18h42 \u00ab\u00a0Il y a un piaf coinc\u00e9 dans les&hellip;\n","protected":false},"author":2,"featured_media":156966,"comment_status":"","ping_status":"","sticky":false,"template":"","format":"standard","meta":{"footnotes":""},"categories":[2816],"tags":[1111,11,1777,674,1011,27,10596,12,2680,25,104,5400,2312],"class_list":{"0":"post-156965","1":"post","2":"type-post","3":"status-publish","4":"format-standard","5":"has-post-thumbnail","7":"category-toulouse","8":"tag-actu","9":"tag-actualites","10":"tag-eu","11":"tag-europe","12":"tag-fr","13":"tag-france","14":"tag-metro-de-toulouse","15":"tag-news","16":"tag-occitanie","17":"tag-republique-francaise","18":"tag-societe","19":"tag-tisseo","20":"tag-toulouse"},"share_on_mastodon":{"url":"https:\/\/pubeurope.com\/@fr\/114637473368691464","error":""},"_links":{"self":[{"href":"https:\/\/www.europesays.com\/fr\/wp-json\/wp\/v2\/posts\/156965","targetHints":{"allow":["GET"]}}],"collection":[{"href":"https:\/\/www.europesays.com\/fr\/wp-json\/wp\/v2\/posts"}],"about":[{"href":"https:\/\/www.europesays.com\/fr\/wp-json\/wp\/v2\/types\/post"}],"author":[{"embeddable":true,"href":"https:\/\/www.europesays.com\/fr\/wp-json\/wp\/v2\/users\/2"}],"replies":[{"embeddable":true,"href":"https:\/\/www.europesays.com\/fr\/wp-json\/wp\/v2\/comments?post=156965"}],"version-history":[{"count":0,"href":"https:\/\/www.europesays.com\/fr\/wp-json\/wp\/v2\/posts\/156965\/revisions"}],"wp:featuredmedia":[{"embeddable":true,"href":"https:\/\/www.europesays.com\/fr\/wp-json\/wp\/v2\/media\/156966"}],"wp:attachment":[{"href":"https:\/\/www.europesays.com\/fr\/wp-json\/wp\/v2\/media?parent=156965"}],"wp:term":[{"taxonomy":"category","embeddable":true,"href":"https:\/\/www.europesays.com\/fr\/wp-json\/wp\/v2\/categories?post=156965"},{"taxonomy":"post_tag","embeddable":true,"href":"https:\/\/www.europesays.com\/fr\/wp-json\/wp\/v2\/tags?post=156965"}],"curies":[{"name":"wp","href":"https:\/\/api.w.org\/{rel}","templated":true}]}}