{"id":156967,"date":"2025-06-06T16:56:08","date_gmt":"2025-06-06T16:56:08","guid":{"rendered":"https:\/\/www.europesays.com\/fr\/156967\/"},"modified":"2025-06-06T16:56:08","modified_gmt":"2025-06-06T16:56:08","slug":"le-metro-de-toulouse-partiellement-interrompu-plusieurs-stations-coupees","status":"publish","type":"post","link":"https:\/\/www.europesays.com\/fr\/156967\/","title":{"rendered":"Le m\u00e9tro de Toulouse partiellement interrompu : plusieurs stations coup\u00e9es"},"content":{"rendered":"<p>            Par<br \/>\n        <strong><br \/>\n            <a href=\"https:\/\/actu.fr\/auteur\/mareva-laville-actu-fr\" title=\"Consulter tous les articles de Mar\u00e9va Laville\" target=\"_blank\" rel=\"noopener\">Mar\u00e9va Laville<\/a><br \/>\n        <\/strong><\/p>\n<p>        Publi\u00e9 le<\/p>\n<p>            6 juin 2025 \u00e0 18h34        <\/p>\n<p>Mise \u00e0 jour \u00e0 18h39.<\/p>\n<p>La circulation de ligne B du m\u00e9tro de Toulouse a repris dans son int\u00e9gralit\u00e9.<\/p>\n<p class=\" wall-content\">C\u2019est devenu la hantise de <a href=\"https:\/\/actu.fr\/tag\/tisseo\" target=\"_blank\" rel=\"noopener\">Tiss\u00e9o<\/a> tant au fil des ann\u00e9es, la pratique se reproduit et paralyse le r\u00e9seau.<\/p>\n<p>Sept stations \u00e0 l\u2019arr\u00eat \u00e0 cause de la poign\u00e9e d\u2019\u00e9vacuation<\/p>\n<p class=\" wall-content\">\u00c0 nouveau, ce vendredi 6\u00a0juin 2025, le m\u00e9tro toulousain est partiellement \u00e0 <strong>l\u2019arr\u00eat sur la ligne B.<\/strong> Depuis 18h15 environ, le m\u00e9tro est interrompu<strong> entre les stations de Borderouge et Jeanne d\u2019Arc<\/strong>, la faute \u00e0 \u00ab<strong>\u2009l\u2019activation abusive d\u2019une poign\u00e9e d\u2019\u00e9vacuation\u2009\u00bb,<\/strong> indique Tiss\u00e9o.<\/p>\n<p class=\" wall-content\"><strong>Sept stations<\/strong> sont donc coup\u00e9es. Il s\u2019agit de Borderouge, Trois Cocus, La Vache, Barri\u00e8re de Paris, les Minimes-Claude Nougaro, Canal du Midi et Compans-Caffarelli. \u00ab\u2009La ligne B fonctionnement normalement entre les stations Jeanne d\u2019Arc et Ramonville\u2009\u00bb, pr\u00e9cise Tiss\u00e9o.<\/p>\n<p>Des bus en plan B<\/p>\n<p class=\" wall-content\">Le r\u00e9seau de transport en commun estime<strong> la reprise du trafic \u00e0 18h40.<\/strong> En attendant, les usagers impact\u00e9s sont invit\u00e9s \u00e0 poursuivre leur trajet via le r\u00e9seau relais de la ligne B, c\u2019est-\u00e0-dire la ligne de <strong>bus Lin\u00e9o 9 et le Lin\u00e9o 10<\/strong> prolong\u00e9 en ligne B\u2019 entre La Vache et Jean-Jaur\u00e8s.<\/p>\n<p class=\" wall-content\">Une affaire qui n\u2019arrange pas celles de Tiss\u00e9o, d\u00e9j\u00e0 impact\u00e9 par la <a href=\"https:\/\/actu.fr\/occitanie\/toulouse_31555\/toulouse-les-transports-perturbes-en-raison-d-une-manif-en-ville-vendredi-soir-ce-qu-il-faut-savoir_62738268.html\" target=\"_blank\" rel=\"noopener\">manifestation qui aura lieu ce soir dans le centre-ville de Toulouse.<\/a><\/p>\n<p>Vid\u00e9os : en ce moment sur Actu<\/p>\n<p class=\" wall-content\">Suivez toute l\u2019actualit\u00e9 de vos villes et m\u00e9dias favoris en vous inscrivant \u00e0 <a href=\"https:\/\/moncompte.actu.fr\" title=\"D\u00e9couvez Mon Actu\" rel=\"nofollow noopener\" data-trk=\"{&quot;cta&quot;:{&quot;action&quot;:&quot;https:\\\/\\\/moncompte.actu.fr&quot;,&quot;category&quot;:&quot;mon compte&quot;,&quot;from&quot;:&quot;article footer&quot;,&quot;name&quot;:&quot;Mon actu&quot;,&quot;type&quot;:&quot;cta&quot;}}\" target=\"_blank\">Mon Actu<\/a>.<\/p>\n<ul class=\"ac-article-tag wall-content\">\n<li><a href=\"https:\/\/actu.fr\/tag\/metro-de-toulouse\" data-trk=\"{&quot;cta&quot;:{&quot;action&quot;:&quot;M\\u00e9tro de Toulouse&quot;,&quot;category&quot;:&quot;tag&quot;,&quot;from&quot;:&quot;article footer&quot;,&quot;name&quot;:&quot;M\\u00e9tro de Toulouse&quot;,&quot;type&quot;:&quot;cta&quot;}}\" target=\"_blank\" rel=\"noopener\">#M\u00e9tro de Toulouse<\/a><\/li>\n<li><a href=\"https:\/\/actu.fr\/tag\/tisseo\" data-trk=\"{&quot;cta&quot;:{&quot;action&quot;:&quot;Tiss\\u00e9o&quot;,&quot;category&quot;:&quot;tag&quot;,&quot;from&quot;:&quot;article footer&quot;,&quot;name&quot;:&quot;Tiss\\u00e9o&quot;,&quot;type&quot;:&quot;cta&quot;}}\" target=\"_blank\" rel=\"noopener\">#Tiss\u00e9o<\/a><\/li>\n<\/ul>\n","protected":false},"excerpt":{"rendered":"Par Mar\u00e9va Laville Publi\u00e9 le 6 juin 2025 \u00e0 18h34 Mise \u00e0 jour \u00e0 18h39. La circulation de&hellip;\n","protected":false},"author":2,"featured_media":156968,"comment_status":"","ping_status":"","sticky":false,"template":"","format":"standard","meta":{"footnotes":""},"categories":[2816],"tags":[1111,11,1777,674,118,1011,27,10596,12,2680,25,5400,2312],"class_list":{"0":"post-156967","1":"post","2":"type-post","3":"status-publish","4":"format-standard","5":"has-post-thumbnail","7":"category-toulouse","8":"tag-actu","9":"tag-actualites","10":"tag-eu","11":"tag-europe","12":"tag-faits-divers","13":"tag-fr","14":"tag-france","15":"tag-metro-de-toulouse","16":"tag-news","17":"tag-occitanie","18":"tag-republique-francaise","19":"tag-tisseo","20":"tag-toulouse"},"share_on_mastodon":{"url":"https:\/\/pubeurope.com\/@fr\/114637477348626489","error":""},"_links":{"self":[{"href":"https:\/\/www.europesays.com\/fr\/wp-json\/wp\/v2\/posts\/156967","targetHints":{"allow":["GET"]}}],"collection":[{"href":"https:\/\/www.europesays.com\/fr\/wp-json\/wp\/v2\/posts"}],"about":[{"href":"https:\/\/www.europesays.com\/fr\/wp-json\/wp\/v2\/types\/post"}],"author":[{"embeddable":true,"href":"https:\/\/www.europesays.com\/fr\/wp-json\/wp\/v2\/users\/2"}],"replies":[{"embeddable":true,"href":"https:\/\/www.europesays.com\/fr\/wp-json\/wp\/v2\/comments?post=156967"}],"version-history":[{"count":0,"href":"https:\/\/www.europesays.com\/fr\/wp-json\/wp\/v2\/posts\/156967\/revisions"}],"wp:featuredmedia":[{"embeddable":true,"href":"https:\/\/www.europesays.com\/fr\/wp-json\/wp\/v2\/media\/156968"}],"wp:attachment":[{"href":"https:\/\/www.europesays.com\/fr\/wp-json\/wp\/v2\/media?parent=156967"}],"wp:term":[{"taxonomy":"category","embeddable":true,"href":"https:\/\/www.europesays.com\/fr\/wp-json\/wp\/v2\/categories?post=156967"},{"taxonomy":"post_tag","embeddable":true,"href":"https:\/\/www.europesays.com\/fr\/wp-json\/wp\/v2\/tags?post=156967"}],"curies":[{"name":"wp","href":"https:\/\/api.w.org\/{rel}","templated":true}]}}