{"id":156973,"date":"2025-06-06T16:59:09","date_gmt":"2025-06-06T16:59:09","guid":{"rendered":"https:\/\/www.europesays.com\/fr\/156973\/"},"modified":"2025-06-06T16:59:09","modified_gmt":"2025-06-06T16:59:09","slug":"trois-start-up-locales-distinguees-au-concours-du-carburateur-a-marseille","status":"publish","type":"post","link":"https:\/\/www.europesays.com\/fr\/156973\/","title":{"rendered":"Trois start-up locales distingu\u00e9es au concours du Carburateur \u00e0 Marseille"},"content":{"rendered":"<p>Aux c\u00f4t\u00e9s de trois grandes entreprises de la r\u00e9gion proven\u00e7ale &#8211;\u00a0le groupe CMA-CGM (propri\u00e9taire de La Provence), <a href=\"https:\/\/www.laprovence.com\/article\/economie\/1186761257625414\/pour-jean-bernadet-president-du-groupe-de-btp-nge-le-capital-humain-est-majeur\" target=\"_blank\" rel=\"noopener\">NGE groupe de BTP<\/a> et le Cr\u00e9dit Agricole Alpes Provence\u00a0&#8211; Le Carburateur a renouvel\u00e9 pour une 4e \u00e9dition son concours pour soutenir <a href=\"https:\/\/www.laprovence.com\/article\/economie\/6803606\/les-start-up-regionales-font-leur-show-a-vivatech-a-paris.html\" target=\"_blank\" rel=\"noopener\">l\u2019entrepreneuriat local<\/a>. \u00ab\u00a0Il s\u2019agit d\u2019un v\u00e9ritable \u00e9change. On apprend autant des grands groupes d\u2019entreprises que des petites start-up locales\u00a0\u00bb, d\u00e9clare Quentin Dumontet, repr\u00e9sentant de CMA CGM, au si\u00e8ge de La Provence. Il est venu ici pour soutenir l\u2019un des trois laur\u00e9ats du concours, Adrien Barrau pour sa start-up \u00ab\u00a0Seavium\u00a0\u00bb qui simplifie l\u2019affr\u00e8tement offshore en connectant les op\u00e9rateurs aux navires disponibles. \u00ab\u00a0C\u2019est important de prendre le temps d\u2019\u00e9changer, pour pouvoir travailler ensemble\u00a0\u00bb, rench\u00e9rit-il.<\/p>\n<p>Et c\u2019est tout l\u2019int\u00e9r\u00eat de cette remise de prix qui prend la forme d\u2019une discussion ouverte entre les start-up r\u00e9compens\u00e9es et leurs grands groupes mentors. Olivier Bonneau, laur\u00e9at du concours dans la cat\u00e9gorie \u00ab\u00a0Intelligence Artificielle au service de l\u2019agriculture\u00a0\u00bb le confirme\u00a0: \u00ab\u00a0C\u2019est un gage de qualit\u00e9 d\u2019avoir un <a href=\"https:\/\/www.laprovence.com\/article\/papier\/4048629\/ces-petites-start-up-qui-stimulent-les-grandes-pme.html\" target=\"_blank\" rel=\"noopener\">lien particulier avec un grand groupe.<\/a> En tant que start-up, on a du mal \u00e0 se construire. Avec vous, on peut aller plus vite.\u00a0\u00bb<\/p>\n","protected":false},"excerpt":{"rendered":"Aux c\u00f4t\u00e9s de trois grandes entreprises de la r\u00e9gion proven\u00e7ale &#8211;\u00a0le groupe CMA-CGM (propri\u00e9taire de La Provence), NGE&hellip;\n","protected":false},"author":2,"featured_media":156974,"comment_status":"","ping_status":"","sticky":false,"template":"","format":"standard","meta":{"footnotes":""},"categories":[2814],"tags":[17,1111,11,28783,903,27156,33,1777,674,1011,27,28782,884,12,882,25,675,1100],"class_list":{"0":"post-156973","1":"post","2":"type-post","3":"status-publish","4":"format-standard","5":"has-post-thumbnail","7":"category-marseille","8":"tag-17","9":"tag-actu","10":"tag-actualites","11":"tag-carburateur","12":"tag-concours","13":"tag-distinguees","14":"tag-economie","15":"tag-eu","16":"tag-europe","17":"tag-fr","18":"tag-france","19":"tag-locales","20":"tag-marseille","21":"tag-news","22":"tag-provence-alpes-cote-dazur","23":"tag-republique-francaise","24":"tag-start-up","25":"tag-trois"},"share_on_mastodon":{"url":"https:\/\/pubeurope.com\/@fr\/114637489088710359","error":""},"_links":{"self":[{"href":"https:\/\/www.europesays.com\/fr\/wp-json\/wp\/v2\/posts\/156973","targetHints":{"allow":["GET"]}}],"collection":[{"href":"https:\/\/www.europesays.com\/fr\/wp-json\/wp\/v2\/posts"}],"about":[{"href":"https:\/\/www.europesays.com\/fr\/wp-json\/wp\/v2\/types\/post"}],"author":[{"embeddable":true,"href":"https:\/\/www.europesays.com\/fr\/wp-json\/wp\/v2\/users\/2"}],"replies":[{"embeddable":true,"href":"https:\/\/www.europesays.com\/fr\/wp-json\/wp\/v2\/comments?post=156973"}],"version-history":[{"count":0,"href":"https:\/\/www.europesays.com\/fr\/wp-json\/wp\/v2\/posts\/156973\/revisions"}],"wp:featuredmedia":[{"embeddable":true,"href":"https:\/\/www.europesays.com\/fr\/wp-json\/wp\/v2\/media\/156974"}],"wp:attachment":[{"href":"https:\/\/www.europesays.com\/fr\/wp-json\/wp\/v2\/media?parent=156973"}],"wp:term":[{"taxonomy":"category","embeddable":true,"href":"https:\/\/www.europesays.com\/fr\/wp-json\/wp\/v2\/categories?post=156973"},{"taxonomy":"post_tag","embeddable":true,"href":"https:\/\/www.europesays.com\/fr\/wp-json\/wp\/v2\/tags?post=156973"}],"curies":[{"name":"wp","href":"https:\/\/api.w.org\/{rel}","templated":true}]}}