{"id":156977,"date":"2025-06-06T17:01:14","date_gmt":"2025-06-06T17:01:14","guid":{"rendered":"https:\/\/www.europesays.com\/fr\/156977\/"},"modified":"2025-06-06T17:01:14","modified_gmt":"2025-06-06T17:01:14","slug":"un-train-percute-un-arbre-pres-de-lyon-deux-lignes-a-larret","status":"publish","type":"post","link":"https:\/\/www.europesays.com\/fr\/156977\/","title":{"rendered":"Un train percute un arbre pr\u00e8s de Lyon : deux lignes \u00e0 l&rsquo;arr\u00eat\u00a0"},"content":{"rendered":"<p>Le trafic est interrompu sur deux lignes TER, ce vendredi 6 juin, \u00e0 cause d&rsquo;un accident de train pr\u00e8s de Lyon.<\/p>\n<p>Selon la SNCF, un train a percut\u00e9 un arbre sur les voies, entre <b>Saint-Germain-au-Mont-d&rsquo;Or et Lozanne<\/b>.<\/p>\n<p>En cons\u00e9quence, le trafic est coup\u00e9 sur les axes <b>Lyon-Roanne<\/b> et <b>Lyon-Paray-le-Monial<\/b>.<\/p>\n<p>Pour le moment, aucune heure de reprise n&rsquo;a \u00e9t\u00e9 communiqu\u00e9e.<\/p>\n<p><\/p>\n","protected":false},"excerpt":{"rendered":"Le trafic est interrompu sur deux lignes TER, ce vendredi 6 juin, \u00e0 cause d&rsquo;un accident de train&hellip;\n","protected":false},"author":2,"featured_media":156978,"comment_status":"","ping_status":"","sticky":false,"template":"","format":"standard","meta":{"footnotes":""},"categories":[1889],"tags":[1111,11,8489,2430,1777,674,1011,27,2428,12,22602,25,926],"class_list":{"0":"post-156977","1":"post","2":"type-post","3":"status-publish","4":"format-standard","5":"has-post-thumbnail","7":"category-lyon","8":"tag-actu","9":"tag-actualites","10":"tag-arbre","11":"tag-auvergne-rhone-alpes","12":"tag-eu","13":"tag-europe","14":"tag-fr","15":"tag-france","16":"tag-lyon","17":"tag-news","18":"tag-percute","19":"tag-republique-francaise","20":"tag-train"},"share_on_mastodon":{"url":"https:\/\/pubeurope.com\/@fr\/114637497097151904","error":""},"_links":{"self":[{"href":"https:\/\/www.europesays.com\/fr\/wp-json\/wp\/v2\/posts\/156977","targetHints":{"allow":["GET"]}}],"collection":[{"href":"https:\/\/www.europesays.com\/fr\/wp-json\/wp\/v2\/posts"}],"about":[{"href":"https:\/\/www.europesays.com\/fr\/wp-json\/wp\/v2\/types\/post"}],"author":[{"embeddable":true,"href":"https:\/\/www.europesays.com\/fr\/wp-json\/wp\/v2\/users\/2"}],"replies":[{"embeddable":true,"href":"https:\/\/www.europesays.com\/fr\/wp-json\/wp\/v2\/comments?post=156977"}],"version-history":[{"count":0,"href":"https:\/\/www.europesays.com\/fr\/wp-json\/wp\/v2\/posts\/156977\/revisions"}],"wp:featuredmedia":[{"embeddable":true,"href":"https:\/\/www.europesays.com\/fr\/wp-json\/wp\/v2\/media\/156978"}],"wp:attachment":[{"href":"https:\/\/www.europesays.com\/fr\/wp-json\/wp\/v2\/media?parent=156977"}],"wp:term":[{"taxonomy":"category","embeddable":true,"href":"https:\/\/www.europesays.com\/fr\/wp-json\/wp\/v2\/categories?post=156977"},{"taxonomy":"post_tag","embeddable":true,"href":"https:\/\/www.europesays.com\/fr\/wp-json\/wp\/v2\/tags?post=156977"}],"curies":[{"name":"wp","href":"https:\/\/api.w.org\/{rel}","templated":true}]}}