{"id":156979,"date":"2025-06-06T17:02:16","date_gmt":"2025-06-06T17:02:16","guid":{"rendered":"https:\/\/www.europesays.com\/fr\/156979\/"},"modified":"2025-06-06T17:02:16","modified_gmt":"2025-06-06T17:02:16","slug":"une-journee-de-fete-de-decouvertes-et-de-paix","status":"publish","type":"post","link":"https:\/\/www.europesays.com\/fr\/156979\/","title":{"rendered":"une journ\u00e9e de f\u00eate, de d\u00e9couvertes et de paix"},"content":{"rendered":"<p>Organis\u00e9e par le Centre de l\u2019Asie, cette journ\u00e9e met \u00e0 l\u2019honneur les traditions, l\u2019art et la gastronomie de douze pays asiatiques. Sur le parvis de l\u2019Auditorium, au c\u0153ur du 3e\u00a0 arrondissement, le public pourra profiter d\u2019un programme riche et vari\u00e9, plac\u00e9 sous le signe de la paix et du dialogue interculturel.<\/p>\n<p>L\u2019inauguration officielle aura lieu \u00e0 14\u00a0h\u00a030, en pr\u00e9sence des repr\u00e9sentants des associations partenaires et d\u2019\u00e9lus locaux.<\/p>\n<p>Une f\u00eate&#8230;                <\/p>\n","protected":false},"excerpt":{"rendered":"Organis\u00e9e par le Centre de l\u2019Asie, cette journ\u00e9e met \u00e0 l\u2019honneur les traditions, l\u2019art et la gastronomie de&hellip;\n","protected":false},"author":2,"featured_media":156980,"comment_status":"","ping_status":"","sticky":false,"template":"","format":"standard","meta":{"footnotes":""},"categories":[1889],"tags":[1111,11,2430,1687,2757,1777,674,1685,1011,27,2428,4751,4750,12,25],"class_list":{"0":"post-156979","1":"post","2":"type-post","3":"status-publish","4":"format-standard","5":"has-post-thumbnail","7":"category-lyon","8":"tag-actu","9":"tag-actualites","10":"tag-auvergne-rhone-alpes","11":"tag-culture-loisirs","12":"tag-edition-lyon-villeurbanne","13":"tag-eu","14":"tag-europe","15":"tag-foire-et-salon","16":"tag-fr","17":"tag-france","18":"tag-lyon","19":"tag-lyon-3e","20":"tag-lyon-3e-arrondissement","21":"tag-news","22":"tag-republique-francaise"},"share_on_mastodon":{"url":"https:\/\/pubeurope.com\/@fr\/114637500964959245","error":""},"_links":{"self":[{"href":"https:\/\/www.europesays.com\/fr\/wp-json\/wp\/v2\/posts\/156979","targetHints":{"allow":["GET"]}}],"collection":[{"href":"https:\/\/www.europesays.com\/fr\/wp-json\/wp\/v2\/posts"}],"about":[{"href":"https:\/\/www.europesays.com\/fr\/wp-json\/wp\/v2\/types\/post"}],"author":[{"embeddable":true,"href":"https:\/\/www.europesays.com\/fr\/wp-json\/wp\/v2\/users\/2"}],"replies":[{"embeddable":true,"href":"https:\/\/www.europesays.com\/fr\/wp-json\/wp\/v2\/comments?post=156979"}],"version-history":[{"count":0,"href":"https:\/\/www.europesays.com\/fr\/wp-json\/wp\/v2\/posts\/156979\/revisions"}],"wp:featuredmedia":[{"embeddable":true,"href":"https:\/\/www.europesays.com\/fr\/wp-json\/wp\/v2\/media\/156980"}],"wp:attachment":[{"href":"https:\/\/www.europesays.com\/fr\/wp-json\/wp\/v2\/media?parent=156979"}],"wp:term":[{"taxonomy":"category","embeddable":true,"href":"https:\/\/www.europesays.com\/fr\/wp-json\/wp\/v2\/categories?post=156979"},{"taxonomy":"post_tag","embeddable":true,"href":"https:\/\/www.europesays.com\/fr\/wp-json\/wp\/v2\/tags?post=156979"}],"curies":[{"name":"wp","href":"https:\/\/api.w.org\/{rel}","templated":true}]}}