{"id":156985,"date":"2025-06-06T17:05:13","date_gmt":"2025-06-06T17:05:13","guid":{"rendered":"https:\/\/www.europesays.com\/fr\/156985\/"},"modified":"2025-06-06T17:05:13","modified_gmt":"2025-06-06T17:05:13","slug":"quelles-pieces-reserver-pendant-lete-2025","status":"publish","type":"post","link":"https:\/\/www.europesays.com\/fr\/156985\/","title":{"rendered":"Quelles pi\u00e8ces r\u00e9server pendant l&rsquo;\u00e9t\u00e9 2025 ?"},"content":{"rendered":"<p>La r\u00e9daction de L\u2019\u00c9claireur a s\u00e9lectionn\u00e9 plusieurs pi\u00e8ces et spectacles \u00e0 ne pas manquer. Th\u00e9\u00e2tre de boulevard, com\u00e9die musicale, ou drame, il y en aura pour tous les go\u00fbts cet \u00e9t\u00e9, \u00e0 Paris.<\/p>\n<p>1 <strong>Cyrano de Bergerac, au Th\u00e9\u00e2tre Antoine<\/strong><\/p>\n<p>Le classique d\u2019Edmond Rostand s\u2019appr\u00eate \u00e0 rena\u00eetre en janvier 2025 sur les planches du Th\u00e9\u00e2tre Antoine, \u00e0 Paris. Mise en sc\u00e8ne par Anne Kessler, la pi\u00e8ce m\u00e9langeant l\u2019art de la po\u00e9sie avec le tragique revisite la trajectoire intemporelle de cette ic\u00f4ne du th\u00e9\u00e2tre. Sur sc\u00e8ne 14 com\u00e9diens redonneront vie \u00e0 la pi\u00e8ce du dramaturge fran\u00e7ais disparu en 1918.\u00a0<\/p>\n<p>Edouard Baer, Alexia Giordano, Atmen Kelif ou encore Cl\u00e9ment Moreau pour ne citer qu\u2019eux \u00e9volueront sur la sc\u00e8ne du Th\u00e9\u00e2tre Antoine, dans la capitale, \u00e0 l\u2019occasion de 50 repr\u00e9sentations exceptionnelles.\u00a0<\/p>\n<p class=\"has-text-align-right\"><a href=\"https:\/\/www.fnacspectacles.com\/artist\/cyrano-de-bergerac\/cyrano-de-bergerac-theatre-antoine-paris-3647017\/\" target=\"_blank\" rel=\"noopener\">Cyrano de Bergerac jusqu\u2019au 29 juin 2025, au Th\u00e9\u00e2tre Antoine, \u00e0 Paris<\/a>.<\/p>\n<p>2 Titanique, au Lido 2 Paris<\/p>\n<p>Tout droit venu du Off-Broadway et du West End londonien, Titanique est d\u00e9sormais pr\u00e9sent\u00e9 au Lido 2 Paris, sur les Champs-Elys\u00e9es. Dans cette com\u00e9die musicale d\u00e9crite comme un v\u00e9ritable juke-box, <a href=\"https:\/\/www.fnac.com\/Celine-Dion\/ia176941\" target=\"_blank\" rel=\"noreferrer noopener\">C\u00e9line Dion<\/a> raconte ce qui est vraiment arriv\u00e9 \u00e0 Jack et Rose ainsi qu\u2019aux autres passagers du paquebot, le soir o\u00f9 celui-ci a coul\u00e9. Gr\u00e2ce \u00e0 un humour d\u00e9capant, Titanique offre un nouveau regard sur le film de James Cameron ainsi que sur les tubes de la chanteuse qui ponctuent le spectacle. <\/p>\n<p><strong class=\"small\">En stock<\/strong><\/p>\n<p>        Acheter sur Fnac.com<\/p>\n<p>De I\u2019m Alive \u00e0 My Heart Will Go On, Titanique reprend les plus grands standards de l\u2019interpr\u00e8te qu\u00e9b\u00e9coise afin d\u2019offrir une v\u00e9ritable hyst\u00e9rie communicative. Un incontournable dantesque et dr\u00f4le \u00e0 d\u00e9couvrir durant le printemps.<\/p>\n<blockquote class=\"instagram-media\" data-instgrm-captioned=\"\" data-instgrm-permalink=\"https:\/\/www.instagram.com\/reel\/DJCQyi3oGd8\/?utm_source=ig_embed&amp;utm_campaign=loading\" data-instgrm-version=\"14\" style=\" background:#FFF; border:0; border-radius:3px; box-shadow:0 0 1px 0 rgba(0,0,0,0.5),0 1px 10px 0 rgba(0,0,0,0.15); margin: 1px; max-width:540px; min-width:326px; padding:0; width:99.375%; width:-webkit-calc(100% - 2px); width:calc(100% - 2px);\"\/>\n<p class=\"has-text-align-right\"><a href=\"https:\/\/www.fnacspectacles.com\/artist\/titanique\/\" target=\"_blank\" rel=\"noreferrer noopener\">Titanique du 2 mai au 6 juillet 2025, au Lido 2 Paris<\/a>.<\/p>\n<p>3 Le b\u00e9mol, au Th\u00e9atre des Vari\u00e9t\u00e9s<\/p>\n<p class=\"has-text-align-left\">Au mois de juin, le Th\u00e9\u00e2tre des Vari\u00e9t\u00e9s accueillera un spectacle in\u00e9dit port\u00e9 par Pascal L\u00e9gitimus et Lionel Abelanski. Dans cette pi\u00e8ce, les deux acteurs incarnent respectivement Antoine, un chef d\u2019orchestre en pleine crise existentielle et Philippe, un violoniste charismatique qui joue sur les nerfs du premier. D\u2019ailleurs, le jour o\u00f9 ces deux amis vont s\u2019affronter dans un duel musical, ce dernier risque de faire ressortir de vieilles ranc\u0153urs.<\/p>\n<p class=\"has-text-align-left\">Entre humour et musique, Le b\u00e9mol promet des dialogues percutants ainsi que des retournements de situation savoureux. Th\u00e9\u00e2tre de boulevard dans la plus pure tradition du genre, la pi\u00e8ce peut \u00e9galement compter sur les talents d\u2019Anne Parillaud en \u00e9pouse bourgeoise et joueuse compulsive, Anne-Sophie Girard dans le r\u00f4le d\u2019une influenceuse qui pr\u00f4ne la zen attitude, et Solay en traiteur passionn\u00e9 de <a href=\"https:\/\/www.fnac.com\/musique.asp\" target=\"_blank\" rel=\"noreferrer noopener\">musique<\/a>.<\/p>\n<p class=\"has-text-align-right\"><a href=\"https:\/\/www.fnacspectacles.com\/artist\/le-bemol\/\" target=\"_blank\" rel=\"noreferrer noopener\">Le b\u00e9mol du 6 au 21 juin, au Th\u00e9\u00e2tre des Vari\u00e9t\u00e9s, \u00e0 Paris<\/a>.<\/p>\n<p>4 La disparition de Josef Mengele, au Th\u00e9\u00e2tre de la P\u00e9pini\u00e8re<\/p>\n<p>La disparition de Josef Mengele revient sur l\u2019une des plus grandes chasses \u00e0 l\u2019homme du si\u00e8cle dernier. Adapt\u00e9 du prix Renaudot 2017, la pi\u00e8ce raconte la cavale d\u2019apr\u00e8s-guerre de Josef Mengele, m\u00e9decin tortionnaire d\u2019<a href=\"https:\/\/leclaireur.fnac.com\/selection\/cp63490-80e-anniversaire-du-jour-j-les-films-pour-se-souvenir-de-la-liberation\/\" target=\"_blank\" rel=\"noreferrer noopener\">Auschwitz<\/a>, qui a cru pouvoir refaire sa vie en 1949, \u00e0 Buenos Aires. \u00c0 l\u2019aide d\u2019une fausse identit\u00e9 et de plusieurs pseudonymes, l\u2019ancien SS est parvenu \u00e0 \u00e9chapper \u00e0 la justice, avant de mourir dans d\u2019\u00e9tranges circonstances sur une plage au Br\u00e9sil, en 1979. <\/p>\n<p>Mais comment a-t-il r\u00e9ussi \u00e0 passer entre les mailles du filet pendant tant d\u2019ann\u00e9es ? Le m\u00e9decin a-t-il \u00e9t\u00e9 aid\u00e9 par d\u2019autres pays ? C\u2019est l\u00e0 tout le sujet de cette pi\u00e8ce passionnante, adapt\u00e9e de l\u2019\u0153uvre d\u2019Olivier Guez. <\/p>\n<blockquote class=\"instagram-media\" data-instgrm-captioned=\"\" data-instgrm-permalink=\"https:\/\/www.instagram.com\/p\/DFYHoJhNDAO\/?utm_source=ig_embed&amp;utm_campaign=loading\" data-instgrm-version=\"14\" style=\" background:#FFF; border:0; border-radius:3px; box-shadow:0 0 1px 0 rgba(0,0,0,0.5),0 1px 10px 0 rgba(0,0,0,0.15); margin: 1px; max-width:540px; min-width:326px; padding:0; width:99.375%; width:-webkit-calc(100% - 2px); width:calc(100% - 2px);\"\/>\n<p class=\"has-text-align-right\"><a href=\"https:\/\/www.fnacspectacles.com\/artist\/la-disparition-de-joseph-mengele\/#calendar-start=2025-04\" target=\"_blank\" rel=\"noreferrer noopener\">La disparition de Josef Mengele, du 7 f\u00e9vrier au 24 juin 2026 au Th\u00e9\u00e2tre de la P\u00e9pini\u00e8re, \u00e0 Paris<\/a>.<\/p>\n<p>5 Orgueil et pr\u00e9jug\u00e9s&#8230;ou presque, au Th\u00e9\u00e2tre Saint-Georges<\/p>\n<p>Librement adapt\u00e9 du roman de <a href=\"https:\/\/www.fnac.com\/Jane-Austen\/ia4957\" target=\"_blank\" rel=\"noreferrer noopener\">Jane Austen<\/a>, la pi\u00e8ce de Virginie Hocq et de Jean-Marc Victor arrive \u00e0 Paris. Imagin\u00e9 comme une version pop et d\u00e9cal\u00e9e du classique de la litt\u00e9rature anglaise, Orgueil et pr\u00e9jug\u00e9s&#8230;ou presque r\u00e9unit un casting 100% f\u00e9minin. En prenant le point de vue de cinq domestiques qui s&#8217;emparent avec ironie du destin de leurs ma\u00eetresses, la pi\u00e8ce propose une r\u00e9-interpr\u00e9tation de l&rsquo;\u0153uvre de Jane Austen alors que les s\u0153urs Bennet sont sur le point de se marier. Dr\u00f4le, piquante et fantasque, cette proposition sc\u00e9nique tout droit venue de Londres promet d&rsquo;offrir une pi\u00e8ce in\u00e9dite \u00e0 d\u00e9couvrir d&rsquo;urgence cet hiver. <\/p>\n<blockquote class=\"instagram-media\" data-instgrm-captioned=\"\" data-instgrm-permalink=\"https:\/\/www.instagram.com\/p\/DDHmEVVtmpU\/?utm_source=ig_embed&amp;utm_campaign=loading\" data-instgrm-version=\"14\" style=\" background:#FFF; border:0; border-radius:3px; box-shadow:0 0 1px 0 rgba(0,0,0,0.5),0 1px 10px 0 rgba(0,0,0,0.15); margin: 1px; max-width:540px; min-width:326px; padding:0; width:99.375%; width:-webkit-calc(100% - 2px); width:calc(100% - 2px);\"\/>\n<p class=\"has-text-align-right\"><a href=\"https:\/\/www.fnacspectacles.com\/artist\/orgueil-et-prejuges-ou-presque\/?srsltid=AfmBOopAjehuHct3Qhm3DvIFEdEVw4dp8mWUGLfYtJ-I6S8UfPvfFT19\" target=\"_blank\" rel=\"noreferrer noopener\">Orgueil et pr\u00e9jug\u00e9s&#8230;ou presque du 18 f\u00e9vrier au 28 juin 2025, au Th\u00e9\u00e2tre Saint-Georges, \u00e0 Paris<\/a>.<\/p>\n<p>6 La seconde surprise de l&rsquo;amour, au Th\u00e9\u00e2tre de la Porte Saint-Martin<\/p>\n<p>D\u00e8s le mois de juin, le dramaturge Alain Fran\u00e7on adapte pour le th\u00e9\u00e2tre l&rsquo;\u0153uvre de Marivaux, La seconde surprise de l&rsquo;amour. On y suit une Marquise en proie au deuil apr\u00e8s le d\u00e9c\u00e8s de son mari, ainsi qu&rsquo;un chevalier \u00e9plor\u00e9 de ne pas pouvoir \u00e9pouser celle qu&rsquo;il aime. Deux parcours qui vont guider cette com\u00e9die chaotique sur \u00ab\u00a0la musique des c\u0153urs\u00a0\u00bb. Port\u00e9 par un casting d&rsquo;ensemble convaincant, La seconde surprise de l&rsquo;amour peut notamment compter sur le talent de <br \/>Georgia Scalliet et Suzanne de Baecque. <\/p>\n<blockquote class=\"instagram-media\" data-instgrm-captioned=\"\" data-instgrm-permalink=\"https:\/\/www.instagram.com\/p\/DJ6q93lo-rh\/?utm_source=ig_embed&amp;utm_campaign=loading\" data-instgrm-version=\"14\" style=\" background:#FFF; border:0; border-radius:3px; box-shadow:0 0 1px 0 rgba(0,0,0,0.5),0 1px 10px 0 rgba(0,0,0,0.15); margin: 1px; max-width:540px; min-width:326px; padding:0; width:99.375%; width:-webkit-calc(100% - 2px); width:calc(100% - 2px);\"\/>\n<p class=\"has-text-align-right\"><a href=\"https:\/\/www.fnacspectacles.com\/artist\/la-seconde-surprise-de-l-amour-alain-francon\/\" target=\"_blank\" rel=\"noreferrer noopener\">La seconde surprise de l&rsquo;amour du 6 juin au 13 juillet 2025, au Th\u00e9atre de la Porte Saint-Martin, \u00e0 Paris<\/a>. <\/p>\n<p>7 Tchekhov \u00e0 la folie, au Th\u00e9\u00e2tre de Poche-Montparnasse <\/p>\n<p>Le Th\u00e9\u00e2tre de Poche-Montparnasse propose actuellement deux pi\u00e8ces courtes de Tchekhov, La demande en mariage ainsi que L&rsquo;ours, le temps d&rsquo;une repr\u00e9sentation double. Deux farces au rythme endiabl\u00e9 dans lesquelles on retrouve des personnages hauts en couleurs. Trois com\u00e9diens survolt\u00e9s se donnent, en effet, la r\u00e9plique dans ce que le metteur en sc\u00e8ne et \u00e9crivain russe appelait en son temps \u00ab\u00a0des plaisanteries\u00a0\u00bb sc\u00e9niques. <\/p>\n<blockquote class=\"instagram-media\" data-instgrm-captioned=\"\" data-instgrm-permalink=\"https:\/\/www.instagram.com\/p\/DJ4acBXsNB2\/?utm_source=ig_embed&amp;utm_campaign=loading\" data-instgrm-version=\"14\" style=\" background:#FFF; border:0; border-radius:3px; box-shadow:0 0 1px 0 rgba(0,0,0,0.5),0 1px 10px 0 rgba(0,0,0,0.15); margin: 1px; max-width:540px; min-width:326px; padding:0; width:99.375%; width:-webkit-calc(100% - 2px); width:calc(100% - 2px);\"\/>\n<p class=\"has-text-align-right\"><a href=\"https:\/\/www.fnacspectacles.com\/artist\/tchekhov-a-la-folie\/\" target=\"_blank\" rel=\"noreferrer noopener\">Tchekhov \u00e0 la folie au 6 juin au 13 juillet 2025, au Th\u00e9\u00e2tre de Poche-Montparnasse, \u00e0 Paris<\/a>. <\/p>\n<p>8 L&rsquo;heure des assassins, \u00e0 la Com\u00e9die de Paris <\/p>\n<p>Julien Lefebvre est de retour cet \u00e9t\u00e9 afin de pr\u00e9senter sa nouvelle com\u00e9die polici\u00e8re. Dans L&rsquo;heure des assassins tout commence dans un th\u00e9\u00e2tre londonien au d\u00e9but du XXe si\u00e8cle, un soir de premi\u00e8re, alors que Philip Somerset doit se produire sur sc\u00e8ne. Probl\u00e8me : personne ne le verra fouler les planches puisque le com\u00e9dien va \u00eatre tu\u00e9. <\/p>\n<p>Qui est responsable de ce crime ? S&rsquo;agit-il de Katherin, la s\u0153ur du d\u00e9funt, Hartford, son bras droit, Bram Stoker, le directeur du th\u00e9\u00e2tre, Georges Bernard Shaw, le dramaturge, Miss Lime son assistante, ou bien <a href=\"https:\/\/www.fnac.com\/Sir-Arthur-Conan-Doyle\/ia4531\" target=\"_blank\" rel=\"noreferrer noopener\">Arthur Conan Doyle<\/a>, le c\u00e9l\u00e8bre romancier. Nul doute que le coupable se trouve parmi eux. Pour le d\u00e9couvrir, rendez-vous \u00e0 partir du 18 juin 2025 \u00e0 la Com\u00e9die de Paris.<\/p>\n<blockquote class=\"instagram-media\" data-instgrm-captioned=\"\" data-instgrm-permalink=\"https:\/\/www.instagram.com\/p\/DAD-ou2olFq\/?utm_source=ig_embed&amp;utm_campaign=loading\" data-instgrm-version=\"14\" style=\" background:#FFF; border:0; border-radius:3px; box-shadow:0 0 1px 0 rgba(0,0,0,0.5),0 1px 10px 0 rgba(0,0,0,0.15); margin: 1px; max-width:540px; min-width:326px; padding:0; width:99.375%; width:-webkit-calc(100% - 2px); width:calc(100% - 2px);\"\/>\n<p class=\"has-text-align-right\"><a href=\"https:\/\/www.fnacspectacles.com\/artist\/l-heure-des-assassins\/?srsltid=AfmBOoqP3jzSIH3XQnO7OAT1XqrbVGgjhfk_OJUJWqPBceNTHw5nt86p\" target=\"_blank\" rel=\"noreferrer noopener\">L&rsquo;heure des assassins du 18 juin au 2025 au 18 janvier 2025, \u00e0 la Com\u00e9die de Paris<\/a>. <\/p>\n<p>        <script async src=\"\/\/www.instagram.com\/embed.js\"><\/script><\/p>\n","protected":false},"excerpt":{"rendered":"La r\u00e9daction de L\u2019\u00c9claireur a s\u00e9lectionn\u00e9 plusieurs pi\u00e8ces et spectacles \u00e0 ne pas manquer. Th\u00e9\u00e2tre de boulevard, com\u00e9die&hellip;\n","protected":false},"author":2,"featured_media":156986,"comment_status":"","ping_status":"","sticky":false,"template":"","format":"standard","meta":{"footnotes":""},"categories":[1888],"tags":[1111,1928,11,1927,4228,3348,1777,674,1011,27,28784,12,1926,626,1925,25,8441],"class_list":{"0":"post-156985","1":"post","2":"type-post","3":"status-publish","4":"format-standard","5":"has-post-thumbnail","7":"category-paris","8":"tag-actu","9":"tag-actu-paris","10":"tag-actualites","11":"tag-actualites-paris","12":"tag-comedie","13":"tag-drame","14":"tag-eu","15":"tag-europe","16":"tag-fr","17":"tag-france","18":"tag-moliere","19":"tag-news","20":"tag-news-paris","21":"tag-paris","22":"tag-paris-news","23":"tag-republique-francaise","24":"tag-spectacle-vivant"},"share_on_mastodon":{"url":"https:\/\/pubeurope.com\/@fr\/114637512568437960","error":""},"_links":{"self":[{"href":"https:\/\/www.europesays.com\/fr\/wp-json\/wp\/v2\/posts\/156985","targetHints":{"allow":["GET"]}}],"collection":[{"href":"https:\/\/www.europesays.com\/fr\/wp-json\/wp\/v2\/posts"}],"about":[{"href":"https:\/\/www.europesays.com\/fr\/wp-json\/wp\/v2\/types\/post"}],"author":[{"embeddable":true,"href":"https:\/\/www.europesays.com\/fr\/wp-json\/wp\/v2\/users\/2"}],"replies":[{"embeddable":true,"href":"https:\/\/www.europesays.com\/fr\/wp-json\/wp\/v2\/comments?post=156985"}],"version-history":[{"count":0,"href":"https:\/\/www.europesays.com\/fr\/wp-json\/wp\/v2\/posts\/156985\/revisions"}],"wp:featuredmedia":[{"embeddable":true,"href":"https:\/\/www.europesays.com\/fr\/wp-json\/wp\/v2\/media\/156986"}],"wp:attachment":[{"href":"https:\/\/www.europesays.com\/fr\/wp-json\/wp\/v2\/media?parent=156985"}],"wp:term":[{"taxonomy":"category","embeddable":true,"href":"https:\/\/www.europesays.com\/fr\/wp-json\/wp\/v2\/categories?post=156985"},{"taxonomy":"post_tag","embeddable":true,"href":"https:\/\/www.europesays.com\/fr\/wp-json\/wp\/v2\/tags?post=156985"}],"curies":[{"name":"wp","href":"https:\/\/api.w.org\/{rel}","templated":true}]}}