{"id":156998,"date":"2025-06-06T17:12:12","date_gmt":"2025-06-06T17:12:12","guid":{"rendered":"https:\/\/www.europesays.com\/fr\/156998\/"},"modified":"2025-06-06T17:12:12","modified_gmt":"2025-06-06T17:12:12","slug":"au-royaume-uni-la-droite-populiste-se-dechire-sur-la-burqa","status":"publish","type":"post","link":"https:\/\/www.europesays.com\/fr\/156998\/","title":{"rendered":"Au Royaume-Uni, la droite populiste se d\u00e9chire sur la burqa"},"content":{"rendered":"\n<p>\u201cLe parti Reform UK vient-il d\u2019imploser\u00a0?\u201d <a href=\"https:\/\/www.telegraph.co.uk\/news\/2025\/06\/05\/the-daily-t-has-reform-just-imploded-zia-yusuf-resigns\/\" target=\"_blank\" rel=\"noopener\">se demande <strong>The Daily Telegraph<\/strong><\/a><strong>, <\/strong>quotidien conservateur. La question, provocatrice, pointe un r\u00e9el malaise au sein du parti de droite anti-immigration, travers\u00e9 par des dissensions internes depuis plusieurs semaines.<\/p>\n<p>Jeudi 5\u00a0juin, dernier esclandre en date, son pr\u00e9sident, Zia Yusuf, a claqu\u00e9 la porte sans crier gare. \u201cJe ne crois plus que travailler \u00e0 l\u2019\u00e9lection d\u2019un gouvernement Reform UK soit la meilleure mani\u00e8re d\u2019utiliser mon temps\u201d, a-t-il expliqu\u00e9 sur la plateforme X.<\/p>\n<p>L\u2019entrepreneur de 38\u00a0ans, ancien banquier chez Goldman Sachs, n\u2019a donn\u00e9 aucune raison officielle \u00e0 son d\u00e9part, onze\u00a0mois seulement apr\u00e8s sa nomination. \u201cMais sa d\u00e9cision peut quasi certainement \u00eatre attribu\u00e9e \u00e0 sa col\u00e8re face \u00e0 une question pos\u00e9e par la nouvelle d\u00e9put\u00e9e<strong> <\/strong>[du parti Reform UK] Sarah Pochin au Premier ministre, Keir Starmer, <a href=\"https:\/\/www.spectator.co.uk\/article\/zia-yusufs-resignation-wont-harm-reform-for-long\/\" target=\"_blank\" rel=\"noopener\">assure l\u2019hebdomadaire conservateur <strong>The Spectator.<\/strong><\/a> \u00c9lue <a href=\"https:\/\/www.courrierinternational.com\/article\/en-angleterre-la-droite-populiste-confirme-sa-percee_230498\" target=\"_blank\" rel=\"noopener\">le mois dernier lors d\u2019une l\u00e9gislative partielle<\/a>, elle a profit\u00e9 de sa premi\u00e8re intervention au Parlement pour demander au dirigeant travailliste s\u2019il comptait interdire la burqa.\u201d<\/p>\n<p>Sur X, Zia Yusuf, qui se d\u00e9crit comme un \u201cBritannique musulman patriote\u201d, a qualifi\u00e9 la question de \u201cstupide\u201d. Pour cause\u00a0: l\u2019interdiction du voile int\u00e9<\/p>\n","protected":false},"excerpt":{"rendered":"\u201cLe parti Reform UK vient-il d\u2019imploser\u00a0?\u201d se demande The Daily Telegraph, quotidien conservateur. La question, provocatrice, pointe un&hellip;\n","protected":false},"author":2,"featured_media":156999,"comment_status":"","ping_status":"","sticky":false,"template":"","format":"standard","meta":{"footnotes":""},"categories":[1588],"tags":[11,1777,674,1061,5318,2581,12,10669,316,473,1853,1851,1850,1852],"class_list":{"0":"post-156998","1":"post","2":"type-post","3":"status-publish","4":"format-standard","5":"has-post-thumbnail","7":"category-royaume-uni","8":"tag-actualites","9":"tag-eu","10":"tag-europe","11":"tag-immigration","12":"tag-islam","13":"tag-keir-starmer","14":"tag-news","15":"tag-nigel-farage","16":"tag-politique","17":"tag-royaume-uni","18":"tag-royaume-uni-de-grande-bretagne-et-dirlande-du-nord","19":"tag-uk","20":"tag-united-kingdom","21":"tag-united-kingdom-of-great-britain-and-northern-ireland"},"share_on_mastodon":{"url":"https:\/\/pubeurope.com\/@fr\/114637540091669490","error":""},"_links":{"self":[{"href":"https:\/\/www.europesays.com\/fr\/wp-json\/wp\/v2\/posts\/156998","targetHints":{"allow":["GET"]}}],"collection":[{"href":"https:\/\/www.europesays.com\/fr\/wp-json\/wp\/v2\/posts"}],"about":[{"href":"https:\/\/www.europesays.com\/fr\/wp-json\/wp\/v2\/types\/post"}],"author":[{"embeddable":true,"href":"https:\/\/www.europesays.com\/fr\/wp-json\/wp\/v2\/users\/2"}],"replies":[{"embeddable":true,"href":"https:\/\/www.europesays.com\/fr\/wp-json\/wp\/v2\/comments?post=156998"}],"version-history":[{"count":0,"href":"https:\/\/www.europesays.com\/fr\/wp-json\/wp\/v2\/posts\/156998\/revisions"}],"wp:featuredmedia":[{"embeddable":true,"href":"https:\/\/www.europesays.com\/fr\/wp-json\/wp\/v2\/media\/156999"}],"wp:attachment":[{"href":"https:\/\/www.europesays.com\/fr\/wp-json\/wp\/v2\/media?parent=156998"}],"wp:term":[{"taxonomy":"category","embeddable":true,"href":"https:\/\/www.europesays.com\/fr\/wp-json\/wp\/v2\/categories?post=156998"},{"taxonomy":"post_tag","embeddable":true,"href":"https:\/\/www.europesays.com\/fr\/wp-json\/wp\/v2\/tags?post=156998"}],"curies":[{"name":"wp","href":"https:\/\/api.w.org\/{rel}","templated":true}]}}