{"id":157002,"date":"2025-06-06T17:14:09","date_gmt":"2025-06-06T17:14:09","guid":{"rendered":"https:\/\/www.europesays.com\/fr\/157002\/"},"modified":"2025-06-06T17:14:09","modified_gmt":"2025-06-06T17:14:09","slug":"la-ville-affiche-son-soutien-au-documentaire-welcome-to-europe","status":"publish","type":"post","link":"https:\/\/www.europesays.com\/fr\/157002\/","title":{"rendered":"la Ville affiche son soutien au documentaire \u00ab\u00a0Welcome to Europe\u00a0\u00bb"},"content":{"rendered":"<p>La Ville de Tours a apport\u00e9 son soutien \u00e0 la d\u00e9marche du documentaire Welcome to Europe, pr\u00e9sent\u00e9 en avant-premi\u00e8re aux Cin\u00e9mas Studio, mercredi 28\u00a0mai 2025. Les adjointes au maire \u00c9lise Pereira-Nunes (d\u00e9l\u00e9gu\u00e9e \u00e0 la lutte contre les discriminations et aux relations internationales) et Marie Quinton (d\u00e9l\u00e9gu\u00e9e au logement et \u00e0 la politique de la Ville) \u00e9taient pr\u00e9sentes \u00e0 la project&#8230; <\/p>\n<p>    Cet article a \u00e9t\u00e9 tronqu\u00e9. Abonnez-vous pour lire l&rsquo;article complet sur notre site.<\/p>\n<p style=\"margin: 0 !important; padding: 0 !important; font-size: 12px !important;\">Cet article a \u00e9t\u00e9 tronqu\u00e9. Abonnez-vous pour lire l&rsquo;article complet.<\/p>\n<p>    <a href=\"https:\/\/www.lanouvellerepublique.fr\/abonnements\" style=\"display: inline-block; margin-top: 5px !important; padding: 6px 12px !important; background: #cb1c27; color: white; text-decoration: none; border-radius: 4px; font-size: 12px !important;\" target=\"_blank\" rel=\"noopener\"><br \/>\n      S&rsquo;abonner<br \/>\n    <\/a><\/p>\n","protected":false},"excerpt":{"rendered":"La Ville de Tours a apport\u00e9 son soutien \u00e0 la d\u00e9marche du documentaire Welcome to Europe, pr\u00e9sent\u00e9 en&hellip;\n","protected":false},"author":2,"featured_media":157003,"comment_status":"","ping_status":"","sticky":false,"template":"","format":"standard","meta":{"footnotes":""},"categories":[1586],"tags":[1392,11,1674,1777,674,1011,27,1061,1251,12,25,3400,1390],"class_list":{"0":"post-157002","1":"post","2":"type-post","3":"status-publish","4":"format-standard","5":"has-post-thumbnail","7":"category-europe","8":"tag-a-la-une-local","9":"tag-actualites","10":"tag-communes","11":"tag-eu","12":"tag-europe","13":"tag-fr","14":"tag-france","15":"tag-immigration","16":"tag-migrants","17":"tag-news","18":"tag-republique-francaise","19":"tag-solidarite","20":"tag-tours"},"share_on_mastodon":{"url":"https:\/\/pubeurope.com\/@fr\/114637548028686486","error":""},"_links":{"self":[{"href":"https:\/\/www.europesays.com\/fr\/wp-json\/wp\/v2\/posts\/157002","targetHints":{"allow":["GET"]}}],"collection":[{"href":"https:\/\/www.europesays.com\/fr\/wp-json\/wp\/v2\/posts"}],"about":[{"href":"https:\/\/www.europesays.com\/fr\/wp-json\/wp\/v2\/types\/post"}],"author":[{"embeddable":true,"href":"https:\/\/www.europesays.com\/fr\/wp-json\/wp\/v2\/users\/2"}],"replies":[{"embeddable":true,"href":"https:\/\/www.europesays.com\/fr\/wp-json\/wp\/v2\/comments?post=157002"}],"version-history":[{"count":0,"href":"https:\/\/www.europesays.com\/fr\/wp-json\/wp\/v2\/posts\/157002\/revisions"}],"wp:featuredmedia":[{"embeddable":true,"href":"https:\/\/www.europesays.com\/fr\/wp-json\/wp\/v2\/media\/157003"}],"wp:attachment":[{"href":"https:\/\/www.europesays.com\/fr\/wp-json\/wp\/v2\/media?parent=157002"}],"wp:term":[{"taxonomy":"category","embeddable":true,"href":"https:\/\/www.europesays.com\/fr\/wp-json\/wp\/v2\/categories?post=157002"},{"taxonomy":"post_tag","embeddable":true,"href":"https:\/\/www.europesays.com\/fr\/wp-json\/wp\/v2\/tags?post=157002"}],"curies":[{"name":"wp","href":"https:\/\/api.w.org\/{rel}","templated":true}]}}