{"id":157004,"date":"2025-06-06T17:15:09","date_gmt":"2025-06-06T17:15:09","guid":{"rendered":"https:\/\/www.europesays.com\/fr\/157004\/"},"modified":"2025-06-06T17:15:09","modified_gmt":"2025-06-06T17:15:09","slug":"le-president-du-conseil-europeen-recu-par-leon-xiv","status":"publish","type":"post","link":"https:\/\/www.europesays.com\/fr\/157004\/","title":{"rendered":"Le pr\u00e9sident du Conseil europ\u00e9en re\u00e7u par L\u00e9on XIV"},"content":{"rendered":"<p>L\u00e9on XIV a re\u00e7u vendredi 6 juin en audience le pr\u00e9sident du Conseil europ\u00e9en, Antonio Costa. Comme le veut le protocole, ce dernier a ensuite \u00e9t\u00e9 re\u00e7u par le cardinal Pietro Parolin, secr\u00e9taire d\u2019Etat, et Mgr Miros\u0142aw Wachowski, sous-secr\u00e9taire pour les relations avec les \u00c9tats.<\/p>\n<p><b>Vatican News<\/b><\/p>\n<p>Selon le communiqu\u00e9 de la salle de presse du Saint-Si\u00e8ge, publi\u00e9 dans l&rsquo;apr\u00e8s-midi du vendredi 6 juin,\u00a0\u00abLes bonnes relations bilat\u00e9rales entre le Saint-Si\u00e8ge et l\u2019Union Europ\u00e9enne ont \u00e9t\u00e9 soulign\u00e9es, ainsi que la volont\u00e9 d\u2019intensifier encore le dialogue sur des th\u00e8mes d\u2019int\u00e9r\u00eat commun, en particulier en ce qui concerne la proposition d\u2019instituer un fonds mondial pour \u00e9liminer la faim dans le monde et favoriser le d\u00e9veloppement des pays les plus pauvres.\u00bb<\/p>\n<p>Les discussions ont \u00e9t\u00e9 \u00e9galement port\u00e9 sur les guerres en Ukraine et \u00e0 Gaza, ajoute le communiqu\u00e9.<\/p>\n<p>     <a href=\"https:\/\/www.vaticannews.va\/fr\/pape\/news\/2025-06\/leon-xiv-a-recu-le-president-italien-sergio-mattarella.html\" title=\"L\u00e9on XIV a re\u00e7u le pr\u00e9sident italien Sergio Mattarella \" target=\"_blank\" rel=\"noopener\"><\/p>\n<p>        <img decoding=\"async\" src=\"data:image\/gif;base64,R0lGODlhAQABAIAAAAAAAP\/\/\/yH5BAEAAAAALAAAAAABAAEAAAIBRAA7\" data-original=\"https:\/\/www.vaticannews.va\/content\/dam\/vaticannews\/agenzie\/images\/srv\/2025\/06\/06\/2025-06-06-seconda-parte-s-e--il-signor-sergio-mattarella--presi\/1749200522393.JPG\/_jcr_content\/renditions\/cq5dam.thumbnail.cropped.500.281.jpeg\" alt=\"L\u00e9on XIV a re\u00e7u le pr\u00e9sident italien Sergio Mattarella \"\/><\/p>\n<p>      <\/a><\/p>\n<p>\n      Premi\u00e8re rencontre officielle au Vatican entre le Pape et le chef de l&rsquo;\u00c9tat italien, accompagn\u00e9 de sa famille et de la d\u00e9l\u00e9gation officielle. Un dialogue confidentiel d&rsquo;une heure, &#8230;\n     <\/p>\n","protected":false},"excerpt":{"rendered":"L\u00e9on XIV a re\u00e7u vendredi 6 juin en audience le pr\u00e9sident du Conseil europ\u00e9en, Antonio Costa. Comme le&hellip;\n","protected":false},"author":2,"featured_media":157005,"comment_status":"","ping_status":"","sticky":false,"template":"","format":"standard","meta":{"footnotes":""},"categories":[1586],"tags":[11,312,1777,674,1779,1011,27,10683,12,25,1778,364],"class_list":{"0":"post-157004","1":"post","2":"type-post","3":"status-publish","4":"format-standard","5":"has-post-thumbnail","7":"category-europe","8":"tag-actualites","9":"tag-diplomatie","10":"tag-eu","11":"tag-europe","12":"tag-european-union","13":"tag-fr","14":"tag-france","15":"tag-institutions-europeennes","16":"tag-news","17":"tag-republique-francaise","18":"tag-ue","19":"tag-union-europeenne"},"share_on_mastodon":{"url":"https:\/\/pubeurope.com\/@fr\/114637551967626770","error":""},"_links":{"self":[{"href":"https:\/\/www.europesays.com\/fr\/wp-json\/wp\/v2\/posts\/157004","targetHints":{"allow":["GET"]}}],"collection":[{"href":"https:\/\/www.europesays.com\/fr\/wp-json\/wp\/v2\/posts"}],"about":[{"href":"https:\/\/www.europesays.com\/fr\/wp-json\/wp\/v2\/types\/post"}],"author":[{"embeddable":true,"href":"https:\/\/www.europesays.com\/fr\/wp-json\/wp\/v2\/users\/2"}],"replies":[{"embeddable":true,"href":"https:\/\/www.europesays.com\/fr\/wp-json\/wp\/v2\/comments?post=157004"}],"version-history":[{"count":0,"href":"https:\/\/www.europesays.com\/fr\/wp-json\/wp\/v2\/posts\/157004\/revisions"}],"wp:featuredmedia":[{"embeddable":true,"href":"https:\/\/www.europesays.com\/fr\/wp-json\/wp\/v2\/media\/157005"}],"wp:attachment":[{"href":"https:\/\/www.europesays.com\/fr\/wp-json\/wp\/v2\/media?parent=157004"}],"wp:term":[{"taxonomy":"category","embeddable":true,"href":"https:\/\/www.europesays.com\/fr\/wp-json\/wp\/v2\/categories?post=157004"},{"taxonomy":"post_tag","embeddable":true,"href":"https:\/\/www.europesays.com\/fr\/wp-json\/wp\/v2\/tags?post=157004"}],"curies":[{"name":"wp","href":"https:\/\/api.w.org\/{rel}","templated":true}]}}