{"id":157018,"date":"2025-06-06T17:24:15","date_gmt":"2025-06-06T17:24:15","guid":{"rendered":"https:\/\/www.europesays.com\/fr\/157018\/"},"modified":"2025-06-06T17:24:15","modified_gmt":"2025-06-06T17:24:15","slug":"je-veux-rester-chez-ducati","status":"publish","type":"post","link":"https:\/\/www.europesays.com\/fr\/157018\/","title":{"rendered":"Je veux rester chez Ducati"},"content":{"rendered":"<p><a href=\"https:\/\/fr.motorsport.com\/driver\/pecco-bagnaia\/109394\/\" target=\"_blank\" rel=\"noopener\">Pecco Bagnaia<\/a> vit pour le moment une saison 2025 en dessous de ses attentes. Entre une Ducati version GP25 qui lui a fait perdre ses sensations sur l&rsquo;avant et un <a href=\"https:\/\/fr.motorsport.com\/driver\/marc-marquez\/92646\/\" target=\"_blank\" rel=\"noopener\">Marc M\u00e1rquez<\/a> dominateur depuis qu&rsquo;il est arriv\u00e9 \u00e0 ses c\u00f4t\u00e9s, l&rsquo;Italien peine \u00e0 rivaliser au <a href=\"https:\/\/fr.motorsport.com\/motogp\/standings\/2025\/\" target=\"_blank\" rel=\"noopener\">championnat<\/a> et pointe \u00e0 72 points de son co\u00e9quipier. De quoi alimenter des rumeurs de d\u00e9part d\u00e8s la fin de saison, malgr\u00e9 un contrat en bonne et due forme pour la saison 2026.<\/p>\n<p>Ces rumeurs ont notamment envoy\u00e9 Bagnaia chez Yamaha, qui aurait la volont\u00e9 de renforcer ses \u00e9quipes. <a href=\"https:\/\/fr.motorsport.com\/driver\/fabio-quartararo\/109400\/\" target=\"_blank\" rel=\"noopener\">Fabio Quartararo<\/a> est d\u00e9j\u00e0 sous contrat avec l&rsquo;\u00e9quipe officielle pour la saison prochaine et des contacts avec <a href=\"https:\/\/fr.motorsport.com\/driver\/toprak-razgatlioglu\/178502\/\" target=\"_blank\" rel=\"noopener\">Toprak Razgatlioglu<\/a>, qui pourrait \u00eatre plac\u00e9 chez Pramac, ont \u00e9t\u00e9 confirm\u00e9s.<\/p>\n<p>Lire aussi :<\/p>\n<p>La volont\u00e9 de <a href=\"https:\/\/fr.motorsport.com\/driver\/jorge-martin\/109391\/\" target=\"_blank\" rel=\"noopener\">Jorge Mart\u00edn<\/a> de se d\u00e9faire de son accord avec Aprilia semble en plus augurer d&rsquo;un march\u00e9 des transferts tr\u00e8s anim\u00e9, mais Bagnaia assure qu&rsquo;il n&rsquo;y prendra part. Fid\u00e8le \u00e0 <a href=\"https:\/\/fr.motorsport.com\/motogp\/news\/bagnaia-signe-contrat-faut-respecter\/10725132\/\" target=\"_blank\" rel=\"noopener\">la ligne affich\u00e9e \u00e0 Silverstone quand il a \u00e9t\u00e9 questionn\u00e9 sur le cas Mart\u00edn<\/a>, il entend bien honorer son accord avec Ducati jusqu&rsquo;\u00e0 son terme et surtout, il affirme n&rsquo;avoir aucune volont\u00e9 de changer d&rsquo;air.<\/p>\n<p>\u00ab\u00a0Je ne comprends pas pourquoi [il y a cette rumeur]\u00a0\u00bb, a comment\u00e9 Bagnaia ce vendredi. \u00ab\u00a0Il y a un contrat sign\u00e9, et le jeudi de Silverstone je vous ai dit que je ne renoncerai jamais \u00e0 ce que j&rsquo;ai sign\u00e9. C&rsquo;est une chose qui n&rsquo;a jamais chang\u00e9 dans ma vie. Je veux rester chez Ducati, Ducati veut que je reste jusqu&rsquo;\u00e0 la fin de mon contrat, et pour le prochain. Je ne sais pas pourquoi [il y a cette rumeur].\u00a0\u00bb<\/p>\n<p>Bagnaia comprend n\u00e9anmoins que certains observateurs l&rsquo;imaginent changer d&rsquo;air en raison de ses difficult\u00e9s actuelles : \u00ab\u00a0J&rsquo;ai entendu beaucoup de choses, j&rsquo;ai vu beaucoup de publications avec moi en combinaison bleu&#8230; C&rsquo;est vrai qu&rsquo;avec un pilote comme moi, pas en crise mais dans un moment difficile, les gens peuvent se dire &lsquo;Peut-\u00eatre qu&rsquo;il va partir&rsquo; mais ce n&rsquo;est pas ce qui m&rsquo;arrive actuellement.\u00a0\u00bb<\/p>\n<p>\u00ab\u00a0C&rsquo;est une chose que je ne comprends pas&#8230;\u00a0\u00bb, a r\u00e9sum\u00e9 Bagnaia \u00e0 la fin de son intervention.<\/p>\n<p>Lire aussi :<\/p>\n<p>Dans cet article<\/p>\n<p>    Vincent Lalanne-Sicaud\n<\/p>\n<p>    MotoGP\n<\/p>\n<p>    Pecco Bagnaia\n<\/p>\n<p>    Yamaha Factory Racing\n<\/p>\n<p>    Ducati Team\n<\/p>\n<p>Soyez le premier inform\u00e9 et souscrivez aux alertes mails pour recevoir les infos en temps r\u00e9el<\/p>\n<p>    S&rsquo;abonner aux alertes de news<\/p>\n","protected":false},"excerpt":{"rendered":"Pecco Bagnaia vit pour le moment une saison 2025 en dessous de ses attentes. Entre une Ducati version&hellip;\n","protected":false},"author":2,"featured_media":157019,"comment_status":"","ping_status":"","sticky":false,"template":"","format":"standard","meta":{"footnotes":""},"categories":[1413],"tags":[4950,1011,27,1457,1456,1458,4951,60,3796],"class_list":{"0":"post-157018","1":"post","2":"type-post","3":"status-publish","4":"format-standard","5":"has-post-thumbnail","7":"category-moto","8":"tag-ducati-team","9":"tag-fr","10":"tag-france","11":"tag-moto","12":"tag-motocycle","13":"tag-motogp","14":"tag-pecco-bagnaia","15":"tag-sports","16":"tag-yamaha-factory-racing"},"share_on_mastodon":{"url":"https:\/\/pubeurope.com\/@fr\/114637587287338041","error":""},"_links":{"self":[{"href":"https:\/\/www.europesays.com\/fr\/wp-json\/wp\/v2\/posts\/157018","targetHints":{"allow":["GET"]}}],"collection":[{"href":"https:\/\/www.europesays.com\/fr\/wp-json\/wp\/v2\/posts"}],"about":[{"href":"https:\/\/www.europesays.com\/fr\/wp-json\/wp\/v2\/types\/post"}],"author":[{"embeddable":true,"href":"https:\/\/www.europesays.com\/fr\/wp-json\/wp\/v2\/users\/2"}],"replies":[{"embeddable":true,"href":"https:\/\/www.europesays.com\/fr\/wp-json\/wp\/v2\/comments?post=157018"}],"version-history":[{"count":0,"href":"https:\/\/www.europesays.com\/fr\/wp-json\/wp\/v2\/posts\/157018\/revisions"}],"wp:featuredmedia":[{"embeddable":true,"href":"https:\/\/www.europesays.com\/fr\/wp-json\/wp\/v2\/media\/157019"}],"wp:attachment":[{"href":"https:\/\/www.europesays.com\/fr\/wp-json\/wp\/v2\/media?parent=157018"}],"wp:term":[{"taxonomy":"category","embeddable":true,"href":"https:\/\/www.europesays.com\/fr\/wp-json\/wp\/v2\/categories?post=157018"},{"taxonomy":"post_tag","embeddable":true,"href":"https:\/\/www.europesays.com\/fr\/wp-json\/wp\/v2\/tags?post=157018"}],"curies":[{"name":"wp","href":"https:\/\/api.w.org\/{rel}","templated":true}]}}